{"id":29174,"date":"2026-04-29T18:52:23","date_gmt":"2026-04-29T21:52:23","guid":{"rendered":"https:\/\/novosaopaulo.com.br\/n1\/?p=29174"},"modified":"2026-04-29T18:52:23","modified_gmt":"2026-04-29T21:52:23","slug":"deputado-federal-mauricio-neves-propoe-geracao-livre-de-fumo-no-brasil","status":"publish","type":"post","link":"https:\/\/novosaopaulo.com.br\/n1\/deputado-federal-mauricio-neves-propoe-geracao-livre-de-fumo-no-brasil\/","title":{"rendered":"Deputado Federal Mauricio Neves prop\u00f5e gera\u00e7\u00e3o livre de fumo no Brasil"},"content":{"rendered":"\n<p>Projeto inspirado em modelo brit\u00e2nico pro\u00edbe venda de tabaco para nascidos a partir de 2009<\/p>\n\n\n\n<p>O deputado federal Mauricio Neves (Progressistas\/SP) protocolou na C\u00e2mara dos Deputados um projeto de lei que pro\u00edbe a venda de produtos de tabaco e nicotina para pessoas nascidas a partir de 1\u00ba de janeiro de 2009. A proposta cria, na pr\u00e1tica, a primeira gera\u00e7\u00e3o livre de fumo no Brasil e estabelece um novo marco no combate ao tabagismo no pa\u00eds.<\/p>\n\n\n\n<p>O Projeto de Lei n\u00ba 1955\/2026 estabelece um modelo progressivo que acompanha o envelhecimento dessa gera\u00e7\u00e3o ao longo dos anos. Inspirado em legisla\u00e7\u00e3o recente do Reino Unido, o texto prev\u00ea que a idade m\u00ednima para a compra de cigarros, charutos, tabacos e produtos de nicotina, sejam eles eletr\u00f4nicos ou n\u00e3o, ser\u00e1 elevada gradualmente, ano a ano, impedindo que esses jovens tenham acesso legal a esses produtos em qualquer fase da vida.<\/p>\n\n\n\n<p>A medida surge em um momento de alerta, especialmente diante do avan\u00e7o do uso de cigarros eletr\u00f4nicos entre adolescentes. O crescimento dos chamados vapes tem preocupado autoridades de sa\u00fade p\u00fablica, j\u00e1 que esses dispositivos funcionam como porta de entrada para o v\u00edcio em nicotina e aumentam significativamente o risco de depend\u00eancia precoce.<\/p>\n\n\n\n<p>\u201cEstamos falando de proteger uma gera\u00e7\u00e3o inteira antes que ela seja capturada pelo v\u00edcio. O cigarro ainda \u00e9 a principal causa de mortes evit\u00e1veis no mundo, e os vapes t\u00eam se tornado a principal porta de entrada para a depend\u00eancia entre jovens\u201d, afirma o parlamentar.<\/p>\n\n\n\n<p>Pelo texto apresentado, a regra come\u00e7a a valer de forma escalonada a partir de 2027. A idade m\u00ednima para compra ser\u00e1 de 19 anos, passando para 20 em 2028, e assim sucessivamente. Com o avan\u00e7o dessa pol\u00edtica ao longo do tempo, a proibi\u00e7\u00e3o se tornar\u00e1 permanente para todos os nascidos a partir de 2009.<\/p>\n","protected":false},"excerpt":{"rendered":"<p>Projeto inspirado em modelo brit\u00e2nico pro\u00edbe venda de tabaco para nascidos a partir de 2009&#8230;<\/p>\n","protected":false},"author":1,"featured_media":29175,"comment_status":"open","ping_status":"open","sticky":false,"template":"","format":"standard","meta":{"footnotes":""},"categories":[2],"tags":[],"featured_image_urls":{"full":["https:\/\/novosaopaulo.com.br\/n1\/wp-content\/uploads\/2026\/04\/WhatsApp-Image-2026-04-29-at-18.00.59.jpeg",1080,705,false],"thumbnail":["https:\/\/novosaopaulo.com.br\/n1\/wp-content\/uploads\/2026\/04\/WhatsApp-Image-2026-04-29-at-18.00.59-150x150.jpeg",150,150,true],"medium":["https:\/\/novosaopaulo.com.br\/n1\/wp-content\/uploads\/2026\/04\/WhatsApp-Image-2026-04-29-at-18.00.59-300x196.jpeg",300,196,true],"medium_large":["https:\/\/novosaopaulo.com.br\/n1\/wp-content\/uploads\/2026\/04\/WhatsApp-Image-2026-04-29-at-18.00.59-768x501.jpeg",640,418,true],"large":["https:\/\/novosaopaulo.com.br\/n1\/wp-content\/uploads\/2026\/04\/WhatsApp-Image-2026-04-29-at-18.00.59-1024x668.jpeg",640,418,true],"1536x1536":["https:\/\/novosaopaulo.com.br\/n1\/wp-content\/uploads\/2026\/04\/WhatsApp-Image-2026-04-29-at-18.00.59.jpeg",1080,705,false],"2048x2048":["https:\/\/novosaopaulo.com.br\/n1\/wp-content\/uploads\/2026\/04\/WhatsApp-Image-2026-04-29-at-18.00.59.jpeg",1080,705,false],"newsever-slider-full":["https:\/\/novosaopaulo.com.br\/n1\/wp-content\/uploads\/2026\/04\/WhatsApp-Image-2026-04-29-at-18.00.59.jpeg",1080,705,false],"newsever-featured":["https:\/\/novosaopaulo.com.br\/n1\/wp-content\/uploads\/2026\/04\/WhatsApp-Image-2026-04-29-at-18.00.59-1024x668.jpeg",1024,668,true],"newsever-medium":["https:\/\/novosaopaulo.com.br\/n1\/wp-content\/uploads\/2026\/04\/WhatsApp-Image-2026-04-29-at-18.00.59-720x475.jpeg",720,475,true]},"author_info":{"display_name":"Reda\u00e7\u00e3o","author_link":"https:\/\/novosaopaulo.com.br\/n1\/author\/g5poa\/"},"category_info":"<a href=\"https:\/\/novosaopaulo.com.br\/n1\/category\/cidades\/\" rel=\"category tag\">Cidades<\/a>","tag_info":"Cidades","comment_count":"0","_links":{"self":[{"href":"https:\/\/novosaopaulo.com.br\/n1\/wp-json\/wp\/v2\/posts\/29174"}],"collection":[{"href":"https:\/\/novosaopaulo.com.br\/n1\/wp-json\/wp\/v2\/posts"}],"about":[{"href":"https:\/\/novosaopaulo.com.br\/n1\/wp-json\/wp\/v2\/types\/post"}],"author":[{"embeddable":true,"href":"https:\/\/novosaopaulo.com.br\/n1\/wp-json\/wp\/v2\/users\/1"}],"replies":[{"embeddable":true,"href":"https:\/\/novosaopaulo.com.br\/n1\/wp-json\/wp\/v2\/comments?post=29174"}],"version-history":[{"count":1,"href":"https:\/\/novosaopaulo.com.br\/n1\/wp-json\/wp\/v2\/posts\/29174\/revisions"}],"predecessor-version":[{"id":29176,"href":"https:\/\/novosaopaulo.com.br\/n1\/wp-json\/wp\/v2\/posts\/29174\/revisions\/29176"}],"wp:featuredmedia":[{"embeddable":true,"href":"https:\/\/novosaopaulo.com.br\/n1\/wp-json\/wp\/v2\/media\/29175"}],"wp:attachment":[{"href":"https:\/\/novosaopaulo.com.br\/n1\/wp-json\/wp\/v2\/media?parent=29174"}],"wp:term":[{"taxonomy":"category","embeddable":true,"href":"https:\/\/novosaopaulo.com.br\/n1\/wp-json\/wp\/v2\/categories?post=29174"},{"taxonomy":"post_tag","embeddable":true,"href":"https:\/\/novosaopaulo.com.br\/n1\/wp-json\/wp\/v2\/tags?post=29174"}],"curies":[{"name":"wp","href":"https:\/\/api.w.org\/{rel}","templated":true}]}}