{"id":29167,"date":"2026-04-29T18:49:03","date_gmt":"2026-04-29T21:49:03","guid":{"rendered":"https:\/\/novosaopaulo.com.br\/n1\/?p=29167"},"modified":"2026-04-29T18:49:04","modified_gmt":"2026-04-29T21:49:04","slug":"pavilhao-japones-realiza-hachimitsu-matsuri-2026-festival-dedicado-as-abelhas-e-ao-mel","status":"publish","type":"post","link":"https:\/\/novosaopaulo.com.br\/n1\/pavilhao-japones-realiza-hachimitsu-matsuri-2026-festival-dedicado-as-abelhas-e-ao-mel\/","title":{"rendered":"Pavilh\u00e3o Japon\u00eas realiza Hachimitsu Matsuri 2026, festival dedicado \u00e0s abelhas e ao mel"},"content":{"rendered":"\n<p>Programe-se para participar desse evento no Pavilh\u00e3o Japon\u00eas dentro do Parque do Ibirapuera, com atividades ligadas ao mel e \u00e0s abelhas nativas<\/p>\n\n\n\n<p>Rec\u00e9m-reformado, o Pavilh\u00e3o Japon\u00eas do Parque do Ibirapuera, em parceria com o Cole\u00e7\u00e3o Abelhas, realiza a 5a edi\u00e7\u00e3o do Hachimitsu Matsuri, com bazar, atividades, exposi\u00e7\u00e3o de fotos, palestras, workshops e convidados especiais. Em japon\u00eas, &#8220;hachimitsu&#8221; significa mel de abelha, e &#8220;matsuri&#8221;, festival. O evento acontece nos dias 30 de Abril, 01, 02 e 03 de Maio.<\/p>\n\n\n\n<p>&#8220;O Hachimitsu Matsuri cresceu ainda mais. Teremos os expositores, palestras e workshops bastante durante os quatro dias de evento, al\u00e9m de novidades como o III Concurso de Fotografia e as atividades especiais de flash tattoo e live painting. Sentimos que o interesse pelas abelhas \u00e9 cada vez maior, e um evento totalmente dedicado \u00e0 elas \u00e9 uma grande ferramenta para sua conserva\u00e7\u00e3o. Sempre podemos considerar aquela m\u00e1xima, de que s\u00f3 protegemos aquilo que conhecemos&#8221;, comenta o coordenador do evento, Fl\u00e1vio Yamamoto.<\/p>\n\n\n\n<p>Entre os expositores, destaques para marcas como Amb\u00e1 Amb\u00e1, Api\u00e1rio Tio Rozalvo, Beeleza Brasil, Casa Hive, Debora Bove Velas, \u00c9 toda Fruta, Entomolojinha, Envolve Bioembalagens, Fabiana Shizue, Gusta Doces, Jata\u00ed Bordados, Leonardo Amaro Art, Mel no Jardim, Melipon\u00e1rio AibNbee, Melipon\u00e1rio Sampaio, Misso Karai, Paladino.art, Polinizador de Afetos, Piccolo Gelateria, Tha\u00eds Kato, Vendrasco Abelhas, com produtos ligados a abelhas e mel. A Na Na Ya Patisserie preparar\u00e1 um card\u00e1pio especial para o evento, com doces e bebidas \u00e0 base de mel.<\/p>\n\n\n\n<p>O Brasil possui mais de 300 esp\u00e9cies de abelhas nativas, que s\u00e3o menores e mais mansas e delicadas que as esp\u00e9cies africanizadas, as abelhas listradas mais reconhecidas. Elas vivem em colmeias menos numerosas e, portanto, produzem menor quantidade de mel, que \u00e9 delicioso e muito valorizado.<\/p>\n\n\n\n<p>O evento tem patroc\u00ednio da Fujifilm e do Bunkyo. As novidades para 2026 incluem a tradicional feira, palestras, oficinas para adultos e crian\u00e7as, exibi\u00e7\u00e3o de filmes e curtas, apresenta\u00e7\u00e3o musical e uma outra novidade \u00e9 a Stamp Rally, uma pr\u00e1tica comum no Jap\u00e3o, onde os turistas carimbam cadernos conforme v\u00e3o visitando os lugares.<\/p>\n\n\n\n<p>Um destaque desse ano \u00e9 o III Concurso de Fotografia, com exposi\u00e7\u00e3o dos melhores trabalhos nas categorias Meliponini (abelhas sem ferr\u00e3o), Euglossini (abelhas das orqu\u00eddeas) e semi sociais e premia\u00e7\u00e3o de uma c\u00e2mera Instax para os vencedores.<\/p>\n\n\n\n<p>Entre as palestras, destaques para temas importantes e pouco divulgados, como reconhecer um mel de qualidade e fraudes, bebidas \u00e0 base de mel, a rela\u00e7\u00e3o de abelhas e produ\u00e7\u00e3o de alimentos, rela\u00e7\u00e3o de leveduras dentro das colm\u00e9ias, Abelha, l\u00edngua e cultura japonesa entre outras tem\u00e1ticas, al\u00e9m de atividades educativas para as crian\u00e7as e para adultos.<\/p>\n\n\n\n<p>&#8220;As abelhas s\u00e3o de suma import\u00e2ncia para a nossa sobreviv\u00eancia, cerca de 70% de toda alimenta\u00e7\u00e3o humana precisa da poliniza\u00e7\u00e3o direta e indireta das abelhas, ent\u00e3o falar das abelhas \u00e9 muito importante para todo mundo. Esse evento possibilita mostrar que existe uma diversidade gigantesca de esp\u00e9cies, e abre a oportunidade de falar tamb\u00e9m da diversidade das nossas abelhas nativas&#8221;, comemora Fl\u00e1vio.<\/p>\n","protected":false},"excerpt":{"rendered":"<p>Programe-se para participar desse evento no Pavilh\u00e3o Japon\u00eas dentro do Parque do Ibirapuera, com atividades&#8230;<\/p>\n","protected":false},"author":1,"featured_media":29168,"comment_status":"open","ping_status":"open","sticky":false,"template":"","format":"standard","meta":{"footnotes":""},"categories":[2],"tags":[],"featured_image_urls":{"full":["https:\/\/novosaopaulo.com.br\/n1\/wp-content\/uploads\/2026\/04\/WhatsApp-Image-2026-04-29-at-17.43.05.jpeg",1000,1600,false],"thumbnail":["https:\/\/novosaopaulo.com.br\/n1\/wp-content\/uploads\/2026\/04\/WhatsApp-Image-2026-04-29-at-17.43.05-150x150.jpeg",150,150,true],"medium":["https:\/\/novosaopaulo.com.br\/n1\/wp-content\/uploads\/2026\/04\/WhatsApp-Image-2026-04-29-at-17.43.05-188x300.jpeg",188,300,true],"medium_large":["https:\/\/novosaopaulo.com.br\/n1\/wp-content\/uploads\/2026\/04\/WhatsApp-Image-2026-04-29-at-17.43.05-768x1229.jpeg",640,1024,true],"large":["https:\/\/novosaopaulo.com.br\/n1\/wp-content\/uploads\/2026\/04\/WhatsApp-Image-2026-04-29-at-17.43.05-640x1024.jpeg",640,1024,true],"1536x1536":["https:\/\/novosaopaulo.com.br\/n1\/wp-content\/uploads\/2026\/04\/WhatsApp-Image-2026-04-29-at-17.43.05-960x1536.jpeg",960,1536,true],"2048x2048":["https:\/\/novosaopaulo.com.br\/n1\/wp-content\/uploads\/2026\/04\/WhatsApp-Image-2026-04-29-at-17.43.05.jpeg",1000,1600,false],"newsever-slider-full":["https:\/\/novosaopaulo.com.br\/n1\/wp-content\/uploads\/2026\/04\/WhatsApp-Image-2026-04-29-at-17.43.05-1000x845.jpeg",1000,845,true],"newsever-featured":["https:\/\/novosaopaulo.com.br\/n1\/wp-content\/uploads\/2026\/04\/WhatsApp-Image-2026-04-29-at-17.43.05.jpeg",1000,1600,false],"newsever-medium":["https:\/\/novosaopaulo.com.br\/n1\/wp-content\/uploads\/2026\/04\/WhatsApp-Image-2026-04-29-at-17.43.05-720x475.jpeg",720,475,true]},"author_info":{"display_name":"Reda\u00e7\u00e3o","author_link":"https:\/\/novosaopaulo.com.br\/n1\/author\/g5poa\/"},"category_info":"<a href=\"https:\/\/novosaopaulo.com.br\/n1\/category\/cidades\/\" rel=\"category tag\">Cidades<\/a>","tag_info":"Cidades","comment_count":"0","_links":{"self":[{"href":"https:\/\/novosaopaulo.com.br\/n1\/wp-json\/wp\/v2\/posts\/29167"}],"collection":[{"href":"https:\/\/novosaopaulo.com.br\/n1\/wp-json\/wp\/v2\/posts"}],"about":[{"href":"https:\/\/novosaopaulo.com.br\/n1\/wp-json\/wp\/v2\/types\/post"}],"author":[{"embeddable":true,"href":"https:\/\/novosaopaulo.com.br\/n1\/wp-json\/wp\/v2\/users\/1"}],"replies":[{"embeddable":true,"href":"https:\/\/novosaopaulo.com.br\/n1\/wp-json\/wp\/v2\/comments?post=29167"}],"version-history":[{"count":1,"href":"https:\/\/novosaopaulo.com.br\/n1\/wp-json\/wp\/v2\/posts\/29167\/revisions"}],"predecessor-version":[{"id":29169,"href":"https:\/\/novosaopaulo.com.br\/n1\/wp-json\/wp\/v2\/posts\/29167\/revisions\/29169"}],"wp:featuredmedia":[{"embeddable":true,"href":"https:\/\/novosaopaulo.com.br\/n1\/wp-json\/wp\/v2\/media\/29168"}],"wp:attachment":[{"href":"https:\/\/novosaopaulo.com.br\/n1\/wp-json\/wp\/v2\/media?parent=29167"}],"wp:term":[{"taxonomy":"category","embeddable":true,"href":"https:\/\/novosaopaulo.com.br\/n1\/wp-json\/wp\/v2\/categories?post=29167"},{"taxonomy":"post_tag","embeddable":true,"href":"https:\/\/novosaopaulo.com.br\/n1\/wp-json\/wp\/v2\/tags?post=29167"}],"curies":[{"name":"wp","href":"https:\/\/api.w.org\/{rel}","templated":true}]}}