{"id":29164,"date":"2026-04-29T18:47:57","date_gmt":"2026-04-29T21:47:57","guid":{"rendered":"https:\/\/novosaopaulo.com.br\/n1\/?p=29164"},"modified":"2026-04-29T18:47:57","modified_gmt":"2026-04-29T21:47:57","slug":"projeto-memorias-do-ccmc-lanca-novos-episodios-com-historias-de-associados","status":"publish","type":"post","link":"https:\/\/novosaopaulo.com.br\/n1\/projeto-memorias-do-ccmc-lanca-novos-episodios-com-historias-de-associados\/","title":{"rendered":"Projeto \u201cMem\u00f3rias do CCMC\u201d lan\u00e7a novos epis\u00f3dios com hist\u00f3rias de associados"},"content":{"rendered":"\n<p>S\u00e9rie documenta relatos sobre a rela\u00e7\u00e3o com o clube ao longo de v\u00e1rias gera\u00e7\u00f5es; entrevista com Tanya Mont\u00e1 foi ao ar esta semana<\/p>\n\n\n\n<p>O Clube de Campo de Mogi das Cruzes lan\u00e7ou novos epis\u00f3dios do projeto \u201cMem\u00f3rias do CCMC\u201d, iniciativa lan\u00e7ada em 2023 com o objetivo de registrar e compartilhar a trajet\u00f3ria da institui\u00e7\u00e3o por meio de relatos de associados. A proposta re\u00fane hist\u00f3rias pessoais que se conectam \u00e0 forma\u00e7\u00e3o e ao desenvolvimento do clube ao longo das d\u00e9cadas.<\/p>\n\n\n\n<p>Nesta semana, foi ao ar a entrevista com Tanya Mont\u00e1, conhecida como Tanynha, associada desde 1985. A participa\u00e7\u00e3o resgata diferentes momentos de sua rela\u00e7\u00e3o com o clube, iniciada ainda na inf\u00e2ncia. Ela foi a primeira integrante feminina no karat\u00ea, modalidade que praticou por dez anos, al\u00e9m de participar de atividades como t\u00eanis e nata\u00e7\u00e3o.<\/p>\n\n\n\n<p>A trajet\u00f3ria de Tanynha tamb\u00e9m inclui sua inser\u00e7\u00e3o profissional no pr\u00f3prio clube. Foi no CCMC que teve o primeiro emprego, no Departamento de Marketing, onde permaneceu por uma d\u00e9cada. A entrevista aborda ainda a rela\u00e7\u00e3o entre o clube e a Rede de Combate ao C\u00e2ncer \u201cGuiomar Pinheiro Franco\u201d, entidade na qual Tanynha \u00e9 volunt\u00e1ria h\u00e1 22 anos:<\/p>\n\n\n\n<p>\u201cA hist\u00f3ria social da Rede Feminina caminha lado a lado com a do clube. Muitos dos nossos eventos aconteceram no sal\u00e3o social, que sempre esteve dispon\u00edvel para acolher as a\u00e7\u00f5es da entidade, inclusive com campanhas ao longo do ano com verba revertida para a rede\u201d, afirma.<\/p>\n\n\n\n<p>A programa\u00e7\u00e3o prev\u00ea novas entrevistas para o m\u00eas de maio. Entre os convidados est\u00e1 Ademar Pinto, o Dema, associado h\u00e1 40 anos, que abordar\u00e1 sua rela\u00e7\u00e3o com o clube e a participa\u00e7\u00e3o nas atividades ligadas ao carnaval. Tamb\u00e9m est\u00e1 prevista a participa\u00e7\u00e3o de Jos\u00e9 Machado e Eliana Zendron, casal associado h\u00e1 mais de 50 anos, que compartilhar\u00e1 experi\u00eancias relacionadas \u00e0 conviv\u00eancia no clube e \u00e0 cria\u00e7\u00e3o dos filhos no complexo de esportes e lazer mogiano.<\/p>\n\n\n\n<p>O presidente Waldir Fernandes da Costa destaca que a iniciativa, lan\u00e7ada na gest\u00e3o anterior, desempenha um papel importante na preserva\u00e7\u00e3o da mem\u00f3ria institucional:<\/p>\n\n\n\n<p>\u201cO \u2018Mem\u00f3rias do CCMC\u2019 fortalece o registro da hist\u00f3ria do clube a partir de quem a construiu no dia a dia. Valorizar os associados \u00e9 reconhecer a import\u00e2ncia de cada trajet\u00f3ria para a forma\u00e7\u00e3o da institui\u00e7\u00e3o\u201d.<\/p>\n\n\n\n<p>Todos os epis\u00f3dios do projeto \u201cMem\u00f3rias do CCMC\u201d est\u00e3o dispon\u00edveis e podem ser assistidos no canal oficial do clube no YouTube (https:\/\/www.youtube.com\/@ClubeCCMC).<\/p>\n","protected":false},"excerpt":{"rendered":"<p>S\u00e9rie documenta relatos sobre a rela\u00e7\u00e3o com o clube ao longo de v\u00e1rias gera\u00e7\u00f5es; entrevista&#8230;<\/p>\n","protected":false},"author":1,"featured_media":29165,"comment_status":"open","ping_status":"open","sticky":false,"template":"","format":"standard","meta":{"footnotes":""},"categories":[2],"tags":[],"featured_image_urls":{"full":["https:\/\/novosaopaulo.com.br\/n1\/wp-content\/uploads\/2026\/04\/WhatsApp-Image-2026-04-29-at-17.03.12.jpeg",1599,1262,false],"thumbnail":["https:\/\/novosaopaulo.com.br\/n1\/wp-content\/uploads\/2026\/04\/WhatsApp-Image-2026-04-29-at-17.03.12-150x150.jpeg",150,150,true],"medium":["https:\/\/novosaopaulo.com.br\/n1\/wp-content\/uploads\/2026\/04\/WhatsApp-Image-2026-04-29-at-17.03.12-300x237.jpeg",300,237,true],"medium_large":["https:\/\/novosaopaulo.com.br\/n1\/wp-content\/uploads\/2026\/04\/WhatsApp-Image-2026-04-29-at-17.03.12-768x606.jpeg",640,505,true],"large":["https:\/\/novosaopaulo.com.br\/n1\/wp-content\/uploads\/2026\/04\/WhatsApp-Image-2026-04-29-at-17.03.12-1024x808.jpeg",640,505,true],"1536x1536":["https:\/\/novosaopaulo.com.br\/n1\/wp-content\/uploads\/2026\/04\/WhatsApp-Image-2026-04-29-at-17.03.12-1536x1212.jpeg",1536,1212,true],"2048x2048":["https:\/\/novosaopaulo.com.br\/n1\/wp-content\/uploads\/2026\/04\/WhatsApp-Image-2026-04-29-at-17.03.12.jpeg",1599,1262,false],"newsever-slider-full":["https:\/\/novosaopaulo.com.br\/n1\/wp-content\/uploads\/2026\/04\/WhatsApp-Image-2026-04-29-at-17.03.12-1280x845.jpeg",1280,845,true],"newsever-featured":["https:\/\/novosaopaulo.com.br\/n1\/wp-content\/uploads\/2026\/04\/WhatsApp-Image-2026-04-29-at-17.03.12-1024x808.jpeg",1024,808,true],"newsever-medium":["https:\/\/novosaopaulo.com.br\/n1\/wp-content\/uploads\/2026\/04\/WhatsApp-Image-2026-04-29-at-17.03.12-720x475.jpeg",720,475,true]},"author_info":{"display_name":"Reda\u00e7\u00e3o","author_link":"https:\/\/novosaopaulo.com.br\/n1\/author\/g5poa\/"},"category_info":"<a href=\"https:\/\/novosaopaulo.com.br\/n1\/category\/cidades\/\" rel=\"category tag\">Cidades<\/a>","tag_info":"Cidades","comment_count":"0","_links":{"self":[{"href":"https:\/\/novosaopaulo.com.br\/n1\/wp-json\/wp\/v2\/posts\/29164"}],"collection":[{"href":"https:\/\/novosaopaulo.com.br\/n1\/wp-json\/wp\/v2\/posts"}],"about":[{"href":"https:\/\/novosaopaulo.com.br\/n1\/wp-json\/wp\/v2\/types\/post"}],"author":[{"embeddable":true,"href":"https:\/\/novosaopaulo.com.br\/n1\/wp-json\/wp\/v2\/users\/1"}],"replies":[{"embeddable":true,"href":"https:\/\/novosaopaulo.com.br\/n1\/wp-json\/wp\/v2\/comments?post=29164"}],"version-history":[{"count":1,"href":"https:\/\/novosaopaulo.com.br\/n1\/wp-json\/wp\/v2\/posts\/29164\/revisions"}],"predecessor-version":[{"id":29166,"href":"https:\/\/novosaopaulo.com.br\/n1\/wp-json\/wp\/v2\/posts\/29164\/revisions\/29166"}],"wp:featuredmedia":[{"embeddable":true,"href":"https:\/\/novosaopaulo.com.br\/n1\/wp-json\/wp\/v2\/media\/29165"}],"wp:attachment":[{"href":"https:\/\/novosaopaulo.com.br\/n1\/wp-json\/wp\/v2\/media?parent=29164"}],"wp:term":[{"taxonomy":"category","embeddable":true,"href":"https:\/\/novosaopaulo.com.br\/n1\/wp-json\/wp\/v2\/categories?post=29164"},{"taxonomy":"post_tag","embeddable":true,"href":"https:\/\/novosaopaulo.com.br\/n1\/wp-json\/wp\/v2\/tags?post=29164"}],"curies":[{"name":"wp","href":"https:\/\/api.w.org\/{rel}","templated":true}]}}