{"id":29161,"date":"2026-04-29T18:47:05","date_gmt":"2026-04-29T21:47:05","guid":{"rendered":"https:\/\/novosaopaulo.com.br\/n1\/?p=29161"},"modified":"2026-04-29T18:47:06","modified_gmt":"2026-04-29T21:47:06","slug":"em-noite-de-homenagem-tenente-coimbra-anuncia-meta-de-dobrar-escolas-civico-militares-no-estado-de-sao-paulo-nao-vamos-parar","status":"publish","type":"post","link":"https:\/\/novosaopaulo.com.br\/n1\/em-noite-de-homenagem-tenente-coimbra-anuncia-meta-de-dobrar-escolas-civico-militares-no-estado-de-sao-paulo-nao-vamos-parar\/","title":{"rendered":"Em noite de homenagem, Tenente Coimbra anuncia meta de dobrar escolas c\u00edvico-militares no estado de S\u00e3o Paulo: \u201cN\u00e3o vamos parar\u201d"},"content":{"rendered":"\n<p>Ao receber T\u00edtulo de Cidad\u00e3o, na noite dessa segunda-feira (27\/4), em Mogi das Cruzes-SP, deputado autor da lei que implementa a metodologia no estado de S\u00e3o Paulo refor\u00e7ou avan\u00e7o do programa, apesar \u201cdas cr\u00edticas da Esquerda e das a\u00e7\u00f5es judiciais\u201d &#8211; todas superadas; expectativa \u00e9 que mais 100 escolas estaduais adotem modelo at\u00e9 2027<\/p>\n\n\n\n<p>O Programa C\u00edvico-Militar ser\u00e1 expandido no segundo semestre deste ano no estado de S\u00e3o Paulo, saltando de 100 para 200 escolas. A meta foi anunciada pelo deputado estadual Tenente Coimbra (PL), na noite dessa segunda-feira (27\/4), ao receber o T\u00edtulo de Cidad\u00e3o, na C\u00e2mara Municipal de Mogi das Cruzes-SP, por ser o idealizador da lei que permite a implanta\u00e7\u00e3o da metodologia no estado de S\u00e3o Paulo. Durante seu discurso, o parlamentar relembrou as cr\u00edticas e as a\u00e7\u00f5es que tentaram barrar a implanta\u00e7\u00e3o do modelo, mas garantiu: \u201cN\u00e3o vamos parar. Teremos o dobro de escolas c\u00edvico-militares no estado at\u00e9 2027\u201d.<\/p>\n\n\n\n<p>Autor da Lei Complementar 1.398\/2024, que institui o modelo educacional em solo bandeirante, Coimbra informou que a Secretaria de Educa\u00e7\u00e3o do Governo de S\u00e3o Paulo j\u00e1 se prepara para abrir inscri\u00e7\u00e3o para a ades\u00e3o de mais escolas no segundo semestre. O deferimento ou n\u00e3o, por\u00e9m, s\u00f3 acontece ap\u00f3s solicita\u00e7\u00e3o formal por parte dos diretores e da realiza\u00e7\u00e3o de debates sobre o tema com a comunidade &#8211; etapas que devem ser cumpridas at\u00e9 o fim de 2026. Com o processo conclu\u00eddo, as unidades aprovadas poder\u00e3o dar in\u00edcio \u00e0 metodologia a partir do ano que vem.<\/p>\n\n\n\n<p>Com duas escolas no modelo C\u00edvico-Militar, Mogi das Cruzes est\u00e1 em tratativas para ter uma terceira unidade deste modelo: a Escola Estadual (E.E.) \u201cProfessor Cl\u00e1udio Abrah\u00e3o\u201d, localizada na Vila Jundia\u00ed. Coimbra adiantou que cinco institui\u00e7\u00f5es de ensino do Alto Tiet\u00ea poder\u00e3o ser contempladas com o m\u00e9todo, em breve. Ao todo, a regi\u00e3o, que abarca dez munic\u00edpios, conta, hoje, com seis escolas do sistema.<\/p>\n\n\n\n<p>O parlamentar do PL disse que, apesar dos obst\u00e1culos em sua implanta\u00e7\u00e3o, entre \u201ccr\u00edticas de for\u00e7as pol\u00edticas da Esquerda e a\u00e7\u00f5es judiciais\u201d, o programa C\u00edvico-Militar \u201c\u00e9 uma feliz realidade, tem o apoio da sociedade e n\u00e3o vai parar de avan\u00e7ar\u201d:<\/p>\n\n\n\n<p>\u201cDerrubamos na Justi\u00e7a todas as a\u00e7\u00f5es que tentaram barrar o projeto e vamos continuar vencendo. N\u00e3o me importo com as cr\u00edticas vazias dos esquerdistas. O modelo C\u00edvico-Militar veio para ficar e os n\u00fameros est\u00e3o a\u00ed para provar, como o aumento em at\u00e9 20% na nota do \u00cdndice de Desenvolvimento da Educa\u00e7\u00e3o B\u00e1sica (Ideb), redu\u00e7\u00e3o de 50% de evas\u00e3o escolar e aumento de 80% da seguran\u00e7a no ambiente e no entorno escolar\u201d, defendeu o deputado.<\/p>\n\n\n\n<p>Cidad\u00e3o de Mogi das Cruzes<br>Por iniciativa do vereador Felipe Lintz (PL), Coimbra recebeu o T\u00edtulo de Cidad\u00e3o, durante sess\u00e3o solene abrigada na C\u00e2mara de Mogi das Cruzes. Este \u00e9 o terceiro diploma do tipo outorgado ao liberal, recentemente. O deputado estadual tamb\u00e9m \u00e9 Cidad\u00e3o de Palmeira D\u2019Oeste-SP e de Itariri-SP, e coleciona outras 40 homenagens semelhantes.<\/p>\n\n\n\n<p>Em pronunciamento no Plen\u00e1rio \u201cVereador Doutor Luiz Beraldo de Miranda\u201d, Coimbra<br>refor\u00e7ou o compromisso de continuar ajudando a cidade. Recentemente, o pol\u00edtico destinou R$ 700 mil em emendas para Mogi: R$ 200 mil para a Guarda Civil Municipal (GCM), R$ 250 mil para a Sele\u00e7\u00e3o Mogiana de Boxe (Amees) e R$ 250 mil \u00e0 Escola Estadual (E.E.) \u201cFrei Thimoteo Van Den Broeck\u201d.<\/p>\n\n\n\n<p>Lintz destacou a atua\u00e7\u00e3o do deputado estadual como \u201ccrucial para a consolida\u00e7\u00e3o de unidades escolares no modelo C\u00edvico-Militar no munic\u00edpio\u201d:<\/p>\n\n\n\n<p>\u201cO Tenente Coimbra atendeu aos anseios de milhares de fam\u00edlias mogianas que buscam por uma Educa\u00e7\u00e3o pautada pela disciplina, pelo civismo e pela excel\u00eancia\u201c, refor\u00e7ou.<\/p>\n\n\n\n<p>\u201cHonra ao M\u00e9rito\u201d<br>Ainda na noite dessa segunda-feira, as duas institui\u00e7\u00f5es de ensino mogianas que adotam o m\u00e9todo C\u00edvico-Militar receberam t\u00edtulos de \u201cHonra ao M\u00e9rito\u201d do Poder Legislativo local: a Escola Estadual (E.E) \u201cFrei Thim\u00f3teo Van Den Broeck\u201d, por meio de seu diretor, Rodrigo Sampaio; e a Escola Estadual (E.E.) \u201cEuryclides de Jesus Zerbini\u201d, representada por sua diretora, Irene Cabral.<\/p>\n","protected":false},"excerpt":{"rendered":"<p>Ao receber T\u00edtulo de Cidad\u00e3o, na noite dessa segunda-feira (27\/4), em Mogi das Cruzes-SP, deputado&#8230;<\/p>\n","protected":false},"author":1,"featured_media":29162,"comment_status":"open","ping_status":"open","sticky":false,"template":"","format":"standard","meta":{"footnotes":""},"categories":[2],"tags":[],"featured_image_urls":{"full":["https:\/\/novosaopaulo.com.br\/n1\/wp-content\/uploads\/2026\/04\/WhatsApp-Image-2026-04-29-at-17.01.32.jpeg",520,390,false],"thumbnail":["https:\/\/novosaopaulo.com.br\/n1\/wp-content\/uploads\/2026\/04\/WhatsApp-Image-2026-04-29-at-17.01.32-150x150.jpeg",150,150,true],"medium":["https:\/\/novosaopaulo.com.br\/n1\/wp-content\/uploads\/2026\/04\/WhatsApp-Image-2026-04-29-at-17.01.32-300x225.jpeg",300,225,true],"medium_large":["https:\/\/novosaopaulo.com.br\/n1\/wp-content\/uploads\/2026\/04\/WhatsApp-Image-2026-04-29-at-17.01.32.jpeg",520,390,false],"large":["https:\/\/novosaopaulo.com.br\/n1\/wp-content\/uploads\/2026\/04\/WhatsApp-Image-2026-04-29-at-17.01.32.jpeg",520,390,false],"1536x1536":["https:\/\/novosaopaulo.com.br\/n1\/wp-content\/uploads\/2026\/04\/WhatsApp-Image-2026-04-29-at-17.01.32.jpeg",520,390,false],"2048x2048":["https:\/\/novosaopaulo.com.br\/n1\/wp-content\/uploads\/2026\/04\/WhatsApp-Image-2026-04-29-at-17.01.32.jpeg",520,390,false],"newsever-slider-full":["https:\/\/novosaopaulo.com.br\/n1\/wp-content\/uploads\/2026\/04\/WhatsApp-Image-2026-04-29-at-17.01.32.jpeg",520,390,false],"newsever-featured":["https:\/\/novosaopaulo.com.br\/n1\/wp-content\/uploads\/2026\/04\/WhatsApp-Image-2026-04-29-at-17.01.32.jpeg",520,390,false],"newsever-medium":["https:\/\/novosaopaulo.com.br\/n1\/wp-content\/uploads\/2026\/04\/WhatsApp-Image-2026-04-29-at-17.01.32.jpeg",520,390,false]},"author_info":{"display_name":"Reda\u00e7\u00e3o","author_link":"https:\/\/novosaopaulo.com.br\/n1\/author\/g5poa\/"},"category_info":"<a href=\"https:\/\/novosaopaulo.com.br\/n1\/category\/cidades\/\" rel=\"category tag\">Cidades<\/a>","tag_info":"Cidades","comment_count":"0","_links":{"self":[{"href":"https:\/\/novosaopaulo.com.br\/n1\/wp-json\/wp\/v2\/posts\/29161"}],"collection":[{"href":"https:\/\/novosaopaulo.com.br\/n1\/wp-json\/wp\/v2\/posts"}],"about":[{"href":"https:\/\/novosaopaulo.com.br\/n1\/wp-json\/wp\/v2\/types\/post"}],"author":[{"embeddable":true,"href":"https:\/\/novosaopaulo.com.br\/n1\/wp-json\/wp\/v2\/users\/1"}],"replies":[{"embeddable":true,"href":"https:\/\/novosaopaulo.com.br\/n1\/wp-json\/wp\/v2\/comments?post=29161"}],"version-history":[{"count":1,"href":"https:\/\/novosaopaulo.com.br\/n1\/wp-json\/wp\/v2\/posts\/29161\/revisions"}],"predecessor-version":[{"id":29163,"href":"https:\/\/novosaopaulo.com.br\/n1\/wp-json\/wp\/v2\/posts\/29161\/revisions\/29163"}],"wp:featuredmedia":[{"embeddable":true,"href":"https:\/\/novosaopaulo.com.br\/n1\/wp-json\/wp\/v2\/media\/29162"}],"wp:attachment":[{"href":"https:\/\/novosaopaulo.com.br\/n1\/wp-json\/wp\/v2\/media?parent=29161"}],"wp:term":[{"taxonomy":"category","embeddable":true,"href":"https:\/\/novosaopaulo.com.br\/n1\/wp-json\/wp\/v2\/categories?post=29161"},{"taxonomy":"post_tag","embeddable":true,"href":"https:\/\/novosaopaulo.com.br\/n1\/wp-json\/wp\/v2\/tags?post=29161"}],"curies":[{"name":"wp","href":"https:\/\/api.w.org\/{rel}","templated":true}]}}