{"id":29151,"date":"2026-04-29T18:40:29","date_gmt":"2026-04-29T21:40:29","guid":{"rendered":"https:\/\/novosaopaulo.com.br\/n1\/?p=29151"},"modified":"2026-04-29T18:40:30","modified_gmt":"2026-04-29T21:40:30","slug":"guardas-civis-municipais-femininas-de-poa-sao-homenageadas-em-cerimonia-na-alesp","status":"publish","type":"post","link":"https:\/\/novosaopaulo.com.br\/n1\/guardas-civis-municipais-femininas-de-poa-sao-homenageadas-em-cerimonia-na-alesp\/","title":{"rendered":"Guardas civis municipais femininas de Po\u00e1 s\u00e3o homenageadas em cerim\u00f4nia na Alesp"},"content":{"rendered":"\n<p>Agentes poaenses foram reconhecidas ao lado de profissionais de 17 cidades em evento que destacou a atua\u00e7\u00e3o feminina na seguran\u00e7a p\u00fablica<\/p>\n\n\n\n<p>A Assembleia Legislativa do Estado de S\u00e3o Paulo (Alesp) realizou, na manh\u00e3 desta ter\u00e7a-feira (28), uma cerim\u00f4nia em homenagem ao trabalho das guardas civis municipais femininas. Entre as profissionais reconhecidas estiveram as agentes poaenses 2\u00aa Inspetora Kelly Aparecido, 2\u00aa Inspetora Aline da Silva Arag\u00e3o e a GCM 2\u00aa classe Beatriz Wenceslau, em um evento que reuniu 96 agentes de 17 cidades, incluindo a Capital paulista.<\/p>\n\n\n\n<p>A solenidade, realizada no audit\u00f3rio Franco Montoro, foi proposta pelo deputado estadual F\u00e1bio Faria de S\u00e1, que ressaltou os desafios enfrentados pelas mulheres na \u00e1rea da seguran\u00e7a p\u00fablica. Segundo o parlamentar, as agentes ainda precisam comprovar constantemente sua capacidade em um ambiente historicamente marcado por desigualdades de g\u00eanero. \u201cAs mulheres da GCM fazem isso com firmeza, compet\u00eancia, sensibilidade e dedica\u00e7\u00e3o que merecem todo o nosso respeito\u201d, afirmou.<br>O secret\u00e1rio municipal de Seguran\u00e7a, Comandante Ferreira, destacou o orgulho da administra\u00e7\u00e3o municipal pelo reconhecimento das agentes. \u201cEssa homenagem refor\u00e7a a import\u00e2ncia do trabalho desenvolvido pelas nossas guardas civis municipais, que atuam diariamente com profissionalismo e coragem. \u00c9 um reconhecimento mais do que merecido a mulheres que fazem a diferen\u00e7a na seguran\u00e7a da nossa cidade todos os dias\u201d, declarou.<\/p>\n\n\n\n<p>O prefeito de Po\u00e1, Saulo Souza, tamb\u00e9m enfatizou a relev\u00e2ncia da valoriza\u00e7\u00e3o das profissionais e agradeceu a iniciativa do parlamentar. \u201cAs guardas municipais femininas de Po\u00e1 representam compet\u00eancia, compromisso e dedica\u00e7\u00e3o. Elas saem das suas casas todos os dias, deixam suas fam\u00edlias, para garantir a seguran\u00e7a da nossa popula\u00e7\u00e3o. Agrade\u00e7o ao deputado F\u00e1bio Faria de S\u00e1 por essa importante homenagem, que valoriza e reconhece o trabalho das nossas profissionais\u201d, afirmou.<\/p>\n\n\n\n<p>A cerim\u00f4nia tamb\u00e9m contou com um momento de emo\u00e7\u00e3o ao prestar uma homenagem p\u00f3stuma \u00e0 guarda civil Sara Andrade dos Reis, de 34 anos, que foi assinada no in\u00edcio do m\u00eas, na Capital. A agente foi lembrada por sua trajet\u00f3ria e dedica\u00e7\u00e3o \u00e0 corpora\u00e7\u00e3o, e a homenagem foi acompanhada por seus familiares, que estiveram presentes no evento.<\/p>\n\n\n\n<p>Fotos: SECOM \/ Prefeitura de Po\u00e1<\/p>\n\n\n\n<figure class=\"wp-block-image size-large\"><img fetchpriority=\"high\" decoding=\"async\" width=\"768\" height=\"1024\" src=\"https:\/\/novosaopaulo.com.br\/n1\/wp-content\/uploads\/2026\/04\/WhatsApp-Image-2026-04-29-at-13.25.32-768x1024.jpeg\" alt=\"\" class=\"wp-image-29152\" srcset=\"https:\/\/novosaopaulo.com.br\/n1\/wp-content\/uploads\/2026\/04\/WhatsApp-Image-2026-04-29-at-13.25.32-768x1024.jpeg 768w, https:\/\/novosaopaulo.com.br\/n1\/wp-content\/uploads\/2026\/04\/WhatsApp-Image-2026-04-29-at-13.25.32-225x300.jpeg 225w, https:\/\/novosaopaulo.com.br\/n1\/wp-content\/uploads\/2026\/04\/WhatsApp-Image-2026-04-29-at-13.25.32.jpeg 960w\" sizes=\"(max-width: 768px) 100vw, 768px\" \/><\/figure>\n","protected":false},"excerpt":{"rendered":"<p>Agentes poaenses foram reconhecidas ao lado de profissionais de 17 cidades em evento que destacou&#8230;<\/p>\n","protected":false},"author":1,"featured_media":29153,"comment_status":"open","ping_status":"open","sticky":false,"template":"","format":"standard","meta":{"footnotes":""},"categories":[8],"tags":[],"featured_image_urls":{"full":["https:\/\/novosaopaulo.com.br\/n1\/wp-content\/uploads\/2026\/04\/WhatsApp-Image-2026-04-29-at-13.25.31.jpeg",971,693,false],"thumbnail":["https:\/\/novosaopaulo.com.br\/n1\/wp-content\/uploads\/2026\/04\/WhatsApp-Image-2026-04-29-at-13.25.31-150x150.jpeg",150,150,true],"medium":["https:\/\/novosaopaulo.com.br\/n1\/wp-content\/uploads\/2026\/04\/WhatsApp-Image-2026-04-29-at-13.25.31-300x214.jpeg",300,214,true],"medium_large":["https:\/\/novosaopaulo.com.br\/n1\/wp-content\/uploads\/2026\/04\/WhatsApp-Image-2026-04-29-at-13.25.31-768x548.jpeg",640,457,true],"large":["https:\/\/novosaopaulo.com.br\/n1\/wp-content\/uploads\/2026\/04\/WhatsApp-Image-2026-04-29-at-13.25.31.jpeg",640,457,false],"1536x1536":["https:\/\/novosaopaulo.com.br\/n1\/wp-content\/uploads\/2026\/04\/WhatsApp-Image-2026-04-29-at-13.25.31.jpeg",971,693,false],"2048x2048":["https:\/\/novosaopaulo.com.br\/n1\/wp-content\/uploads\/2026\/04\/WhatsApp-Image-2026-04-29-at-13.25.31.jpeg",971,693,false],"newsever-slider-full":["https:\/\/novosaopaulo.com.br\/n1\/wp-content\/uploads\/2026\/04\/WhatsApp-Image-2026-04-29-at-13.25.31.jpeg",971,693,false],"newsever-featured":["https:\/\/novosaopaulo.com.br\/n1\/wp-content\/uploads\/2026\/04\/WhatsApp-Image-2026-04-29-at-13.25.31.jpeg",971,693,false],"newsever-medium":["https:\/\/novosaopaulo.com.br\/n1\/wp-content\/uploads\/2026\/04\/WhatsApp-Image-2026-04-29-at-13.25.31-720x475.jpeg",720,475,true]},"author_info":{"display_name":"Reda\u00e7\u00e3o","author_link":"https:\/\/novosaopaulo.com.br\/n1\/author\/g5poa\/"},"category_info":"<a href=\"https:\/\/novosaopaulo.com.br\/n1\/category\/poa\/\" rel=\"category tag\">Po\u00e1<\/a>","tag_info":"Po\u00e1","comment_count":"0","_links":{"self":[{"href":"https:\/\/novosaopaulo.com.br\/n1\/wp-json\/wp\/v2\/posts\/29151"}],"collection":[{"href":"https:\/\/novosaopaulo.com.br\/n1\/wp-json\/wp\/v2\/posts"}],"about":[{"href":"https:\/\/novosaopaulo.com.br\/n1\/wp-json\/wp\/v2\/types\/post"}],"author":[{"embeddable":true,"href":"https:\/\/novosaopaulo.com.br\/n1\/wp-json\/wp\/v2\/users\/1"}],"replies":[{"embeddable":true,"href":"https:\/\/novosaopaulo.com.br\/n1\/wp-json\/wp\/v2\/comments?post=29151"}],"version-history":[{"count":1,"href":"https:\/\/novosaopaulo.com.br\/n1\/wp-json\/wp\/v2\/posts\/29151\/revisions"}],"predecessor-version":[{"id":29154,"href":"https:\/\/novosaopaulo.com.br\/n1\/wp-json\/wp\/v2\/posts\/29151\/revisions\/29154"}],"wp:featuredmedia":[{"embeddable":true,"href":"https:\/\/novosaopaulo.com.br\/n1\/wp-json\/wp\/v2\/media\/29153"}],"wp:attachment":[{"href":"https:\/\/novosaopaulo.com.br\/n1\/wp-json\/wp\/v2\/media?parent=29151"}],"wp:term":[{"taxonomy":"category","embeddable":true,"href":"https:\/\/novosaopaulo.com.br\/n1\/wp-json\/wp\/v2\/categories?post=29151"},{"taxonomy":"post_tag","embeddable":true,"href":"https:\/\/novosaopaulo.com.br\/n1\/wp-json\/wp\/v2\/tags?post=29151"}],"curies":[{"name":"wp","href":"https:\/\/api.w.org\/{rel}","templated":true}]}}