{"id":29118,"date":"2026-04-27T22:25:18","date_gmt":"2026-04-28T01:25:18","guid":{"rendered":"https:\/\/novosaopaulo.com.br\/n1\/?p=29118"},"modified":"2026-04-27T22:25:19","modified_gmt":"2026-04-28T01:25:19","slug":"poa-fortalece-empreendedorismo-local-com-feira-de-economia-criativa-na-praca-da-biblia","status":"publish","type":"post","link":"https:\/\/novosaopaulo.com.br\/n1\/poa-fortalece-empreendedorismo-local-com-feira-de-economia-criativa-na-praca-da-biblia\/","title":{"rendered":"Po\u00e1 fortalece empreendedorismo local com Feira de Economia Criativa na Pra\u00e7a da B\u00edblia"},"content":{"rendered":"\n<p>Evento contou com exposi\u00e7\u00e3o de artesanato produzido por artistas locais, trancistas, esta\u00e7\u00e3o gastron\u00f4mica, brech\u00f3, aulas de tric\u00f4 ao ar livre e doa\u00e7\u00e3o de mudas, proporcionando lazer e oportunidades de neg\u00f3cios \u00e0 popula\u00e7\u00e3o<\/p>\n\n\n\n<p>A Prefeitura de Po\u00e1 promoveu, na \u00faltima sexta-feira (24), a Feira de Economia Criativa na Pra\u00e7a da B\u00edblia, reunindo uma ampla programa\u00e7\u00e3o voltada ao incentivo ao empreendedorismo e ao turismo local, \u00e0 valoriza\u00e7\u00e3o cultural e \u00e0 gera\u00e7\u00e3o de renda. Realizado pelas Secretarias de Turismo, Cultura e de Desenvolvimento Econ\u00f4mico e Inova\u00e7\u00e3o, em parceria com o Sebrae e o projeto Somos Criativus, do Instituto L\u00e9a Campos, o evento integrou a programa\u00e7\u00e3o da Semana do Dia Mundial da Criatividade, celebrado em 21 de abril.<\/p>\n\n\n\n<p>A feira contou com exposi\u00e7\u00e3o de artesanato e quadros produzidos por artistas locais, trancistas, esta\u00e7\u00e3o gastron\u00f4mica, brech\u00f3, aulas de tric\u00f4 ao ar livre e diversas atividades culturais, proporcionando lazer e oportunidades de neg\u00f3cios \u00e0 popula\u00e7\u00e3o.<\/p>\n\n\n\n<p>Al\u00e9m disso, empreendedores tiveram acesso a orienta\u00e7\u00f5es do Banco do Povo e do Sebrae, com foco na abertura e expans\u00e3o de neg\u00f3cios. A a\u00e7\u00e3o tamb\u00e9m contou com a participa\u00e7\u00e3o da Secretaria de Meio Ambiente, que realizou a doa\u00e7\u00e3o de mudas aos visitantes, incentivando pr\u00e1ticas sustent\u00e1veis e a conscientiza\u00e7\u00e3o ambiental.<\/p>\n\n\n\n<p>A Secretaria da Mulher tamb\u00e9m marcou presen\u00e7a com o projeto de tricoterapia, ampliando o alcance social do evento com servi\u00e7os voltados ao bem-estar e \u00e0 autoestima. O Instituto Gerando Falc\u00f5es tamb\u00e9m participou da feira, com a comercializa\u00e7\u00e3o de cal\u00e7ados e o Museu do Padre Eust\u00e1quio contribuiu com a venda de artigos religiosos.<\/p>\n\n\n\n<p>Com o tema \u201cCriatividade que transforma territ\u00f3rios\u201d, a iniciativa refor\u00e7ou o papel estrat\u00e9gico da economia criativa como vetor de desenvolvimento econ\u00f4mico e social. Criado em 2023, o Programa Somos Criativus tem como objetivo impulsionar o impacto econ\u00f4mico da economia criativa nos territ\u00f3rios por meio de a\u00e7\u00f5es de capacita\u00e7\u00e3o, qualifica\u00e7\u00e3o e valoriza\u00e7\u00e3o das identidades locais.<\/p>\n\n\n\n<p>A secret\u00e1ria de Turismo, D\u00e9bora de Lucr\u00e9zio, destacou a relev\u00e2ncia da feira para o fortalecimento da cidade como destino criativo. \u201cNossa feira foi um grande sucesso e nosso objetivo \u00e9 realizar novas edi\u00e7\u00f5es, sempre incluindo novas atividades e servi\u00e7os. Eventos como este mostram o potencial de Po\u00e1 em integrar cultura, turismo e empreendedorismo, valorizando nossos talentos locais e promovendo experi\u00eancias que atraem e envolvem a popula\u00e7\u00e3o\u201d, afirmou.<\/p>\n\n\n\n<p>J\u00e1 a secret\u00e1ria de Desenvolvimento Econ\u00f4mico e Inova\u00e7\u00e3o, Jeruza Reis, destacou o lan\u00e7amento do Cadastro Municipal dos Empreendedores da Economia Criativa como um avan\u00e7o importante para o setor. \u201cDurante a feira, realizamos o cadastro de diversos empreendedores e agora a iniciativa segue de forma permanente. A Secretaria estar\u00e1 \u00e0 disposi\u00e7\u00e3o de segunda a sexta-feira, das 9h \u00e0s 16h, para atender tamb\u00e9m aqueles que n\u00e3o puderam participar do evento. Queremos alcan\u00e7ar todos que desejam empreender, que tenham ou n\u00e3o CNPJ, que possuam um produto diferenciado ou estejam come\u00e7ando agora e queiram crescer\u201d, afirmou.<\/p>\n\n\n\n<p>O prefeito Saulo Souza destacou a import\u00e2ncia da iniciativa para o desenvolvimento da cidade. \u201cA Feira de Economia Criativa mostra, na pr\u00e1tica, como podemos gerar oportunidades, fortalecer a economia local e valorizar os talentos de Po\u00e1. Nosso compromisso \u00e9 continuar apoiando a\u00e7\u00f5es que incentivem o empreendedorismo e promovam inclus\u00e3o e desenvolvimento para a nossa popula\u00e7\u00e3o\u201d, afirmou.<\/p>\n\n\n\n<p>Foto: Nivaldo Alves<\/p>\n","protected":false},"excerpt":{"rendered":"<p>Evento contou com exposi\u00e7\u00e3o de artesanato produzido por artistas locais, trancistas, esta\u00e7\u00e3o gastron\u00f4mica, brech\u00f3, aulas&#8230;<\/p>\n","protected":false},"author":1,"featured_media":29119,"comment_status":"open","ping_status":"open","sticky":false,"template":"","format":"standard","meta":{"footnotes":""},"categories":[8],"tags":[],"featured_image_urls":{"full":["https:\/\/novosaopaulo.com.br\/n1\/wp-content\/uploads\/2026\/04\/WhatsApp-Image-2026-04-27-at-18.27.52.jpeg",1152,838,false],"thumbnail":["https:\/\/novosaopaulo.com.br\/n1\/wp-content\/uploads\/2026\/04\/WhatsApp-Image-2026-04-27-at-18.27.52-150x150.jpeg",150,150,true],"medium":["https:\/\/novosaopaulo.com.br\/n1\/wp-content\/uploads\/2026\/04\/WhatsApp-Image-2026-04-27-at-18.27.52-300x218.jpeg",300,218,true],"medium_large":["https:\/\/novosaopaulo.com.br\/n1\/wp-content\/uploads\/2026\/04\/WhatsApp-Image-2026-04-27-at-18.27.52-768x559.jpeg",640,466,true],"large":["https:\/\/novosaopaulo.com.br\/n1\/wp-content\/uploads\/2026\/04\/WhatsApp-Image-2026-04-27-at-18.27.52-1024x745.jpeg",640,466,true],"1536x1536":["https:\/\/novosaopaulo.com.br\/n1\/wp-content\/uploads\/2026\/04\/WhatsApp-Image-2026-04-27-at-18.27.52.jpeg",1152,838,false],"2048x2048":["https:\/\/novosaopaulo.com.br\/n1\/wp-content\/uploads\/2026\/04\/WhatsApp-Image-2026-04-27-at-18.27.52.jpeg",1152,838,false],"newsever-slider-full":["https:\/\/novosaopaulo.com.br\/n1\/wp-content\/uploads\/2026\/04\/WhatsApp-Image-2026-04-27-at-18.27.52.jpeg",1152,838,false],"newsever-featured":["https:\/\/novosaopaulo.com.br\/n1\/wp-content\/uploads\/2026\/04\/WhatsApp-Image-2026-04-27-at-18.27.52-1024x745.jpeg",1024,745,true],"newsever-medium":["https:\/\/novosaopaulo.com.br\/n1\/wp-content\/uploads\/2026\/04\/WhatsApp-Image-2026-04-27-at-18.27.52-720x475.jpeg",720,475,true]},"author_info":{"display_name":"Reda\u00e7\u00e3o","author_link":"https:\/\/novosaopaulo.com.br\/n1\/author\/g5poa\/"},"category_info":"<a href=\"https:\/\/novosaopaulo.com.br\/n1\/category\/poa\/\" rel=\"category tag\">Po\u00e1<\/a>","tag_info":"Po\u00e1","comment_count":"0","_links":{"self":[{"href":"https:\/\/novosaopaulo.com.br\/n1\/wp-json\/wp\/v2\/posts\/29118"}],"collection":[{"href":"https:\/\/novosaopaulo.com.br\/n1\/wp-json\/wp\/v2\/posts"}],"about":[{"href":"https:\/\/novosaopaulo.com.br\/n1\/wp-json\/wp\/v2\/types\/post"}],"author":[{"embeddable":true,"href":"https:\/\/novosaopaulo.com.br\/n1\/wp-json\/wp\/v2\/users\/1"}],"replies":[{"embeddable":true,"href":"https:\/\/novosaopaulo.com.br\/n1\/wp-json\/wp\/v2\/comments?post=29118"}],"version-history":[{"count":1,"href":"https:\/\/novosaopaulo.com.br\/n1\/wp-json\/wp\/v2\/posts\/29118\/revisions"}],"predecessor-version":[{"id":29120,"href":"https:\/\/novosaopaulo.com.br\/n1\/wp-json\/wp\/v2\/posts\/29118\/revisions\/29120"}],"wp:featuredmedia":[{"embeddable":true,"href":"https:\/\/novosaopaulo.com.br\/n1\/wp-json\/wp\/v2\/media\/29119"}],"wp:attachment":[{"href":"https:\/\/novosaopaulo.com.br\/n1\/wp-json\/wp\/v2\/media?parent=29118"}],"wp:term":[{"taxonomy":"category","embeddable":true,"href":"https:\/\/novosaopaulo.com.br\/n1\/wp-json\/wp\/v2\/categories?post=29118"},{"taxonomy":"post_tag","embeddable":true,"href":"https:\/\/novosaopaulo.com.br\/n1\/wp-json\/wp\/v2\/tags?post=29118"}],"curies":[{"name":"wp","href":"https:\/\/api.w.org\/{rel}","templated":true}]}}