{"id":29105,"date":"2026-04-27T16:16:41","date_gmt":"2026-04-27T19:16:41","guid":{"rendered":"https:\/\/novosaopaulo.com.br\/n1\/?p=29105"},"modified":"2026-04-27T16:16:42","modified_gmt":"2026-04-27T19:16:42","slug":"paula-fernandes-lota-shows-em-portugal-e-emociona-publico-emduas-noites-marcantes","status":"publish","type":"post","link":"https:\/\/novosaopaulo.com.br\/n1\/paula-fernandes-lota-shows-em-portugal-e-emociona-publico-emduas-noites-marcantes\/","title":{"rendered":"Paula Fernandes lota shows em Portugal e emociona p\u00fablico emduas noites marcantes"},"content":{"rendered":"\n<p>Apresenta\u00e7\u00f5es em Lisboa e Guimar\u00e3es tiveram casa cheia e forte intera\u00e7\u00e3o com o p\u00fablico<br>portugu\u00eas<\/p>\n\n\n\n<p>Ap\u00f3s a grava\u00e7\u00e3o do audiovisual \u201c30 &amp; Poucos Anos\u201d, que reuniu grandes nomes da<br>m\u00fasica brasileira e revisita sua trajet\u00f3ria de sucessos, Paula Fernandes protagonizou duas<br>noites marcantes em Portugal, neste fim de semana, com apresenta\u00e7\u00f5es em Lisboa (24) e<br>em Guimar\u00e3es (25). Os shows, marcados por emo\u00e7\u00e3o, proximidade e casa cheia, refor\u00e7am<br>sua forte conex\u00e3o com o p\u00fablico europeu. Com uma base de f\u00e3s fiel no pa\u00eds, a artista faz<br>quest\u00e3o de incluir o territ\u00f3rio portugu\u00eas em suas agendas internacionais, consolidando a<br>rela\u00e7\u00e3o constru\u00edda ao longo dos anos.<br>Na capital portuguesa, o espet\u00e1culo aconteceu em clima intimista e com atmosfera especial<br>de primavera. Em um cen\u00e1rio acolhedor ao ar livre, a artista conduziu uma verdadeira<br>viagem por sua trajet\u00f3ria musical, reunindo sucessos que marcaram gera\u00e7\u00f5es, como \u201cSeio<br>de Minas\u201d, \u201cN\u00e3o Precisa\u201d, \u201cPra Voc\u00ea\u201d, \u201cJeito do Mato\u201d e \u201cP\u00e1ssaro de Fogo\u201d. A plateia<br>acompanhou cada can\u00e7\u00e3o em coro, evidenciando a sintonia com a cantora.<br>Durante a apresenta\u00e7\u00e3o, Paula Fernandes tamb\u00e9m abriu espa\u00e7o para cl\u00e1ssicos do<br>sertanejo raiz, resgatando o \u201cmod\u00e3o\u201d e celebrando suas influ\u00eancias em um repert\u00f3rio que<br>cruzou estilos e gera\u00e7\u00f5es. O show refor\u00e7ou a dimens\u00e3o internacional de sua carreira e sua<br>capacidade de conquistar novos p\u00fablicos fora do Brasil.<br>J\u00e1 em Guimar\u00e3es, no norte do pa\u00eds, onde se apresentou pela terceira vez, o sucesso se<br>repetiu \u2014 desta vez com ingressos completamente esgotados e cerca de 4 mil pessoas<br>presentes. Em um espet\u00e1culo vibrante e ao mesmo tempo pr\u00f3ximo, a artista manteve o tom<br>intimista da apresenta\u00e7\u00e3o, interagindo diretamente com o p\u00fablico e protagonizando um dos<br>momentos mais marcantes da noite ao descer do palco para cumprimentar os f\u00e3s.<br>\u201c\u00c9 sempre muito especial estar de volta a Portugal. Existe um carinho genu\u00edno do p\u00fablico<br>daqui que eu sinto desde o primeiro instante. Voltar, encontrar essa energia e ver tudo cheio<br>\u00e9 emocionante e me faz querer voltar sempre\u201d, declarou.<br>A passagem por Portugal refor\u00e7a o momento de destaque na carreira de Paula Fernandes,<br>que vive uma nova fase art\u00edstica e segue ampliando sua presen\u00e7a no cen\u00e1rio internacional.<br>Consagrada como uma das principais vozes da m\u00fasica brasileira, a artista reafirma sua<br>for\u00e7a ao emocionar p\u00fablicos de diferentes gera\u00e7\u00f5es dentro e fora do pa\u00eds.<br>Para saber mais:<br>www.paulafernandes.com.br<br>www.facebook.com\/OficialPaulaFernandes<br>www.twitter.com\/PaulaFernandes7<br>www.instagram.com\/paulafernandes<br>www.youtube.com\/user\/PaulaFernandesVEVO<br>SOBRE A OPUS ENTRETENIMENTO<br>Celebrando 50 anos de atua\u00e7\u00e3o, a Opus Entretenimento consolidou-se como a maior<br>plataforma de entretenimento ao vivo do Brasil. Com presen\u00e7a estrat\u00e9gica em toda a cadeia<br>do setor, do agenciamento art\u00edstico \u00e0 produ\u00e7\u00e3o e administra\u00e7\u00e3o de venues, a companhia<br>exerce papel central na estrutura\u00e7\u00e3o e no crescimento do mercado nacional.<br>\u00c0 frente de 10 casas de espet\u00e1culos distribu\u00eddas em 7 capitais, realiza festivais, turn\u00eas e<br>projetos especiais em todas as regi\u00f5es do pa\u00eds, reunindo atra\u00e7\u00f5es nacionais e<br>internacionais de grande relev\u00e2ncia. Em seu hist\u00f3rico est\u00e3o produ\u00e7\u00f5es marcantes com<br>artistas como Kiss, Guns N\u2019 Roses, Ray Charles, Norah Jones, Avril Lavigne, Paramore,<br>Evanescence, entre outros nomes de proje\u00e7\u00e3o mundial.<br>A empresa tamb\u00e9m responde pelo management de nomes como Paula Fernandes, Roupa<br>Nova e Maur\u00edcio Manieri, e produz no Brasil um dos espet\u00e1culos familiares de maior<br>reconhecimento mundial: Disney On Ice.<br>Com modelo operacional integrado e vis\u00e3o de longo prazo, a Opus impacta milh\u00f5es de<br>espectadores anualmente e permanece como um dos principais vetores de<br>desenvolvimento do entretenimento ao vivo no pa\u00eds. Para mais informa\u00e7\u00f5es, acesse<br>opusentretenimento.com.<br>SOBRE A EPSON<br>A Epson \u00e9 l\u00edder mundial em tecnologia, com uma filosofia de inova\u00e7\u00e3o eficiente, compacta e<br>precisa que enriquece a vida das pessoas e contribui para um mundo melhor. A empresa se<br>concentra em resolver desafios sociais por meio de inova\u00e7\u00f5es em impress\u00e3o para casa e<br>escrit\u00f3rio, impress\u00e3o comercial e industrial, manufatura, comunica\u00e7\u00e3o visual e estilo de vida.<br>O objetivo da Epson \u00e9 alcan\u00e7ar a neutralidade em carbono e eliminar o uso de recursos n\u00e3o<br>renov\u00e1veis do subsolo, como petr\u00f3leo e metais, at\u00e9 2050.<br>Liderada pela Seiko Epson Corporation, com sede no Jap\u00e3o, o Grupo Epson gera vendas<br>globais anuais superiores a 1 trilh\u00e3o de ienes. global.epson.com\/<br>A Epson America, Inc., com sede em Los Alamitos, Calif\u00f3rnia, \u00e9 a subsidi\u00e1ria regional da<br>Epson para os Estados Unidos, Canad\u00e1 e Am\u00e9rica Latina. Para mais informa\u00e7\u00f5es sobre a<br>Epson, visite: latin.epson.com. Tamb\u00e9m \u00e9 poss\u00edvel conectar-se com a Epson Am\u00e9rica Latina<br>pelo Facebook (facebook.com\/EpsonLatinoamerica), X (x.com\/epsonlatin), YouTube<br>(youtube.com\/epsonlatinoamerica), e Instagram (instagram.com\/EpsonLatinoamerica).<\/p>\n\n\n\n<h1 class=\"wp-block-heading\">#<\/h1>\n\n\n\n<p>Epson \u00e9 uma marca registrada da Seiko Epson Corporation. Todos os demais nomes de<br>produtos e marcas s\u00e3o marcas comerciais e\/ou registradas de suas respectivas empresas.<br>A Epson renuncia a quaisquer direitos sobre essas marcas. \u00a9 2025 Epson America, Inc.<\/p>\n","protected":false},"excerpt":{"rendered":"<p>Apresenta\u00e7\u00f5es em Lisboa e Guimar\u00e3es tiveram casa cheia e forte intera\u00e7\u00e3o com o p\u00fablicoportugu\u00eas Ap\u00f3s&#8230;<\/p>\n","protected":false},"author":1,"featured_media":29106,"comment_status":"open","ping_status":"open","sticky":false,"template":"","format":"standard","meta":{"footnotes":""},"categories":[2],"tags":[],"featured_image_urls":{"full":["https:\/\/novosaopaulo.com.br\/n1\/wp-content\/uploads\/2026\/04\/WhatsApp-Image-2026-04-26-at-16.55.36.jpeg",960,1280,false],"thumbnail":["https:\/\/novosaopaulo.com.br\/n1\/wp-content\/uploads\/2026\/04\/WhatsApp-Image-2026-04-26-at-16.55.36-150x150.jpeg",150,150,true],"medium":["https:\/\/novosaopaulo.com.br\/n1\/wp-content\/uploads\/2026\/04\/WhatsApp-Image-2026-04-26-at-16.55.36-225x300.jpeg",225,300,true],"medium_large":["https:\/\/novosaopaulo.com.br\/n1\/wp-content\/uploads\/2026\/04\/WhatsApp-Image-2026-04-26-at-16.55.36-768x1024.jpeg",640,853,true],"large":["https:\/\/novosaopaulo.com.br\/n1\/wp-content\/uploads\/2026\/04\/WhatsApp-Image-2026-04-26-at-16.55.36-768x1024.jpeg",640,853,true],"1536x1536":["https:\/\/novosaopaulo.com.br\/n1\/wp-content\/uploads\/2026\/04\/WhatsApp-Image-2026-04-26-at-16.55.36.jpeg",960,1280,false],"2048x2048":["https:\/\/novosaopaulo.com.br\/n1\/wp-content\/uploads\/2026\/04\/WhatsApp-Image-2026-04-26-at-16.55.36.jpeg",960,1280,false],"newsever-slider-full":["https:\/\/novosaopaulo.com.br\/n1\/wp-content\/uploads\/2026\/04\/WhatsApp-Image-2026-04-26-at-16.55.36-960x845.jpeg",960,845,true],"newsever-featured":["https:\/\/novosaopaulo.com.br\/n1\/wp-content\/uploads\/2026\/04\/WhatsApp-Image-2026-04-26-at-16.55.36.jpeg",960,1280,false],"newsever-medium":["https:\/\/novosaopaulo.com.br\/n1\/wp-content\/uploads\/2026\/04\/WhatsApp-Image-2026-04-26-at-16.55.36-720x475.jpeg",720,475,true]},"author_info":{"display_name":"Reda\u00e7\u00e3o","author_link":"https:\/\/novosaopaulo.com.br\/n1\/author\/g5poa\/"},"category_info":"<a href=\"https:\/\/novosaopaulo.com.br\/n1\/category\/cidades\/\" rel=\"category tag\">Cidades<\/a>","tag_info":"Cidades","comment_count":"0","_links":{"self":[{"href":"https:\/\/novosaopaulo.com.br\/n1\/wp-json\/wp\/v2\/posts\/29105"}],"collection":[{"href":"https:\/\/novosaopaulo.com.br\/n1\/wp-json\/wp\/v2\/posts"}],"about":[{"href":"https:\/\/novosaopaulo.com.br\/n1\/wp-json\/wp\/v2\/types\/post"}],"author":[{"embeddable":true,"href":"https:\/\/novosaopaulo.com.br\/n1\/wp-json\/wp\/v2\/users\/1"}],"replies":[{"embeddable":true,"href":"https:\/\/novosaopaulo.com.br\/n1\/wp-json\/wp\/v2\/comments?post=29105"}],"version-history":[{"count":1,"href":"https:\/\/novosaopaulo.com.br\/n1\/wp-json\/wp\/v2\/posts\/29105\/revisions"}],"predecessor-version":[{"id":29107,"href":"https:\/\/novosaopaulo.com.br\/n1\/wp-json\/wp\/v2\/posts\/29105\/revisions\/29107"}],"wp:featuredmedia":[{"embeddable":true,"href":"https:\/\/novosaopaulo.com.br\/n1\/wp-json\/wp\/v2\/media\/29106"}],"wp:attachment":[{"href":"https:\/\/novosaopaulo.com.br\/n1\/wp-json\/wp\/v2\/media?parent=29105"}],"wp:term":[{"taxonomy":"category","embeddable":true,"href":"https:\/\/novosaopaulo.com.br\/n1\/wp-json\/wp\/v2\/categories?post=29105"},{"taxonomy":"post_tag","embeddable":true,"href":"https:\/\/novosaopaulo.com.br\/n1\/wp-json\/wp\/v2\/tags?post=29105"}],"curies":[{"name":"wp","href":"https:\/\/api.w.org\/{rel}","templated":true}]}}