{"id":28428,"date":"2026-03-13T18:28:44","date_gmt":"2026-03-13T21:28:44","guid":{"rendered":"https:\/\/novosaopaulo.com.br\/n1\/?p=28428"},"modified":"2026-03-13T18:28:45","modified_gmt":"2026-03-13T21:28:45","slug":"poa-promove-acao-solidaria-com-doacao-de-cabelos-e-campanha-de-lencos-para-pacientes-com-cancer","status":"publish","type":"post","link":"https:\/\/novosaopaulo.com.br\/n1\/poa-promove-acao-solidaria-com-doacao-de-cabelos-e-campanha-de-lencos-para-pacientes-com-cancer\/","title":{"rendered":"Po\u00e1 promove a\u00e7\u00e3o solid\u00e1ria com doa\u00e7\u00e3o de cabelos e campanha de len\u00e7os para pacientes com c\u00e2ncer"},"content":{"rendered":"\n<p>Evento acontece nesta segunda-feira (16\/03), na Secretaria da Mulher, com corte gratuito de cabelo para doa\u00e7\u00e3o e coleta de len\u00e7os destinados a mulheres em tratamento contra o c\u00e2ncer<\/p>\n\n\n\n<p>A Prefeitura de Po\u00e1 realiza na pr\u00f3xima segunda-feira (16\/03), das 10h \u00e0s 16h, na Secretaria da Mulher, uma a\u00e7\u00e3o solid\u00e1ria com doa\u00e7\u00e3o de cabelos para a confec\u00e7\u00e3o de perucas destinadas a mulheres em tratamento contra o c\u00e2ncer. Na mesma data, tamb\u00e9m ser\u00e1 lan\u00e7ada a campanha \u201cDoe Len\u00e7os \u2013 Junte-se \u00e0 luta contra o c\u00e2ncer\u201d, que arrecadar\u00e1 len\u00e7os para pacientes oncol\u00f3gicas. As iniciativas integram a programa\u00e7\u00e3o do munic\u00edpio em comemora\u00e7\u00e3o ao M\u00eas da Mulher.<br>Durante a a\u00e7\u00e3o, profissionais estar\u00e3o no local realizando gratuitamente o corte de cabelo de pessoas interessadas em contribuir com a campanha. Para a doa\u00e7\u00e3o, \u00e9 necess\u00e1rio que os fios tenham no m\u00ednimo 15 cent\u00edmetros de comprimento. A Secretaria da Mulher est\u00e1 localizada na Rua Fernando Pinheiro Franco, 141, no Centro de Po\u00e1.<br>De acordo com a secret\u00e1ria da Mulher de Po\u00e1, Laudjane Ferreira, a iniciativa busca fortalecer a rede de apoio \u00e0s mulheres que enfrentam o tratamento contra o c\u00e2ncer. \u201cA doa\u00e7\u00e3o de cabelos e a campanha de len\u00e7os s\u00e3o gestos de solidariedade que levam acolhimento, carinho e esperan\u00e7a para mulheres que passam por esse momento delicado. A participa\u00e7\u00e3o da popula\u00e7\u00e3o \u00e9 fundamental para ampliarmos o alcance da campanha e beneficiarmos mais pessoas\u201d, destacou.<br>O prefeito de Po\u00e1, Saulo Souza, ressaltou que a a\u00e7\u00e3o faz parte da programa\u00e7\u00e3o preparada pela administra\u00e7\u00e3o municipal ao longo do m\u00eas de mar\u00e7o para valorizar e apoiar as mulheres da cidade. \u201cIniciativas como essa refor\u00e7am as pol\u00edticas p\u00fablicas de cuidado, respeito e valoriza\u00e7\u00e3o feminina, al\u00e9m de estimular a solidariedade da popula\u00e7\u00e3o em apoio \u00e0s mulheres que enfrentam o tratamento contra o c\u00e2ncer\u201d, afirmou.<br>Banco de Perucas<br>A iniciativa tamb\u00e9m se conecta a um importante projeto retomado na cidade no ano passado. Em 2025, Po\u00e1 voltou a contar com o Banco de Perucas da ONG Cabelegria, iniciativa que tem como miss\u00e3o resgatar a autoestima de pacientes em tratamento oncol\u00f3gico ou que enfrentam outras condi\u00e7\u00f5es que provocam queda de cabelo.<br>Campanha \u201cDoe Len\u00e7os\u201d<br>Al\u00e9m da doa\u00e7\u00e3o de cabelos, a campanha \u201cDoe Len\u00e7os\u201d arrecadar\u00e1 len\u00e7os novos ou usados em bom estado. As doa\u00e7\u00f5es poder\u00e3o ser entregues continuamente em diferentes pontos de arrecada\u00e7\u00e3o espalhados pela cidade, entre elas as unidades do CRAS, a Secretaria da Mulher e a C\u00e2mara Municipal de Po\u00e1.<br>O atendimento para recebimento das doa\u00e7\u00f5es ocorre das 9h \u00e0s 17h. Mais informa\u00e7\u00f5es podem ser obtidas pelo telefone (11) 4639-2044.<\/p>\n\n\n\n<p>Pontos para doa\u00e7\u00e3o do len\u00e7o:<br>\u2022 CRAS Vila Ja\u00fa \u2013 Rua Ger\u00f4nimo Maziero, s\/n\u00ba<br>\u2022 CRAS S\u00e3o Jos\u00e9 \u2013 Avenida \u00c1guas de S\u00e3o Pedro, 411<br>\u2022 CRAS Calmon Viana \u2013 Rua Alfredo Diniz, 50<br>\u2022 CRAS Kemel \u2013 Rua Vitor Barbosa Guisar, 179<br>\u2022 C\u00e2mara Municipal de Po\u00e1 \u2013 Rua Vereador Jos\u00e9 Calil, 100 \u2013 Centro<br>\u2022 Secretaria da Mulher \u2013 Rua Fernando Pinheiro Franco, 141 \u2013 Centro<\/p>\n\n\n\n<figure class=\"wp-block-gallery has-nested-images columns-default is-cropped wp-block-gallery-1 is-layout-flex wp-block-gallery-is-layout-flex\">\n<figure class=\"wp-block-image size-large\"><a href=\"https:\/\/novosaopaulo.com.br\/n1\/wp-content\/uploads\/2026\/03\/WhatsApp-Image-2026-03-13-at-17.37.02-1.jpeg\" target=\"_blank\" rel=\"noopener\"><img fetchpriority=\"high\" decoding=\"async\" width=\"819\" height=\"1024\" data-id=\"28430\" src=\"https:\/\/novosaopaulo.com.br\/n1\/wp-content\/uploads\/2026\/03\/WhatsApp-Image-2026-03-13-at-17.37.02-1-819x1024.jpeg\" alt=\"\" class=\"wp-image-28430\" srcset=\"https:\/\/novosaopaulo.com.br\/n1\/wp-content\/uploads\/2026\/03\/WhatsApp-Image-2026-03-13-at-17.37.02-1-819x1024.jpeg 819w, https:\/\/novosaopaulo.com.br\/n1\/wp-content\/uploads\/2026\/03\/WhatsApp-Image-2026-03-13-at-17.37.02-1-240x300.jpeg 240w, https:\/\/novosaopaulo.com.br\/n1\/wp-content\/uploads\/2026\/03\/WhatsApp-Image-2026-03-13-at-17.37.02-1-768x960.jpeg 768w, https:\/\/novosaopaulo.com.br\/n1\/wp-content\/uploads\/2026\/03\/WhatsApp-Image-2026-03-13-at-17.37.02-1-1024x1280.jpeg 1024w, https:\/\/novosaopaulo.com.br\/n1\/wp-content\/uploads\/2026\/03\/WhatsApp-Image-2026-03-13-at-17.37.02-1.jpeg 1080w\" sizes=\"(max-width: 819px) 100vw, 819px\" \/><\/a><\/figure>\n\n\n\n<figure class=\"wp-block-image size-large\"><a href=\"https:\/\/novosaopaulo.com.br\/n1\/wp-content\/uploads\/2026\/03\/WhatsApp-Image-2026-03-13-at-17.37.01.jpeg\" target=\"_blank\" rel=\"noopener\"><img decoding=\"async\" width=\"1024\" height=\"682\" data-id=\"28431\" src=\"https:\/\/novosaopaulo.com.br\/n1\/wp-content\/uploads\/2026\/03\/WhatsApp-Image-2026-03-13-at-17.37.01-1024x682.jpeg\" alt=\"\" class=\"wp-image-28431\" srcset=\"https:\/\/novosaopaulo.com.br\/n1\/wp-content\/uploads\/2026\/03\/WhatsApp-Image-2026-03-13-at-17.37.01-1024x682.jpeg 1024w, https:\/\/novosaopaulo.com.br\/n1\/wp-content\/uploads\/2026\/03\/WhatsApp-Image-2026-03-13-at-17.37.01-300x200.jpeg 300w, https:\/\/novosaopaulo.com.br\/n1\/wp-content\/uploads\/2026\/03\/WhatsApp-Image-2026-03-13-at-17.37.01-768x512.jpeg 768w, https:\/\/novosaopaulo.com.br\/n1\/wp-content\/uploads\/2026\/03\/WhatsApp-Image-2026-03-13-at-17.37.01-1536x1023.jpeg 1536w, https:\/\/novosaopaulo.com.br\/n1\/wp-content\/uploads\/2026\/03\/WhatsApp-Image-2026-03-13-at-17.37.01.jpeg 1600w\" sizes=\"(max-width: 1024px) 100vw, 1024px\" \/><\/a><\/figure>\n<\/figure>\n\n\n\n<p>Fotos: Nivaldo Alves<\/p>\n","protected":false},"excerpt":{"rendered":"<p>Evento acontece nesta segunda-feira (16\/03), na Secretaria da Mulher, com corte gratuito de cabelo para&#8230;<\/p>\n","protected":false},"author":1,"featured_media":28429,"comment_status":"open","ping_status":"open","sticky":false,"template":"","format":"standard","meta":{"footnotes":""},"categories":[8],"tags":[],"featured_image_urls":{"full":["https:\/\/novosaopaulo.com.br\/n1\/wp-content\/uploads\/2026\/03\/WhatsApp-Image-2026-03-13-at-17.37.02.jpeg",1600,1066,false],"thumbnail":["https:\/\/novosaopaulo.com.br\/n1\/wp-content\/uploads\/2026\/03\/WhatsApp-Image-2026-03-13-at-17.37.02-150x150.jpeg",150,150,true],"medium":["https:\/\/novosaopaulo.com.br\/n1\/wp-content\/uploads\/2026\/03\/WhatsApp-Image-2026-03-13-at-17.37.02-300x200.jpeg",300,200,true],"medium_large":["https:\/\/novosaopaulo.com.br\/n1\/wp-content\/uploads\/2026\/03\/WhatsApp-Image-2026-03-13-at-17.37.02-768x512.jpeg",640,427,true],"large":["https:\/\/novosaopaulo.com.br\/n1\/wp-content\/uploads\/2026\/03\/WhatsApp-Image-2026-03-13-at-17.37.02-1024x682.jpeg",640,426,true],"1536x1536":["https:\/\/novosaopaulo.com.br\/n1\/wp-content\/uploads\/2026\/03\/WhatsApp-Image-2026-03-13-at-17.37.02-1536x1023.jpeg",1536,1023,true],"2048x2048":["https:\/\/novosaopaulo.com.br\/n1\/wp-content\/uploads\/2026\/03\/WhatsApp-Image-2026-03-13-at-17.37.02.jpeg",1600,1066,false],"newsever-slider-full":["https:\/\/novosaopaulo.com.br\/n1\/wp-content\/uploads\/2026\/03\/WhatsApp-Image-2026-03-13-at-17.37.02-1280x845.jpeg",1280,845,true],"newsever-featured":["https:\/\/novosaopaulo.com.br\/n1\/wp-content\/uploads\/2026\/03\/WhatsApp-Image-2026-03-13-at-17.37.02-1024x682.jpeg",1024,682,true],"newsever-medium":["https:\/\/novosaopaulo.com.br\/n1\/wp-content\/uploads\/2026\/03\/WhatsApp-Image-2026-03-13-at-17.37.02-720x475.jpeg",720,475,true]},"author_info":{"display_name":"Reda\u00e7\u00e3o","author_link":"https:\/\/novosaopaulo.com.br\/n1\/author\/g5poa\/"},"category_info":"<a href=\"https:\/\/novosaopaulo.com.br\/n1\/category\/poa\/\" rel=\"category tag\">Po\u00e1<\/a>","tag_info":"Po\u00e1","comment_count":"0","_links":{"self":[{"href":"https:\/\/novosaopaulo.com.br\/n1\/wp-json\/wp\/v2\/posts\/28428"}],"collection":[{"href":"https:\/\/novosaopaulo.com.br\/n1\/wp-json\/wp\/v2\/posts"}],"about":[{"href":"https:\/\/novosaopaulo.com.br\/n1\/wp-json\/wp\/v2\/types\/post"}],"author":[{"embeddable":true,"href":"https:\/\/novosaopaulo.com.br\/n1\/wp-json\/wp\/v2\/users\/1"}],"replies":[{"embeddable":true,"href":"https:\/\/novosaopaulo.com.br\/n1\/wp-json\/wp\/v2\/comments?post=28428"}],"version-history":[{"count":1,"href":"https:\/\/novosaopaulo.com.br\/n1\/wp-json\/wp\/v2\/posts\/28428\/revisions"}],"predecessor-version":[{"id":28432,"href":"https:\/\/novosaopaulo.com.br\/n1\/wp-json\/wp\/v2\/posts\/28428\/revisions\/28432"}],"wp:featuredmedia":[{"embeddable":true,"href":"https:\/\/novosaopaulo.com.br\/n1\/wp-json\/wp\/v2\/media\/28429"}],"wp:attachment":[{"href":"https:\/\/novosaopaulo.com.br\/n1\/wp-json\/wp\/v2\/media?parent=28428"}],"wp:term":[{"taxonomy":"category","embeddable":true,"href":"https:\/\/novosaopaulo.com.br\/n1\/wp-json\/wp\/v2\/categories?post=28428"},{"taxonomy":"post_tag","embeddable":true,"href":"https:\/\/novosaopaulo.com.br\/n1\/wp-json\/wp\/v2\/tags?post=28428"}],"curies":[{"name":"wp","href":"https:\/\/api.w.org\/{rel}","templated":true}]}}