{"id":28424,"date":"2026-03-13T18:26:21","date_gmt":"2026-03-13T21:26:21","guid":{"rendered":"https:\/\/novosaopaulo.com.br\/n1\/?p=28424"},"modified":"2026-03-13T18:26:22","modified_gmt":"2026-03-13T21:26:22","slug":"os-combustiveis-diante-da-crise-internacional","status":"publish","type":"post","link":"https:\/\/novosaopaulo.com.br\/n1\/os-combustiveis-diante-da-crise-internacional\/","title":{"rendered":"Os combust\u00edveis diante da crise internacional"},"content":{"rendered":"\n<p>Diante da crescente instabilidade internacional e do risco de impacto no abastecimento energ\u00e9tico, o governo federal decidiu adotar medidas emergenciais para reduzir a press\u00e3o sobre o mercado de combust\u00edveis no Brasil. Entre as principais a\u00e7\u00f5es est\u00e3o a isen\u00e7\u00e3o de PIS e Cofins sobre diesel e gasolina e a cria\u00e7\u00e3o de um imposto voltado a desestimular a exporta\u00e7\u00e3o de petr\u00f3leo brasileiro, preservando a oferta para o consumo interno.<\/p>\n\n\n\n<p>A l\u00f3gica por tr\u00e1s dessas decis\u00f5es \u00e9 simples: em momentos de tens\u00e3o global, garantir abastecimento e conter a disparada de pre\u00e7os passam a ser prioridades estrat\u00e9gicas. Com o agravamento da guerra no Oriente M\u00e9dio, aumentam as preocupa\u00e7\u00f5es em torno da oferta internacional de petr\u00f3leo e derivados, o que pode afetar diretamente pa\u00edses importadores e tamb\u00e9m economias que, embora produtoras, permanecem vulner\u00e1veis \u00e0s oscila\u00e7\u00f5es do mercado externo.<\/p>\n\n\n\n<p>No caso brasileiro, a preocupa\u00e7\u00e3o n\u00e3o se limita apenas ao pre\u00e7o nas bombas. O receio maior \u00e9 que uma combina\u00e7\u00e3o de crise internacional, aumento da demanda e redirecionamento da produ\u00e7\u00e3o para o mercado externo comprometa o abastecimento nacional, especialmente de itens essenciais como diesel e gasolina. O diesel, em particular, tem peso decisivo na economia, pois impacta o transporte de cargas, o custo dos alimentos e a log\u00edstica em praticamente todos os setores produtivos.<\/p>\n\n\n\n<p>A isen\u00e7\u00e3o de PIS e Cofins surge, nesse cen\u00e1rio, como uma tentativa de aliviar imediatamente o custo dos combust\u00edveis para consumidores, transportadores e empresas. Ao reduzir a carga tribut\u00e1ria, o governo procura criar um colch\u00e3o de prote\u00e7\u00e3o contra reajustes bruscos, amenizando os efeitos da instabilidade internacional sobre o bolso da popula\u00e7\u00e3o e sobre a cadeia produtiva.<\/p>\n\n\n\n<p>J\u00e1 o imposto criado para conter a exporta\u00e7\u00e3o de petr\u00f3leo brasileiro atende a outra frente da crise: a necessidade de assegurar que a produ\u00e7\u00e3o nacional n\u00e3o seja direcionada prioritariamente para fora do pa\u00eds em um momento de poss\u00edvel escassez. Em situa\u00e7\u00f5es de alta internacional, \u00e9 natural que produtores busquem mercados mais lucrativos. No entanto, quando isso amea\u00e7a o abastecimento dom\u00e9stico, cabe ao Estado intervir para equilibrar os interesses econ\u00f4micos com a seguran\u00e7a energ\u00e9tica nacional.<\/p>\n\n\n\n<p>Mais do que medidas isoladas, essas a\u00e7\u00f5es revelam uma estrat\u00e9gia de conten\u00e7\u00e3o. O objetivo n\u00e3o \u00e9 apenas reagir ao aumento de pre\u00e7os, mas prevenir um cen\u00e1rio mais grave de desabastecimento. Em tempos de crise geopol\u00edtica, governos s\u00e3o chamados a agir com rapidez para evitar que choques externos se transformem em problemas internos de grandes propor\u00e7\u00f5es.<\/p>\n\n\n\n<p>\u00c9 importante destacar que, em situa\u00e7\u00f5es como esta, o debate mais produtivo n\u00e3o \u00e9 o da busca por culpados, mas o da constru\u00e7\u00e3o de respostas eficazes. O desafio real est\u00e1 em proteger a popula\u00e7\u00e3o, preservar a atividade econ\u00f4mica e garantir estabilidade m\u00ednima em um contexto internacional cada vez mais imprevis\u00edvel.<\/p>\n\n\n\n<p>Se a guerra no Oriente M\u00e9dio continuar a se intensificar, a press\u00e3o sobre o mercado global de energia tende a aumentar. Nesse quadro, medidas de al\u00edvio tribut\u00e1rio e de prote\u00e7\u00e3o ao abastecimento interno podem se tornar n\u00e3o apenas justific\u00e1veis, mas necess\u00e1rias. O Brasil, como outros pa\u00edses, precisa estar preparado para agir com pragmatismo, responsabilidade e senso de prioridade.<\/p>\n\n\n\n<p>No fim, a quest\u00e3o central n\u00e3o \u00e9 apenas o pre\u00e7o do combust\u00edvel, mas a capacidade do pa\u00eds de enfrentar crises externas sem permitir que elas comprometam o funcionamento da economia e a vida cotidiana da popula\u00e7\u00e3o.<\/p>\n\n\n\n<p>Tenente Dirceu Cardoso Gon\u00e7alves &#8211; dirigente da ASPOMIL (Associa\u00e7\u00e3o de Assist. Social dos Policiais Militares de S\u00e3o Paulo).<\/p>\n","protected":false},"excerpt":{"rendered":"<p>Diante da crescente instabilidade internacional e do risco de impacto no abastecimento energ\u00e9tico, o governo&#8230;<\/p>\n","protected":false},"author":1,"featured_media":23327,"comment_status":"open","ping_status":"open","sticky":false,"template":"","format":"standard","meta":{"footnotes":""},"categories":[2],"tags":[],"featured_image_urls":{"full":["https:\/\/novosaopaulo.com.br\/n1\/wp-content\/uploads\/2025\/04\/Tenente-Dirceu-Cardoso-Goncalves.jpg",600,564,false],"thumbnail":["https:\/\/novosaopaulo.com.br\/n1\/wp-content\/uploads\/2025\/04\/Tenente-Dirceu-Cardoso-Goncalves-150x150.jpg",150,150,true],"medium":["https:\/\/novosaopaulo.com.br\/n1\/wp-content\/uploads\/2025\/04\/Tenente-Dirceu-Cardoso-Goncalves-300x282.jpg",300,282,true],"medium_large":["https:\/\/novosaopaulo.com.br\/n1\/wp-content\/uploads\/2025\/04\/Tenente-Dirceu-Cardoso-Goncalves.jpg",600,564,false],"large":["https:\/\/novosaopaulo.com.br\/n1\/wp-content\/uploads\/2025\/04\/Tenente-Dirceu-Cardoso-Goncalves.jpg",600,564,false],"1536x1536":["https:\/\/novosaopaulo.com.br\/n1\/wp-content\/uploads\/2025\/04\/Tenente-Dirceu-Cardoso-Goncalves.jpg",600,564,false],"2048x2048":["https:\/\/novosaopaulo.com.br\/n1\/wp-content\/uploads\/2025\/04\/Tenente-Dirceu-Cardoso-Goncalves.jpg",600,564,false],"newsever-slider-full":["https:\/\/novosaopaulo.com.br\/n1\/wp-content\/uploads\/2025\/04\/Tenente-Dirceu-Cardoso-Goncalves.jpg",600,564,false],"newsever-featured":["https:\/\/novosaopaulo.com.br\/n1\/wp-content\/uploads\/2025\/04\/Tenente-Dirceu-Cardoso-Goncalves.jpg",600,564,false],"newsever-medium":["https:\/\/novosaopaulo.com.br\/n1\/wp-content\/uploads\/2025\/04\/Tenente-Dirceu-Cardoso-Goncalves-600x475.jpg",600,475,true]},"author_info":{"display_name":"Reda\u00e7\u00e3o","author_link":"https:\/\/novosaopaulo.com.br\/n1\/author\/g5poa\/"},"category_info":"<a href=\"https:\/\/novosaopaulo.com.br\/n1\/category\/cidades\/\" rel=\"category tag\">Cidades<\/a>","tag_info":"Cidades","comment_count":"0","_links":{"self":[{"href":"https:\/\/novosaopaulo.com.br\/n1\/wp-json\/wp\/v2\/posts\/28424"}],"collection":[{"href":"https:\/\/novosaopaulo.com.br\/n1\/wp-json\/wp\/v2\/posts"}],"about":[{"href":"https:\/\/novosaopaulo.com.br\/n1\/wp-json\/wp\/v2\/types\/post"}],"author":[{"embeddable":true,"href":"https:\/\/novosaopaulo.com.br\/n1\/wp-json\/wp\/v2\/users\/1"}],"replies":[{"embeddable":true,"href":"https:\/\/novosaopaulo.com.br\/n1\/wp-json\/wp\/v2\/comments?post=28424"}],"version-history":[{"count":1,"href":"https:\/\/novosaopaulo.com.br\/n1\/wp-json\/wp\/v2\/posts\/28424\/revisions"}],"predecessor-version":[{"id":28425,"href":"https:\/\/novosaopaulo.com.br\/n1\/wp-json\/wp\/v2\/posts\/28424\/revisions\/28425"}],"wp:featuredmedia":[{"embeddable":true,"href":"https:\/\/novosaopaulo.com.br\/n1\/wp-json\/wp\/v2\/media\/23327"}],"wp:attachment":[{"href":"https:\/\/novosaopaulo.com.br\/n1\/wp-json\/wp\/v2\/media?parent=28424"}],"wp:term":[{"taxonomy":"category","embeddable":true,"href":"https:\/\/novosaopaulo.com.br\/n1\/wp-json\/wp\/v2\/categories?post=28424"},{"taxonomy":"post_tag","embeddable":true,"href":"https:\/\/novosaopaulo.com.br\/n1\/wp-json\/wp\/v2\/tags?post=28424"}],"curies":[{"name":"wp","href":"https:\/\/api.w.org\/{rel}","templated":true}]}}