{"id":28420,"date":"2026-03-13T16:23:47","date_gmt":"2026-03-13T19:23:47","guid":{"rendered":"https:\/\/novosaopaulo.com.br\/n1\/?p=28420"},"modified":"2026-03-13T18:27:04","modified_gmt":"2026-03-13T21:27:04","slug":"mes-da-mulher-gcm-de-poa-amplia-acoes-do-projeto-maria-vai-a-escola","status":"publish","type":"post","link":"https:\/\/novosaopaulo.com.br\/n1\/mes-da-mulher-gcm-de-poa-amplia-acoes-do-projeto-maria-vai-a-escola\/","title":{"rendered":"M\u00eas da Mulher: GCM de Po\u00e1 amplia a\u00e7\u00f5es do projeto Maria vai \u00e0 Escola"},"content":{"rendered":"\n<p>Programa desenvolvido pela Patrulha Maria da Penha leva palestras e orienta\u00e7\u00f5es sobre direitos e mecanismos de den\u00fancia<\/p>\n\n\n\n<p>Em alus\u00e3o ao m\u00eas das mulheres, a Guarda Civil Municipal (GCM) de Po\u00e1, por meio da Patrulha Maria da Penha, est\u00e1 intensificando as a\u00e7\u00f5es do projeto Maria Vai \u00e0 Escola com a realiza\u00e7\u00e3o de palestras, atividades educativas e encontros comunit\u00e1rios em diferentes pontos da cidade. A iniciativa tem como objetivo ampliar o debate sobre os direitos das mulheres, fortalecer a preven\u00e7\u00e3o \u00e0 viol\u00eancia dom\u00e9stica e orientar a popula\u00e7\u00e3o sobre canais de den\u00fancia e mecanismos de prote\u00e7\u00e3o.<\/p>\n\n\n\n<p>As atividades est\u00e3o sendo realizadas em escolas municipais e estaduais, al\u00e9m de institui\u00e7\u00f5es p\u00fablicas e espa\u00e7os comunit\u00e1rios da cidade. As EMEBs Est\u00e2ncia Hidromineral de Po\u00e1 e Professora Josefina Costa Calderaro est\u00e3o entre as institui\u00e7\u00f5es que j\u00e1 receberam o programa. A proposta \u00e9 aproximar a comunidade das pol\u00edticas de prote\u00e7\u00e3o \u00e0s mulheres, levando informa\u00e7\u00f5es claras e acess\u00edveis sobre direitos, preven\u00e7\u00e3o e mecanismos de den\u00fancia.<\/p>\n\n\n\n<p>Durante os encontros, agentes da Guarda Civil Municipal abordam temas como os diferentes tipos de viol\u00eancia contra a mulher, como f\u00edsica, patrimonial, moral, psicol\u00f3gica e sexual, al\u00e9m de explicar o funcionamento do ciclo da viol\u00eancia dom\u00e9stica e apresentar os direitos garantidos \u00e0s v\u00edtimas antes e depois do registro de ocorr\u00eancia.<\/p>\n\n\n\n<p>As atividades tamb\u00e9m incluem orienta\u00e7\u00f5es sobre as medidas protetivas previstas em lei, bem como os caminhos dispon\u00edveis para buscar ajuda em casos de agress\u00e3o ou amea\u00e7a. A participa\u00e7\u00e3o do p\u00fablico \u00e9 incentivada por meio de rodas de conversa, onde estudantes, moradores e trabalhadores podem esclarecer d\u00favidas e compartilhar reflex\u00f5es sobre o tema.<\/p>\n\n\n\n<p>Segundo a coordenadora da Patrulha Maria da Penha de Po\u00e1, Kelly Aparecida Pedro, a intensifica\u00e7\u00e3o das a\u00e7\u00f5es no m\u00eas de mar\u00e7o refor\u00e7a a import\u00e2ncia de ampliar o di\u00e1logo com a popula\u00e7\u00e3o sobre a prote\u00e7\u00e3o \u00e0s mulheres. \u201cA conscientiza\u00e7\u00e3o \u00e9 fundamental para prevenir a viol\u00eancia contra a mulher. Ao dialogar com adolescentes, jovens nas escolas e com toda a popula\u00e7\u00e3o, refor\u00e7amos o respeito aos direitos humanos e criamos uma cultura de igualdade e prote\u00e7\u00e3o, capaz de evitar que situa\u00e7\u00f5es de viol\u00eancia aconte\u00e7am\u201d, destacou.<\/p>\n\n\n\n<p>Kelly tamb\u00e9m ressaltou que o M\u00eas da Mulher representa uma oportunidade importante para fortalecer a rede de informa\u00e7\u00e3o e apoio. \u201cNeste m\u00eas de mar\u00e7o estamos intensificando as atividades justamente para ampliar o alcance das orienta\u00e7\u00f5es. Muitas mulheres ainda n\u00e3o sabem identificar os sinais da viol\u00eancia ou desconhecem os caminhos para buscar ajuda. Nosso trabalho \u00e9 levar informa\u00e7\u00e3o, acolhimento e mostrar que elas n\u00e3o est\u00e3o sozinhas\u201d, finalizou.<\/p>\n\n\n\n<figure class=\"wp-block-image size-large\"><img fetchpriority=\"high\" decoding=\"async\" width=\"1024\" height=\"736\" src=\"https:\/\/novosaopaulo.com.br\/n1\/wp-content\/uploads\/2026\/03\/WhatsApp-Image-2026-03-13-at-16.16.05-1024x736.jpeg\" alt=\"\" class=\"wp-image-28421\" srcset=\"https:\/\/novosaopaulo.com.br\/n1\/wp-content\/uploads\/2026\/03\/WhatsApp-Image-2026-03-13-at-16.16.05-1024x736.jpeg 1024w, https:\/\/novosaopaulo.com.br\/n1\/wp-content\/uploads\/2026\/03\/WhatsApp-Image-2026-03-13-at-16.16.05-300x216.jpeg 300w, https:\/\/novosaopaulo.com.br\/n1\/wp-content\/uploads\/2026\/03\/WhatsApp-Image-2026-03-13-at-16.16.05-768x552.jpeg 768w, https:\/\/novosaopaulo.com.br\/n1\/wp-content\/uploads\/2026\/03\/WhatsApp-Image-2026-03-13-at-16.16.05.jpeg 1252w\" sizes=\"(max-width: 1024px) 100vw, 1024px\" \/><\/figure>\n\n\n\n<p>Fotos: SECOM \/ Prefeitura de Po\u00e1<\/p>\n","protected":false},"excerpt":{"rendered":"<p>Programa desenvolvido pela Patrulha Maria da Penha leva palestras e orienta\u00e7\u00f5es sobre direitos e mecanismos&#8230;<\/p>\n","protected":false},"author":1,"featured_media":28422,"comment_status":"open","ping_status":"open","sticky":false,"template":"","format":"standard","meta":{"footnotes":""},"categories":[8],"tags":[],"featured_image_urls":{"full":["https:\/\/novosaopaulo.com.br\/n1\/wp-content\/uploads\/2026\/03\/WhatsApp-Image-2026-03-13-at-16.16.05-1.jpeg",1600,900,false],"thumbnail":["https:\/\/novosaopaulo.com.br\/n1\/wp-content\/uploads\/2026\/03\/WhatsApp-Image-2026-03-13-at-16.16.05-1-150x150.jpeg",150,150,true],"medium":["https:\/\/novosaopaulo.com.br\/n1\/wp-content\/uploads\/2026\/03\/WhatsApp-Image-2026-03-13-at-16.16.05-1-300x169.jpeg",300,169,true],"medium_large":["https:\/\/novosaopaulo.com.br\/n1\/wp-content\/uploads\/2026\/03\/WhatsApp-Image-2026-03-13-at-16.16.05-1-768x432.jpeg",640,360,true],"large":["https:\/\/novosaopaulo.com.br\/n1\/wp-content\/uploads\/2026\/03\/WhatsApp-Image-2026-03-13-at-16.16.05-1-1024x576.jpeg",640,360,true],"1536x1536":["https:\/\/novosaopaulo.com.br\/n1\/wp-content\/uploads\/2026\/03\/WhatsApp-Image-2026-03-13-at-16.16.05-1-1536x864.jpeg",1536,864,true],"2048x2048":["https:\/\/novosaopaulo.com.br\/n1\/wp-content\/uploads\/2026\/03\/WhatsApp-Image-2026-03-13-at-16.16.05-1.jpeg",1600,900,false],"newsever-slider-full":["https:\/\/novosaopaulo.com.br\/n1\/wp-content\/uploads\/2026\/03\/WhatsApp-Image-2026-03-13-at-16.16.05-1-1280x845.jpeg",1280,845,true],"newsever-featured":["https:\/\/novosaopaulo.com.br\/n1\/wp-content\/uploads\/2026\/03\/WhatsApp-Image-2026-03-13-at-16.16.05-1-1024x576.jpeg",1024,576,true],"newsever-medium":["https:\/\/novosaopaulo.com.br\/n1\/wp-content\/uploads\/2026\/03\/WhatsApp-Image-2026-03-13-at-16.16.05-1-720x475.jpeg",720,475,true]},"author_info":{"display_name":"Reda\u00e7\u00e3o","author_link":"https:\/\/novosaopaulo.com.br\/n1\/author\/g5poa\/"},"category_info":"<a href=\"https:\/\/novosaopaulo.com.br\/n1\/category\/poa\/\" rel=\"category tag\">Po\u00e1<\/a>","tag_info":"Po\u00e1","comment_count":"0","_links":{"self":[{"href":"https:\/\/novosaopaulo.com.br\/n1\/wp-json\/wp\/v2\/posts\/28420"}],"collection":[{"href":"https:\/\/novosaopaulo.com.br\/n1\/wp-json\/wp\/v2\/posts"}],"about":[{"href":"https:\/\/novosaopaulo.com.br\/n1\/wp-json\/wp\/v2\/types\/post"}],"author":[{"embeddable":true,"href":"https:\/\/novosaopaulo.com.br\/n1\/wp-json\/wp\/v2\/users\/1"}],"replies":[{"embeddable":true,"href":"https:\/\/novosaopaulo.com.br\/n1\/wp-json\/wp\/v2\/comments?post=28420"}],"version-history":[{"count":2,"href":"https:\/\/novosaopaulo.com.br\/n1\/wp-json\/wp\/v2\/posts\/28420\/revisions"}],"predecessor-version":[{"id":28427,"href":"https:\/\/novosaopaulo.com.br\/n1\/wp-json\/wp\/v2\/posts\/28420\/revisions\/28427"}],"wp:featuredmedia":[{"embeddable":true,"href":"https:\/\/novosaopaulo.com.br\/n1\/wp-json\/wp\/v2\/media\/28422"}],"wp:attachment":[{"href":"https:\/\/novosaopaulo.com.br\/n1\/wp-json\/wp\/v2\/media?parent=28420"}],"wp:term":[{"taxonomy":"category","embeddable":true,"href":"https:\/\/novosaopaulo.com.br\/n1\/wp-json\/wp\/v2\/categories?post=28420"},{"taxonomy":"post_tag","embeddable":true,"href":"https:\/\/novosaopaulo.com.br\/n1\/wp-json\/wp\/v2\/tags?post=28420"}],"curies":[{"name":"wp","href":"https:\/\/api.w.org\/{rel}","templated":true}]}}