{"id":28366,"date":"2026-03-09T20:01:57","date_gmt":"2026-03-09T23:01:57","guid":{"rendered":"https:\/\/novosaopaulo.com.br\/n1\/?p=28366"},"modified":"2026-03-09T20:01:58","modified_gmt":"2026-03-09T23:01:58","slug":"sem-aumento-sem-descanso-e-com-mais-risco-a-realidade-do-policial-militar-de-sao-paulo","status":"publish","type":"post","link":"https:\/\/novosaopaulo.com.br\/n1\/sem-aumento-sem-descanso-e-com-mais-risco-a-realidade-do-policial-militar-de-sao-paulo\/","title":{"rendered":"Sem aumento, sem descanso e com mais risco: a realidade do policial militar de S\u00e3o Paulo"},"content":{"rendered":"\n<p>A seguran\u00e7a p\u00fablica exige preparo, equil\u00edbrio emocional, aten\u00e7\u00e3o constante e resposta r\u00e1pida. Em uma fra\u00e7\u00e3o de segundo, um policial militar pode ter de decidir entre defender a pr\u00f3pria vida, proteger a de terceiros e conter uma situa\u00e7\u00e3o de extremo risco. Por isso, \u00e9 inadmiss\u00edvel que profissionais que atuam sob tanta press\u00e3o sejam submetidos a jornadas exaustivas, baixa valoriza\u00e7\u00e3o e falta de reconhecimento por parte do Estado empregador.<\/p>\n\n\n\n<p>No caso da Pol\u00edcia Militar de S\u00e3o Paulo, a insatisfa\u00e7\u00e3o cresce diante da aus\u00eancia de aumento salarial que era prometido e, mais do que isso, necess\u00e1rio. Enquanto o custo de vida sobe e a responsabilidade da fun\u00e7\u00e3o s\u00f3 aumenta, os policiais seguem sem a devida recomposi\u00e7\u00e3o salarial, convivendo ainda com a redu\u00e7\u00e3o de \u00edndices e direitos que impactam diretamente sua remunera\u00e7\u00e3o e sua dignidade profissional.<\/p>\n\n\n\n<p>A consequ\u00eancia \u00e9 grave. Sem valoriza\u00e7\u00e3o financeira suficiente, muitos policiais acabam recorrendo ao trabalho remunerado em seus hor\u00e1rios de folga para complementar a renda. O pr\u00f3prio Estado, em vez de garantir uma remunera\u00e7\u00e3o justa dentro da atividade principal, passa a estruturar mecanismos para que esse profissional continue trabalhando mesmo quando deveria descansar. Na pr\u00e1tica, isso institucionaliza uma l\u00f3gica perversa: o policial n\u00e3o tem folga real. Ele apenas troca um turno oficial por outro, igualmente desgastante, para conseguir manter sua sobreviv\u00eancia e a de sua fam\u00edlia.<\/p>\n\n\n\n<p>Esse cen\u00e1rio traz impactos profundos \u00e0 sa\u00fade f\u00edsica e mental do policial militar. A falta de descanso compromete o sono, aumenta o desgaste do corpo, favorece o surgimento de doen\u00e7as cardiovasculares, dores cr\u00f4nicas, fadiga extrema e queda da imunidade. No campo emocional, os efeitos podem ser ainda mais severos: ansiedade, irritabilidade, esgotamento psicol\u00f3gico, depress\u00e3o, s\u00edndrome de burnout e perda da capacidade de concentra\u00e7\u00e3o. E esse ponto merece m\u00e1xima aten\u00e7\u00e3o. A profiss\u00e3o policial exige lucidez permanente. Um PM exausto, sobrecarregado e sem tempo adequado de recupera\u00e7\u00e3o trabalha com reflexos reduzidos, racioc\u00ednio prejudicado e menor controle emocional. Isso n\u00e3o afeta apenas o pr\u00f3prio agente, mas tamb\u00e9m toda a sociedade. Um profissional que atua armado, em ambiente de tens\u00e3o e sob risco constante, precisa estar mentalmente apto para tomar decis\u00f5es r\u00e1pidas e corretas. Quando o Estado falha em garantir sal\u00e1rio digno e descanso adequado, ele n\u00e3o apenas prejudica o policial \u2014 ele compromete a pr\u00f3pria qualidade da seguran\u00e7a p\u00fablica entregue \u00e0 popula\u00e7\u00e3o.<\/p>\n\n\n\n<p>N\u00e3o se pode normalizar que homens e mulheres respons\u00e1veis por proteger vidas precisem sacrificar a pr\u00f3pria sa\u00fade para complementar renda. N\u00e3o se pode tratar como aceit\u00e1vel que a solu\u00e7\u00e3o para a defasagem salarial seja trabalhar nas horas que deveriam ser de descanso, conv\u00edvio familiar e recupera\u00e7\u00e3o f\u00edsica e emocional. Isso n\u00e3o \u00e9 valoriza\u00e7\u00e3o. Isso \u00e9 sobrecarga institucionalizada.<\/p>\n\n\n\n<p>Valorizar o policial militar vai muito al\u00e9m de discursos. Significa pagar de forma justa, respeitar direitos, garantir condi\u00e7\u00f5es dignas de trabalho e preservar a sa\u00fade daqueles que vivem diariamente sob tens\u00e3o extrema. Um profissional exausto n\u00e3o \u00e9 apenas um trabalhador adoecido \u2014 \u00e9 tamb\u00e9m o retrato de um Estado que deixou de cuidar de quem deveria proteger a sociedade.<\/p>\n\n\n\n<p>Se o governo n\u00e3o concede o aumento necess\u00e1rio, reduz direitos e empurra o policial para jornadas sem descanso, o resultado \u00e9 previs\u00edvel: adoecimento, desmotiva\u00e7\u00e3o e maior risco para todos. Defender a valoriza\u00e7\u00e3o da Pol\u00edcia Militar n\u00e3o \u00e9 apenas uma pauta corporativa. \u00c9 uma necessidade humana, institucional e social.<\/p>\n\n\n\n<p>Tenente Dirceu Cardoso Gon\u00e7alves &#8211; dirigente da ASPOMIL (Associa\u00e7\u00e3o de Assist. Social dos Policiais Militares de S\u00e3o Paulo).<\/p>\n","protected":false},"excerpt":{"rendered":"<p>A seguran\u00e7a p\u00fablica exige preparo, equil\u00edbrio emocional, aten\u00e7\u00e3o constante e resposta r\u00e1pida. Em uma fra\u00e7\u00e3o&#8230;<\/p>\n","protected":false},"author":1,"featured_media":23327,"comment_status":"open","ping_status":"open","sticky":false,"template":"","format":"standard","meta":{"footnotes":""},"categories":[2],"tags":[],"featured_image_urls":{"full":["https:\/\/novosaopaulo.com.br\/n1\/wp-content\/uploads\/2025\/04\/Tenente-Dirceu-Cardoso-Goncalves.jpg",600,564,false],"thumbnail":["https:\/\/novosaopaulo.com.br\/n1\/wp-content\/uploads\/2025\/04\/Tenente-Dirceu-Cardoso-Goncalves-150x150.jpg",150,150,true],"medium":["https:\/\/novosaopaulo.com.br\/n1\/wp-content\/uploads\/2025\/04\/Tenente-Dirceu-Cardoso-Goncalves-300x282.jpg",300,282,true],"medium_large":["https:\/\/novosaopaulo.com.br\/n1\/wp-content\/uploads\/2025\/04\/Tenente-Dirceu-Cardoso-Goncalves.jpg",600,564,false],"large":["https:\/\/novosaopaulo.com.br\/n1\/wp-content\/uploads\/2025\/04\/Tenente-Dirceu-Cardoso-Goncalves.jpg",600,564,false],"1536x1536":["https:\/\/novosaopaulo.com.br\/n1\/wp-content\/uploads\/2025\/04\/Tenente-Dirceu-Cardoso-Goncalves.jpg",600,564,false],"2048x2048":["https:\/\/novosaopaulo.com.br\/n1\/wp-content\/uploads\/2025\/04\/Tenente-Dirceu-Cardoso-Goncalves.jpg",600,564,false],"newsever-slider-full":["https:\/\/novosaopaulo.com.br\/n1\/wp-content\/uploads\/2025\/04\/Tenente-Dirceu-Cardoso-Goncalves.jpg",600,564,false],"newsever-featured":["https:\/\/novosaopaulo.com.br\/n1\/wp-content\/uploads\/2025\/04\/Tenente-Dirceu-Cardoso-Goncalves.jpg",600,564,false],"newsever-medium":["https:\/\/novosaopaulo.com.br\/n1\/wp-content\/uploads\/2025\/04\/Tenente-Dirceu-Cardoso-Goncalves-600x475.jpg",600,475,true]},"author_info":{"display_name":"Reda\u00e7\u00e3o","author_link":"https:\/\/novosaopaulo.com.br\/n1\/author\/g5poa\/"},"category_info":"<a href=\"https:\/\/novosaopaulo.com.br\/n1\/category\/cidades\/\" rel=\"category tag\">Cidades<\/a>","tag_info":"Cidades","comment_count":"0","_links":{"self":[{"href":"https:\/\/novosaopaulo.com.br\/n1\/wp-json\/wp\/v2\/posts\/28366"}],"collection":[{"href":"https:\/\/novosaopaulo.com.br\/n1\/wp-json\/wp\/v2\/posts"}],"about":[{"href":"https:\/\/novosaopaulo.com.br\/n1\/wp-json\/wp\/v2\/types\/post"}],"author":[{"embeddable":true,"href":"https:\/\/novosaopaulo.com.br\/n1\/wp-json\/wp\/v2\/users\/1"}],"replies":[{"embeddable":true,"href":"https:\/\/novosaopaulo.com.br\/n1\/wp-json\/wp\/v2\/comments?post=28366"}],"version-history":[{"count":1,"href":"https:\/\/novosaopaulo.com.br\/n1\/wp-json\/wp\/v2\/posts\/28366\/revisions"}],"predecessor-version":[{"id":28367,"href":"https:\/\/novosaopaulo.com.br\/n1\/wp-json\/wp\/v2\/posts\/28366\/revisions\/28367"}],"wp:featuredmedia":[{"embeddable":true,"href":"https:\/\/novosaopaulo.com.br\/n1\/wp-json\/wp\/v2\/media\/23327"}],"wp:attachment":[{"href":"https:\/\/novosaopaulo.com.br\/n1\/wp-json\/wp\/v2\/media?parent=28366"}],"wp:term":[{"taxonomy":"category","embeddable":true,"href":"https:\/\/novosaopaulo.com.br\/n1\/wp-json\/wp\/v2\/categories?post=28366"},{"taxonomy":"post_tag","embeddable":true,"href":"https:\/\/novosaopaulo.com.br\/n1\/wp-json\/wp\/v2\/tags?post=28366"}],"curies":[{"name":"wp","href":"https:\/\/api.w.org\/{rel}","templated":true}]}}