{"id":28356,"date":"2026-03-09T18:29:29","date_gmt":"2026-03-09T21:29:29","guid":{"rendered":"https:\/\/novosaopaulo.com.br\/n1\/?p=28356"},"modified":"2026-03-09T18:29:30","modified_gmt":"2026-03-09T21:29:30","slug":"milton-guedes-apresenta-o-show-exclusivo-milton-canta-lulucom-estreia-no-rio-e-em-sao-paulo","status":"publish","type":"post","link":"https:\/\/novosaopaulo.com.br\/n1\/milton-guedes-apresenta-o-show-exclusivo-milton-canta-lulucom-estreia-no-rio-e-em-sao-paulo\/","title":{"rendered":"Milton Guedes apresenta o show exclusivo \u201cMilton Canta Lulu\u201dcom estreia no Rio e em S\u00e3o Paulo"},"content":{"rendered":"\n<p>Espet\u00e1culo celebra os grandes sucessos de Lulu Santos em vers\u00e3o especial com<br>cenografia in\u00e9dita e releituras emocionantes<\/p>\n\n\n\n<p>Depois de d\u00e9cadas dividindo palcos e construindo uma s\u00f3lida trajet\u00f3ria na m\u00fasica brasileira,<br>o cantor, compositor e multi-instrumentista Milton Guedes apresenta o espet\u00e1culo especial<br>\u201cMilton Canta Lulu\u201d, um show dedicado \u00e0 obra de Lulu Santos, um dos maiores nomes<br>do pop nacional.<br>A apresenta\u00e7\u00e3o estreia nos palcos do Teatro Claro Mais RJ, no dia 29 de abril, e do<br>Teatro Claro Mais SP, no dia 13 de maio, marcando o in\u00edcio de uma turn\u00ea que percorrer\u00e1<br>diversas cidades do Brasil ao longo do ano.<br>Mais do que uma homenagem, o espet\u00e1culo nasce de uma rela\u00e7\u00e3o art\u00edstica real. Milton<br>integrou a banda de Lulu Santos por muitos anos, participando de turn\u00eas hist\u00f3ricas e<br>consolidando sua identidade musical dentro do universo pop brasileiro. Agora, ele revisita<br>esse repert\u00f3rio sob um olhar pessoal, trazendo ao palco interpreta\u00e7\u00f5es que misturam<br>mem\u00f3ria afetiva, energia e celebra\u00e7\u00e3o.<br>No repert\u00f3rio, o p\u00fablico pode esperar cl\u00e1ssicos que atravessam gera\u00e7\u00f5es e permanecem<br>atuais, apresentados em arranjos originais, pensados para cantar junto e dan\u00e7ar. O show<br>ganha ainda cenografia exclusiva, criada especialmente para o projeto, com elementos<br>visuais que remetem a diferentes fases da carreira de Lulu Santos \u2014 incluindo refer\u00eancias a<br>capas ic\u00f4nicas, vinis e imagens que dialogam com a hist\u00f3ria do pop brasileiro \u2014 compondo<br>uma atmosfera envolvente e nost\u00e1lgica.<br>Conhecido por sua versatilidade como cantor e multi-instrumentista, Milton conduz o<br>espet\u00e1culo alternando voz, instrumentos e hist\u00f3rias de bastidores, aproximando o p\u00fablico<br>do universo criativo que marcou uma era da m\u00fasica brasileira.<br>\u201cMilton Canta Lulu\u201d \u00e9 um encontro entre duas trajet\u00f3rias que se cruzam na hist\u00f3ria do pop<br>nacional \u2014 um tributo feito por quem viveu essa m\u00fasica de dentro do palco.<\/p>\n","protected":false},"excerpt":{"rendered":"<p>Espet\u00e1culo celebra os grandes sucessos de Lulu Santos em vers\u00e3o especial comcenografia in\u00e9dita e releituras&#8230;<\/p>\n","protected":false},"author":1,"featured_media":28357,"comment_status":"open","ping_status":"open","sticky":false,"template":"","format":"standard","meta":{"footnotes":""},"categories":[2],"tags":[],"featured_image_urls":{"full":["https:\/\/novosaopaulo.com.br\/n1\/wp-content\/uploads\/2026\/03\/Milton-canta-Lulu.jpg",709,532,false],"thumbnail":["https:\/\/novosaopaulo.com.br\/n1\/wp-content\/uploads\/2026\/03\/Milton-canta-Lulu-150x150.jpg",150,150,true],"medium":["https:\/\/novosaopaulo.com.br\/n1\/wp-content\/uploads\/2026\/03\/Milton-canta-Lulu-300x225.jpg",300,225,true],"medium_large":["https:\/\/novosaopaulo.com.br\/n1\/wp-content\/uploads\/2026\/03\/Milton-canta-Lulu.jpg",640,480,false],"large":["https:\/\/novosaopaulo.com.br\/n1\/wp-content\/uploads\/2026\/03\/Milton-canta-Lulu.jpg",640,480,false],"1536x1536":["https:\/\/novosaopaulo.com.br\/n1\/wp-content\/uploads\/2026\/03\/Milton-canta-Lulu.jpg",709,532,false],"2048x2048":["https:\/\/novosaopaulo.com.br\/n1\/wp-content\/uploads\/2026\/03\/Milton-canta-Lulu.jpg",709,532,false],"newsever-slider-full":["https:\/\/novosaopaulo.com.br\/n1\/wp-content\/uploads\/2026\/03\/Milton-canta-Lulu.jpg",709,532,false],"newsever-featured":["https:\/\/novosaopaulo.com.br\/n1\/wp-content\/uploads\/2026\/03\/Milton-canta-Lulu.jpg",709,532,false],"newsever-medium":["https:\/\/novosaopaulo.com.br\/n1\/wp-content\/uploads\/2026\/03\/Milton-canta-Lulu-709x475.jpg",709,475,true]},"author_info":{"display_name":"Reda\u00e7\u00e3o","author_link":"https:\/\/novosaopaulo.com.br\/n1\/author\/g5poa\/"},"category_info":"<a href=\"https:\/\/novosaopaulo.com.br\/n1\/category\/cidades\/\" rel=\"category tag\">Cidades<\/a>","tag_info":"Cidades","comment_count":"0","_links":{"self":[{"href":"https:\/\/novosaopaulo.com.br\/n1\/wp-json\/wp\/v2\/posts\/28356"}],"collection":[{"href":"https:\/\/novosaopaulo.com.br\/n1\/wp-json\/wp\/v2\/posts"}],"about":[{"href":"https:\/\/novosaopaulo.com.br\/n1\/wp-json\/wp\/v2\/types\/post"}],"author":[{"embeddable":true,"href":"https:\/\/novosaopaulo.com.br\/n1\/wp-json\/wp\/v2\/users\/1"}],"replies":[{"embeddable":true,"href":"https:\/\/novosaopaulo.com.br\/n1\/wp-json\/wp\/v2\/comments?post=28356"}],"version-history":[{"count":1,"href":"https:\/\/novosaopaulo.com.br\/n1\/wp-json\/wp\/v2\/posts\/28356\/revisions"}],"predecessor-version":[{"id":28358,"href":"https:\/\/novosaopaulo.com.br\/n1\/wp-json\/wp\/v2\/posts\/28356\/revisions\/28358"}],"wp:featuredmedia":[{"embeddable":true,"href":"https:\/\/novosaopaulo.com.br\/n1\/wp-json\/wp\/v2\/media\/28357"}],"wp:attachment":[{"href":"https:\/\/novosaopaulo.com.br\/n1\/wp-json\/wp\/v2\/media?parent=28356"}],"wp:term":[{"taxonomy":"category","embeddable":true,"href":"https:\/\/novosaopaulo.com.br\/n1\/wp-json\/wp\/v2\/categories?post=28356"},{"taxonomy":"post_tag","embeddable":true,"href":"https:\/\/novosaopaulo.com.br\/n1\/wp-json\/wp\/v2\/tags?post=28356"}],"curies":[{"name":"wp","href":"https:\/\/api.w.org\/{rel}","templated":true}]}}