{"id":28353,"date":"2026-03-09T18:26:33","date_gmt":"2026-03-09T21:26:33","guid":{"rendered":"https:\/\/novosaopaulo.com.br\/n1\/?p=28353"},"modified":"2026-03-09T18:26:34","modified_gmt":"2026-03-09T21:26:34","slug":"arsenal-da-esperanca-celebra-30-anos-com-cerimonia-no-dia-21-3-e-presenca-de-autoridades","status":"publish","type":"post","link":"https:\/\/novosaopaulo.com.br\/n1\/arsenal-da-esperanca-celebra-30-anos-com-cerimonia-no-dia-21-3-e-presenca-de-autoridades\/","title":{"rendered":"Arsenal da Esperan\u00e7a celebra 30 anos com cerim\u00f4nia no dia 21\/3 e presen\u00e7a de autoridades"},"content":{"rendered":"\n<p>Localizada na Mooca, Zona Leste de S\u00e3o Paulo, institui\u00e7\u00e3o acolhe diariamente 1.200 homens em situa\u00e7\u00e3o de rua e soma dezenas de pr\u00eamios por sua atua\u00e7\u00e3o social<br>Na programa\u00e7\u00e3o comemorativa, destaque tamb\u00e9m para a tradicional Festa de Rua, com gastronomia t\u00edpica da It\u00e1lia e apresenta\u00e7\u00f5es art\u00edsticas<\/p>\n\n\n\n<p>Nem todos em S\u00e3o Paulo conhecem a dimens\u00e3o e o impacto do trabalho realizado pelo Arsenal da Esperan\u00e7a. Mais do que oferecer acolhimento di\u00e1rio a 1.200 homens em situa\u00e7\u00e3o de vulnerabilidade social, a institui\u00e7\u00e3o desenvolve uma ampla rede de a\u00e7\u00f5es educativas, culturais e de capacita\u00e7\u00e3o profissional voltadas \u00e0 gera\u00e7\u00e3o de renda e \u00e0 constru\u00e7\u00e3o de novas perspectivas de vida. O objetivo \u00e9 claro: restaurar a autoestima, promover dignidade e criar oportunidades reais de transforma\u00e7\u00e3o.<br>Em 2026, o Arsenal da Esperan\u00e7a completa 30 anos com motivos para comemorar. No dia 21 de mar\u00e7o (s\u00e1bado), \u00e0s 15h30, &#8211; o evento principal &#8211; acontecer\u00e1 uma celebra\u00e7\u00e3o especial para convidados e acolhidos da casa com:<br>\u2022 Apresenta\u00e7\u00e3o art\u00edstica &#8211; pocket show do musical ARSENAL \u2013 As Armas da Paz, inspirado na hist\u00f3ria da institui\u00e7\u00e3o, com a cantora Ziza Fernandes e produ\u00e7\u00e3o da Oficina Viva Produ\u00e7\u00f5es;<br>\u2022 Missa em A\u00e7\u00e3o de Gra\u00e7as presidida pelo arcebispo de S\u00e3o Paulo, cardeal Dom Odilo Pedro Scherer;<br>\u2022 Festa de Rua &#8211; com gastronomia t\u00edpica da It\u00e1lia e apresenta\u00e7\u00f5es art\u00edsticas.<br>Para a ocasi\u00e3o foram convidadas autoridades, entre elas o vice-presidente da Rep\u00fablica Geraldo Alckmin, o governador de S\u00e3o Paulo, Tarc\u00edsio de Freitas, e o prefeito de S\u00e3o Paulo, Ricardo Nunes. O C\u00f4nsul Geral da It\u00e1lia em S\u00e3o Paulo, Domenico Fornara, j\u00e1 est\u00e1 confirmado. A expectativa \u00e9 receber mais de 1.000 pessoas. Interessados em participar dessa cerim\u00f4nia inscri\u00e7\u00f5es AQUI.<br>A Festa de Rua \u2013 aberta a todos -, ser\u00e1 realizada de 20 a 22 de mar\u00e7o, das 18 \u00e0s 22 horas &#8211; no domingo das 17 \u00e0s 21 horas -, ao longo da rua Dr. Almeida Lima, na Mooca, onde est\u00e1 localizado o Arsenal. Em parceria com a Par\u00f3quia de Nossa Senhora de Casaluce, o evento contar\u00e1 com barracas de comidas t\u00edpicas italianas \u2014 pizzas, massas, fogazzas, cannolis \u2013 al\u00e9m de churrasco e outras especialidades \u2014 e apresenta\u00e7\u00f5es art\u00edsticas.<br>Na quinta-feira (20\/3) haver\u00e1 tamb\u00e9m uma programa\u00e7\u00e3o especialmente dedicada aos acolhidos da casa, com muito futebol: a final do Campeonato PACE League, inspirado no formato da Kings League.<br>\u201cO Arsenal da Esperan\u00e7a \u00e9 mais do que um abrigo; \u00e9 um lugar onde a dignidade humana \u00e9 restaurada todos os dias. Cada homem que chega traz uma hist\u00f3ria de dor, mas tamb\u00e9m um imenso potencial de recome\u00e7o. Nossa miss\u00e3o \u00e9 oferecer n\u00e3o apenas teto e alimento, mas acolhimento, respeito e oportunidades concretas de transforma\u00e7\u00e3o. \u00c9 uma esperan\u00e7a que renasce diariamente dentro deste pequeno vilarejo\u201d, afirma o padre Simone Bernardi, mission\u00e1rio italiano que dirige a institui\u00e7\u00e3o h\u00e1 mais de 20 anos.<br>\u201cA cidade de S\u00e3o Paulo tende a olhar para os pr\u00e9dios onde est\u00e1 o Arsenal da Esperan\u00e7a ainda com a vis\u00e3o da hist\u00f3ria passada, na qual imigrantes chegavam, se hospedavam e seguiam em busca de um destino. \u00c9 prov\u00e1vel que muitos se surpreendam ao descobrirem que, atualmente, aqueles pr\u00e9dios s\u00e3o o pr\u00f3prio destino de muita gente. Um povo migrante de si mesmo, que saiu de casa para rua, da fam\u00edlia para a solid\u00e3o, sabe-se l\u00e1 de onde para um lugar que desconhece, tamb\u00e9m. E ao se transformar em destino \u2014 tanto dos que l\u00e1 permanecem, quanto dos que v\u00e3o e voltam \u2014 ajuda a dar identidade, restitui a dignidade, oferece a acolhida que se realiza na palavra, no abra\u00e7o, na cumplicidade do olhar, no prato de comida. O Arsenal se faz esperan\u00e7a h\u00e1 30 anos\u201d, enaltece Milton Jung, um dos jornalistas mais influentes e respeitados do Brasil, que realiza a\u00e7\u00f5es de voluntariado no Arsenal da Esperan\u00e7a.<br>Lan\u00e7amento de livro e musical no ano comemorativo \u2013 A trajet\u00f3ria de tr\u00eas d\u00e9cadas da institui\u00e7\u00e3o ser\u00e1 celebrada durante todo o ano. Entre os destaques est\u00e1 o lan\u00e7amento do livro SIM \u2013 O Cora\u00e7\u00e3o do Arsenal da Esperan\u00e7a, de autoria do fundador da institui\u00e7\u00e3o, o italiano Ernesto Olivero, atualmente com 85 anos, que no Brasil ser\u00e1 publicado pela Format Editora.<br>J\u00e1 nos dias 5 e 6 de setembro ser\u00e1 a apresenta\u00e7\u00e3o completa do musical Arsenal \u2013 As Armas da Paz, no Teatro \u00cdtalo Brasileiro.<br>Tamb\u00e9m est\u00e1 previsto um grafite gigante (23m x 7m) a ser produzido em um dos muros do Arsenal e inspirado no trabalho de acolhida da casa. O grafite ser\u00e1 realizado pelo artista italiano Edoardo Ettorre (IG: @edoardo.ettorre), com a gest\u00e3o da Empresa She Wolf e o apoio institucional do Istituto Italiano di Cultura di San Paolo, com inaugura\u00e7\u00e3o dia 21 de abril de 2026. Ser\u00e3o produzidos tamb\u00e9m v\u00eddeos comemorativos para o YouTube e com cortes para o Instagram e Facebook, com depoimentos de volunt\u00e1rios, parceiros, funcion\u00e1rios e acolhidos.<br>Hist\u00f3ria e miss\u00e3o<br>Instalado no pr\u00e9dio da antiga Hospedaria de Imigrantes, na Mooca \u2014 que no passado acolhia fam\u00edlias europeias e asi\u00e1ticas imigrantes e refugiadas \u2014 o Arsenal hoje abriga homens brasileiros e estrangeiros em situa\u00e7\u00e3o de vulnerabilidade. A obra \u00e9 conduzida pela Associa\u00e7\u00e3o Assindes Sermig \u2014 Servizio Missionario Giovani e foi iniciada em 1996 por Ernesto Olivero e Dom Luciano Pedro Mendes de Almeida. O Arsenal da Esperan\u00e7a \u00e9 o primeiro projeto fora de Turim (It\u00e1lia) ligado ao Arsenal da Paz, criado em 1983.<br>Ao longo dessas tr\u00eas d\u00e9cadas, o Arsenal conquistou dezenas de pr\u00eamios, certificados, homenagens, entre eles:<br>\u2022 Salva de Prata (4\/12\/2025) \u2013 Maior honraria da C\u00e2mara Municipal de S\u00e3o Paulo;<br>\u2022 Pr\u00eamio Cidade de S\u00e3o Paulo (23\/1\/2025) \u2013 Concedido pelo Munic\u00edpio de S\u00e3o Paulo;<br>\u2022 Pr\u00eamio USP de Direitos Humanos \u2013 Men\u00e7\u00e3o Honrosa (10\/12\/2009) \u2013 Categoria Institucional;<br>\u2022 Certificado Top Qualidade Brasil 2014 \u2013 Selo Ouro (19\/4\/2014).<br>S\u00e3o pr\u00eamios que reconhecem o trabalho do Arsenal da Esperan\u00e7a, que vai al\u00e9m do acolhimento \u00e0s pessoas em situa\u00e7\u00e3o de rua. A casa acolhe uma popula\u00e7\u00e3o masculina, que recebe alimenta\u00e7\u00e3o, roupa lavada, cama para dormir, acesso a cursos de profissionaliza\u00e7\u00e3o e atividades culturais. O Arsenal tem uma equipe multidisciplinar, onde o acolhido \u00e9 atendido por assistentes sociais, psic\u00f3logos, orientadores socioeducativos e profissionais da \u00e1rea da sa\u00fade e, acima de tudo, diz o padre Simone \u201crecebem respeito, maior necessidade dessas pessoas\u201d.<br>Segundo o padre Simone tamb\u00e9m \u00e9 muito importante que o Arsenal faz com que \u201co acolhido pense nele pr\u00f3prio em uma perspectiva mais ampla e mais a longo prazo\u201d. Dentro desse conceito o Arsenal promove cursos de capacita\u00e7\u00e3o profissional e de alfabetiza\u00e7\u00e3o. No Arsenal tamb\u00e9m tem biblioteca, quadra de futebol, sala de jogos, grupos de apoio (NA e AA &#8211; Narc\u00f3ticos e Alc\u00f3olicos An\u00f4nimos), entre outros servi\u00e7os que visam proporcionar a reorganiza\u00e7\u00e3o da vida, o fortalecimento da autoestima, a melhoria na qualidade de vida e o seu desenvolvimento profissional, pessoal e social.<\/p>\n\n\n\n<p>Impacto em n\u00fameros<br>Em funcionamento ininterrupto, desde 1996 \u2014 inclusive durante a pandemia da Covid-19 \u2014 o Arsenal j\u00e1 acolheu aproximadamente 80 mil homens, totalizando:<br>\u2022 11.440.166 noites de hospitalidade<br>\u2022 28.298.020 refei\u00e7\u00f5es<br>\u2022 13.984.959 banhos<br>\u2022 224.610 participantes nos grupos de NA e AA<br>\u2022 Aproximadamente 1.400.000 presen\u00e7as em cursos<br>Mensalmente, na institui\u00e7\u00e3o s\u00e3o consumidos 10 mil litros de bebidas (caf\u00e9s e leite) e cerca de 85 mil quilos de alimentos, al\u00e9m de aproximadamente 7,5 toneladas de produtos de limpeza por ano. \u201cEssa caminhada s\u00f3 tem sido poss\u00edvel gra\u00e7as tamb\u00e9m \u00e0 confian\u00e7a do Governo do Estado de S\u00e3o Paulo e da Prefeitura de S\u00e3o Paulo\u201d, ressalta padre Simone.<br>O Arsenal tamb\u00e9m desenvolve o projeto Laborat\u00f3rio da Esperan\u00e7a, voltado especialmente aos jovens, com viv\u00eancias de forma\u00e7\u00e3o, solidariedade e espiritualidade. A institui\u00e7\u00e3o promove ainda forma\u00e7\u00e3o cidad\u00e3 para volunt\u00e1rios e mant\u00e9m parceria com cerca de 70 escolas, que visitam o espa\u00e7o para conhecer de perto essa realidade.<br>Entre os principais parceiros est\u00e3o: Prefeitura de S\u00e3o Paulo \u2013 Secretaria Municipal de Assist\u00eancia e Desenvolvimento Social (SMADS); Servi\u00e7o Nacional de Aprendizagem Industrial (SENAI); Servi\u00e7o Brasileiro de Apoio \u00e0s Micro e Pequenas Empresas (SEBRAE).<br>\u201cO Arsenal \u00e9 uma casa que acolhe pessoas em dificuldade, mas \u00e9 sobretudo uma casa aberta a todos, onde cada um pode crescer e se fortalecer para encontrar o pr\u00f3prio caminho, num contexto de confian\u00e7a e rela\u00e7\u00f5es acolhedoras\u201d, conclui padre Simone.<br>Perfil dos acolhidos atualmente<br>Levantamento interno aponta que:<br>\u2022 36% t\u00eam entre 26 e 40 anos<br>\u2022 34% entre 41 e 50 anos<br>\u2022 20% entre 51 e 59 anos<br>\u2022 5% entre 18 e 25 anos<br>\u2022 1% acima de 65 anos<br>Cerca de 70% s\u00e3o da Regi\u00e3o Sudeste, quase 30% do Nordeste, al\u00e9m de uma pequena parcela de refugiados.<br>Motivos da chegada:<br>\u2022 32% desemprego<br>\u2022 24% dificuldade para pagar aluguel<br>\u2022 25% desentendimentos familiares<br>\u2022 20% depend\u00eancia qu\u00edmica<\/p>\n\n\n\n<p>Como ajudar<br>PIX: CNPJ 62.459.409\/0001-28<br>Raz\u00e3o Social: Associa\u00e7\u00e3o Assindes Sermig<br>Banco Santander: Ag. 0144 \u2013 Conta 13-003147-6<br>Tamb\u00e9m \u00e9 poss\u00edvel doar via Nota Fiscal Paulista ou tornar-se volunt\u00e1rio.<br>\ud83d\udccd Rua Dr. Almeida Lima, 900 \u2013 Mooca \u2013 S\u00e3o Paulo<br>\ud83d\udce7 arsenaldobrasil@gmail.com<br>\ud83d\udcf1 (11) 94235-3233<br>\ud83c\udf10 arsenaldaesperanca.org.br<br>IG: @arsenal_da_esperanca<br>YT: @arsenaldobrasil<br>FB: facebook.com<\/p>\n\n\n\n<p>Servi\u00e7o \u2013 Comemora\u00e7\u00f5es 30 Anos Arsenal da Esperan\u00e7a:<br>. 21.3 \u2013 \u00c0s 15h30 \u2013 apresenta\u00e7\u00e3o cultural, Missa, entre outros<br>. De 20 a 22.3 \u2013 das 18h \u00e0s 22h (exceto domingo, que ser\u00e1 das 17h \u00e0s 21h) \u2013 Festa de rua, com gastronomia e apresenta\u00e7\u00f5es art\u00edsticas t\u00edpicas da It\u00e1lia<\/p>\n\n\n\n<p>Cr\u00e9dito: Sermig\/Arsenal da Esperan\u00e7a<\/p>\n","protected":false},"excerpt":{"rendered":"<p>Localizada na Mooca, Zona Leste de S\u00e3o Paulo, institui\u00e7\u00e3o acolhe diariamente 1.200 homens em situa\u00e7\u00e3o&#8230;<\/p>\n","protected":false},"author":1,"featured_media":28354,"comment_status":"open","ping_status":"open","sticky":false,"template":"","format":"standard","meta":{"footnotes":""},"categories":[2],"tags":[],"featured_image_urls":{"full":["https:\/\/novosaopaulo.com.br\/n1\/wp-content\/uploads\/2026\/03\/WhatsApp-Image-2026-03-09-at-13.19.45.jpeg",960,720,false],"thumbnail":["https:\/\/novosaopaulo.com.br\/n1\/wp-content\/uploads\/2026\/03\/WhatsApp-Image-2026-03-09-at-13.19.45-150x150.jpeg",150,150,true],"medium":["https:\/\/novosaopaulo.com.br\/n1\/wp-content\/uploads\/2026\/03\/WhatsApp-Image-2026-03-09-at-13.19.45-300x225.jpeg",300,225,true],"medium_large":["https:\/\/novosaopaulo.com.br\/n1\/wp-content\/uploads\/2026\/03\/WhatsApp-Image-2026-03-09-at-13.19.45-768x576.jpeg",640,480,true],"large":["https:\/\/novosaopaulo.com.br\/n1\/wp-content\/uploads\/2026\/03\/WhatsApp-Image-2026-03-09-at-13.19.45.jpeg",640,480,false],"1536x1536":["https:\/\/novosaopaulo.com.br\/n1\/wp-content\/uploads\/2026\/03\/WhatsApp-Image-2026-03-09-at-13.19.45.jpeg",960,720,false],"2048x2048":["https:\/\/novosaopaulo.com.br\/n1\/wp-content\/uploads\/2026\/03\/WhatsApp-Image-2026-03-09-at-13.19.45.jpeg",960,720,false],"newsever-slider-full":["https:\/\/novosaopaulo.com.br\/n1\/wp-content\/uploads\/2026\/03\/WhatsApp-Image-2026-03-09-at-13.19.45.jpeg",960,720,false],"newsever-featured":["https:\/\/novosaopaulo.com.br\/n1\/wp-content\/uploads\/2026\/03\/WhatsApp-Image-2026-03-09-at-13.19.45.jpeg",960,720,false],"newsever-medium":["https:\/\/novosaopaulo.com.br\/n1\/wp-content\/uploads\/2026\/03\/WhatsApp-Image-2026-03-09-at-13.19.45-720x475.jpeg",720,475,true]},"author_info":{"display_name":"Reda\u00e7\u00e3o","author_link":"https:\/\/novosaopaulo.com.br\/n1\/author\/g5poa\/"},"category_info":"<a href=\"https:\/\/novosaopaulo.com.br\/n1\/category\/cidades\/\" rel=\"category tag\">Cidades<\/a>","tag_info":"Cidades","comment_count":"0","_links":{"self":[{"href":"https:\/\/novosaopaulo.com.br\/n1\/wp-json\/wp\/v2\/posts\/28353"}],"collection":[{"href":"https:\/\/novosaopaulo.com.br\/n1\/wp-json\/wp\/v2\/posts"}],"about":[{"href":"https:\/\/novosaopaulo.com.br\/n1\/wp-json\/wp\/v2\/types\/post"}],"author":[{"embeddable":true,"href":"https:\/\/novosaopaulo.com.br\/n1\/wp-json\/wp\/v2\/users\/1"}],"replies":[{"embeddable":true,"href":"https:\/\/novosaopaulo.com.br\/n1\/wp-json\/wp\/v2\/comments?post=28353"}],"version-history":[{"count":1,"href":"https:\/\/novosaopaulo.com.br\/n1\/wp-json\/wp\/v2\/posts\/28353\/revisions"}],"predecessor-version":[{"id":28355,"href":"https:\/\/novosaopaulo.com.br\/n1\/wp-json\/wp\/v2\/posts\/28353\/revisions\/28355"}],"wp:featuredmedia":[{"embeddable":true,"href":"https:\/\/novosaopaulo.com.br\/n1\/wp-json\/wp\/v2\/media\/28354"}],"wp:attachment":[{"href":"https:\/\/novosaopaulo.com.br\/n1\/wp-json\/wp\/v2\/media?parent=28353"}],"wp:term":[{"taxonomy":"category","embeddable":true,"href":"https:\/\/novosaopaulo.com.br\/n1\/wp-json\/wp\/v2\/categories?post=28353"},{"taxonomy":"post_tag","embeddable":true,"href":"https:\/\/novosaopaulo.com.br\/n1\/wp-json\/wp\/v2\/tags?post=28353"}],"curies":[{"name":"wp","href":"https:\/\/api.w.org\/{rel}","templated":true}]}}