{"id":28348,"date":"2026-03-08T13:47:03","date_gmt":"2026-03-08T16:47:03","guid":{"rendered":"https:\/\/novosaopaulo.com.br\/n1\/?p=28348"},"modified":"2026-03-10T11:00:01","modified_gmt":"2026-03-10T14:00:01","slug":"no-dia-16-03-2026-na-biblioteca-do-senado-federal-ocorrera-o-maior-lancamento-da-historia-dos-direitos-indigenas-o-lancamento-do-livro-intitulado-os-direitos-constitucionais-federais-hum","status":"publish","type":"post","link":"https:\/\/novosaopaulo.com.br\/n1\/no-dia-16-03-2026-na-biblioteca-do-senado-federal-ocorrera-o-maior-lancamento-da-historia-dos-direitos-indigenas-o-lancamento-do-livro-intitulado-os-direitos-constitucionais-federais-hum\/","title":{"rendered":"No dia 16\/03\/2026, na Biblioteca do Senado Federal, ocorrer\u00e1 o maior lan\u00e7amento da hist\u00f3ria dos direitos ind\u00edgenas: o lan\u00e7amento do livro intitulado \u201cOs Direitos Constitucionais, Federais, Humanos e Inviol\u00e1veis do Patrim\u00f4nio Ind\u00edgena Brasileiro.\u201d"},"content":{"rendered":"\n<p>No dia 16\/03\/2026, \u00e0s 18:30, ocorrer\u00e1, na Biblioteca do Senado Federal, o maior lan\u00e7amento da hist\u00f3ria dos Direitos Ind\u00edgenas: o lan\u00e7amento do livro intitulado \u201cOs Direitos Constitucionais, Federais, Humanos e Inviol\u00e1veis do Patrim\u00f4nio Ind\u00edgena Brasileiro\u201d.<\/p>\n\n\n\n<p>O livro foi escrito pelo Paj\u00e9 Dr. Awap\u00f3 Cleber Melo, com forma\u00e7\u00e3o em Direito, e publicado pelo grande senador defensor dos Direitos Ind\u00edgenas, Senador Zequinha Marinho, do Par\u00e1.<\/p>\n\n\n\n<p>O evento est\u00e1 sendo organizado pela ind\u00edgena Cris Mour\u00e3o, pelo Cacique Cleber Apala\u00ed e pela assessoria do senador, para receber ind\u00edgenas e autoridades que defendem os direitos dos povos origin\u00e1rios.<\/p>\n\n\n\n<p>Este livro n\u00e3o \u00e9 apenas mais uma obra comum. Trata-se de um livro guia, que ajuda o ind\u00edgena a se defender em diversas situa\u00e7\u00f5es e contribui para informar autoridades e a popula\u00e7\u00e3o sobre os Direitos Ind\u00edgenas, auxiliando no combate ao preconceito e \u00e0 discrimina\u00e7\u00e3o.<\/p>\n\n\n\n<p>Durante o evento de lan\u00e7amento, o senador e outras autoridades que lutam pelos Direitos Ind\u00edgenas ser\u00e3o homenageados com o t\u00edtulo de maior honra: Doutor Honoris Causa.<\/p>\n\n\n\n<p>O livro digital tamb\u00e9m ser\u00e1 compartilhado com aldeias e \u00f3rg\u00e3os de todo o Brasil, ampliando o acesso ao conhecimento e fortalecendo a defesa dos Direitos dos Povos Origin\u00e1rios.<\/p>\n","protected":false},"excerpt":{"rendered":"<p>No dia 16\/03\/2026, \u00e0s 18:30, ocorrer\u00e1, na Biblioteca do Senado Federal, o maior lan\u00e7amento da&#8230;<\/p>\n","protected":false},"author":1,"featured_media":28350,"comment_status":"open","ping_status":"open","sticky":false,"template":"","format":"standard","meta":{"footnotes":""},"categories":[2],"tags":[],"featured_image_urls":{"full":["https:\/\/novosaopaulo.com.br\/n1\/wp-content\/uploads\/2026\/03\/WhatsApp-Image-2026-03-08-at-08.58.54.jpeg",720,982,false],"thumbnail":["https:\/\/novosaopaulo.com.br\/n1\/wp-content\/uploads\/2026\/03\/WhatsApp-Image-2026-03-08-at-08.58.54-150x150.jpeg",150,150,true],"medium":["https:\/\/novosaopaulo.com.br\/n1\/wp-content\/uploads\/2026\/03\/WhatsApp-Image-2026-03-08-at-08.58.54-220x300.jpeg",220,300,true],"medium_large":["https:\/\/novosaopaulo.com.br\/n1\/wp-content\/uploads\/2026\/03\/WhatsApp-Image-2026-03-08-at-08.58.54.jpeg",640,873,false],"large":["https:\/\/novosaopaulo.com.br\/n1\/wp-content\/uploads\/2026\/03\/WhatsApp-Image-2026-03-08-at-08.58.54.jpeg",640,873,false],"1536x1536":["https:\/\/novosaopaulo.com.br\/n1\/wp-content\/uploads\/2026\/03\/WhatsApp-Image-2026-03-08-at-08.58.54.jpeg",720,982,false],"2048x2048":["https:\/\/novosaopaulo.com.br\/n1\/wp-content\/uploads\/2026\/03\/WhatsApp-Image-2026-03-08-at-08.58.54.jpeg",720,982,false],"newsever-slider-full":["https:\/\/novosaopaulo.com.br\/n1\/wp-content\/uploads\/2026\/03\/WhatsApp-Image-2026-03-08-at-08.58.54-720x845.jpeg",720,845,true],"newsever-featured":["https:\/\/novosaopaulo.com.br\/n1\/wp-content\/uploads\/2026\/03\/WhatsApp-Image-2026-03-08-at-08.58.54.jpeg",720,982,false],"newsever-medium":["https:\/\/novosaopaulo.com.br\/n1\/wp-content\/uploads\/2026\/03\/WhatsApp-Image-2026-03-08-at-08.58.54-720x475.jpeg",720,475,true]},"author_info":{"display_name":"Reda\u00e7\u00e3o","author_link":"https:\/\/novosaopaulo.com.br\/n1\/author\/g5poa\/"},"category_info":"<a href=\"https:\/\/novosaopaulo.com.br\/n1\/category\/cidades\/\" rel=\"category tag\">Cidades<\/a>","tag_info":"Cidades","comment_count":"0","_links":{"self":[{"href":"https:\/\/novosaopaulo.com.br\/n1\/wp-json\/wp\/v2\/posts\/28348"}],"collection":[{"href":"https:\/\/novosaopaulo.com.br\/n1\/wp-json\/wp\/v2\/posts"}],"about":[{"href":"https:\/\/novosaopaulo.com.br\/n1\/wp-json\/wp\/v2\/types\/post"}],"author":[{"embeddable":true,"href":"https:\/\/novosaopaulo.com.br\/n1\/wp-json\/wp\/v2\/users\/1"}],"replies":[{"embeddable":true,"href":"https:\/\/novosaopaulo.com.br\/n1\/wp-json\/wp\/v2\/comments?post=28348"}],"version-history":[{"count":3,"href":"https:\/\/novosaopaulo.com.br\/n1\/wp-json\/wp\/v2\/posts\/28348\/revisions"}],"predecessor-version":[{"id":28372,"href":"https:\/\/novosaopaulo.com.br\/n1\/wp-json\/wp\/v2\/posts\/28348\/revisions\/28372"}],"wp:featuredmedia":[{"embeddable":true,"href":"https:\/\/novosaopaulo.com.br\/n1\/wp-json\/wp\/v2\/media\/28350"}],"wp:attachment":[{"href":"https:\/\/novosaopaulo.com.br\/n1\/wp-json\/wp\/v2\/media?parent=28348"}],"wp:term":[{"taxonomy":"category","embeddable":true,"href":"https:\/\/novosaopaulo.com.br\/n1\/wp-json\/wp\/v2\/categories?post=28348"},{"taxonomy":"post_tag","embeddable":true,"href":"https:\/\/novosaopaulo.com.br\/n1\/wp-json\/wp\/v2\/tags?post=28348"}],"curies":[{"name":"wp","href":"https:\/\/api.w.org\/{rel}","templated":true}]}}