{"id":28300,"date":"2026-03-05T16:30:32","date_gmt":"2026-03-05T19:30:32","guid":{"rendered":"https:\/\/novosaopaulo.com.br\/n1\/?p=28300"},"modified":"2026-03-05T16:30:33","modified_gmt":"2026-03-05T19:30:33","slug":"luiza-possi-lanca-estou-apaixonado-com-participacao-de-pericles-e-anuncia-album-e-so-o-amor","status":"publish","type":"post","link":"https:\/\/novosaopaulo.com.br\/n1\/luiza-possi-lanca-estou-apaixonado-com-participacao-de-pericles-e-anuncia-album-e-so-o-amor\/","title":{"rendered":"Luiza Possi lan\u00e7a \u201cEstou Apaixonado\u201d com participa\u00e7\u00e3o de P\u00e9ricles e anuncia \u00e1lbum \u201c\u00c9 S\u00f3 o Amor\u201d"},"content":{"rendered":"\n<p>Cl\u00e1ssico eternizado por Jo\u00e3o Paulo &amp; Daniel ganha nova leitura e chega \u00e0s plataformas nesta quinta-feira (05), marcando um divisor de \u00e1guas na trajet\u00f3ria da cantora<\/p>\n\n\n\n<p>Houve sil\u00eancio. Um tempo de recolhimento, de escuta, de reflex\u00e3o. Longe dos lan\u00e7amentos e dos est\u00fadios, Luiza Possi viveu um intervalo necess\u00e1rio entre o que foi e o que est\u00e1 por vir. Agora, ela retorna. E retorna falando de amor.<br>Nesta quinta-feira (05), a cantora lan\u00e7a \u201cEstou Apaixonado\u201d, single gravado ao lado de P\u00e9ricles. A faixa inaugura o \u00e1lbum \u201c\u00c9 S\u00f3 o Amor\u201d, projeto que marca oficialmente o encerramento de sua fase rom\u00e2ntica na MPB, um territ\u00f3rio onde construiu sua identidade ao longo de mais de duas d\u00e9cadas.<br>\u201c\u00c9 S\u00f3 o Amor\u201d nasce como um gesto consciente. Luiza escolheu registrar, pela \u00faltima vez dentro da MPB rom\u00e2ntica, as can\u00e7\u00f5es que sempre foram sua casa: hist\u00f3rias de encontros e desencontros, de reconstru\u00e7\u00f5es, de amadurecimento. \u00c9 o \u00faltimo \u00e1lbum nesse formato antes da transi\u00e7\u00e3o j\u00e1 amadurecida para a m\u00fasica gospel. N\u00e3o \u00e9 uma ruptura. \u00c9 movimento.<br>Ao longo da carreira, Luiza cantou o amor entre duas pessoas. Agora, amplia esse entendimento. O amor deixa de ser apenas romance e passa a ser perman\u00eancia, escolha, f\u00e9. \u201cEu acredito no amor que fica. No amor que atravessa fases, orgulho e medo. Amor n\u00e3o \u00e9 s\u00f3 o que a gente sente, \u00e9 o que a gente sustenta. \u00c9 decis\u00e3o. \u00c9 constru\u00e7\u00e3o. \u00c9 maturidade\u201d, afirma. \u201cEu sempre cantei o amor entre duas pessoas, mas hoje entendo o amor como algo maior. E, no fim, \u00e9 s\u00f3 o amor que permanece e \u00e9 pelo amor de Deus que quero continuar cantando.\u201d<br>\u00c9 dentro dessa nova consci\u00eancia que \u201cEstou Apaixonado\u201d ganha outro peso. A can\u00e7\u00e3o, eternizada nos anos 90 por Jo\u00e3o Paulo &amp; Daniel, sempre falou sobre entrega absoluta. Ao escolh\u00ea-la para abrir o projeto, Luiza transforma o cl\u00e1ssico em s\u00edmbolo dessa transi\u00e7\u00e3o de carreira.<br>Com interpreta\u00e7\u00e3o intensa e arranjos que valorizam a emo\u00e7\u00e3o da letra, ela traz a m\u00fasica para o seu universo, preservando a mem\u00f3ria afetiva que a consagrou e imprimindo maturidade \u00e0 narrativa. O encontro com P\u00e9ricles amplia essa atmosfera. Duas vozes reconhecidas pela pot\u00eancia e pela verdade se unem em uma parceria que aposta menos no excesso e mais na entrega.<\/p>\n\n\n\n<p>\u201cEssa m\u00fasica faz parte da mem\u00f3ria afetiva de muita gente, inclusive da minha. Sempre achei linda a forma como ela fala do amor com simplicidade e verdade. Ela \u00e9 perfeita para encabe\u00e7ar \u2018\u00c9 S\u00f3 o Amor\u2019, que ser\u00e1 um trabalho dedicado aos diferentes tipos de amor: o amor rom\u00e2ntico, o amor de m\u00e3e, o amor entre amigos, o amor que se constr\u00f3i no cuidado e na parceria\u201d, diz Luiza.<br>\u201cFiquei muito feliz com o convite para participar desse novo projeto da Luiza, que \u00e9 uma artista que eu admiro muito. J\u00e1 tive a felicidade de gravar uma can\u00e7\u00e3o composta por ela, ent\u00e3o existe uma conex\u00e3o musical e um carinho muito grande. Fazer esse dueto em \u2018Estou Apaixonado\u2019 foi um prazer enorme e uma troca muito bonita\u201d, compartilha P\u00e9ricles.<br>\u201c\u00c9 S\u00f3 o Amor\u201d ser\u00e1 lan\u00e7ado em etapas ao longo do primeiro semestre, acompanhado por novas faixas e uma sequ\u00eancia de shows que tamb\u00e9m funcionar\u00e3o como despedida dessa fase. O projeto registra uma transi\u00e7\u00e3o serena. Um caminho que se amplia. Luiza n\u00e3o abandona o amor. Ela o aprofunda.<br>E \u00e9 assim que encerra este cap\u00edtulo: reafirmando que, acima de qualquer formato, o que sustenta sua arte, ontem, agora e no que est\u00e1 por vir, \u00e9 o mesmo princ\u00edpio que sempre guiou sua voz. O amor, s\u00f3 que agora\u2026de forma ainda mais clara, mais inevit\u00e1vel, mais inteira.<\/p>\n\n\n\n<p>agora\u2026de forma ainda mais clara, mais inevit\u00e1vel, mais inteira.<\/p>\n\n\n\n<p><strong>Manifesto do Amor por: Luiza Possi<\/strong><\/p>\n\n\n\n<p><strong>(Transi\u00e7\u00e3o)<\/strong><\/p>\n\n\n\n<p>Eu sempre acreditei no amor que permanece.<\/p>\n\n\n\n<p>N\u00e3o no amor que performa para aplausos.<\/p>\n\n\n\n<p>N\u00e3o no amor que se imp\u00f5e pelo volume.<\/p>\n\n\n\n<p>Mas no amor que atravessa o tempo, que sustenta o sil\u00eancio, que fica quando a luz do palco se apaga.<\/p>\n\n\n\n<p>O amor que amadurece como vinho.<\/p>\n\n\n\n<p>O amor que aprende a perdoar.<\/p>\n\n\n\n<p>O amor que aceita despedidas sem perder a ternura.<\/p>\n\n\n\n<p>O amor que nos transforma sem nos quebrar.<\/p>\n\n\n\n<p>Foram 25 anos de uma caminhada vitoriosa.<\/p>\n\n\n\n<p>25 anos de comunh\u00e3o real com o meu p\u00fablico.<\/p>\n\n\n\n<p>25 anos de conquistas, de sucessos, de can\u00e7\u00f5es que encontraram lares no cora\u00e7\u00e3o das pessoas.<\/p>\n\n\n\n<p>25 anos de dedica\u00e7\u00e3o incans\u00e1vel, disciplina, f\u00e9 e entrega.<\/p>\n\n\n\n<p>Eu honro cada palco.<\/p>\n\n\n\n<p>Eu honro cada aplauso.<\/p>\n\n\n\n<p>Eu honro cada pessoa que cantou comigo.<\/p>\n\n\n\n<p>Nada disso foi superficial.<\/p>\n\n\n\n<p>Nada disso foi sorte.<\/p>\n\n\n\n<p>Foi constru\u00e7\u00e3o. Foi verdade.<\/p>\n\n\n\n<p>Eu nunca fiz personagem da minha vida.<\/p>\n\n\n\n<p>Nunca negociei minha integridade para caber em expectativa.<\/p>\n\n\n\n<p>Nunca ofereci ao p\u00fablico algo que n\u00e3o fosse inteiro.<\/p>\n\n\n\n<p>Este \u00e1lbum fala de amor humano.<\/p>\n\n\n\n<p>Do amor que toca a pele e tamb\u00e9m a alma.<\/p>\n\n\n\n<p>Do amor que nasce inocente e \u00e0s vezes aprende pela dor.<\/p>\n\n\n\n<p>Do amor que constr\u00f3i hist\u00f3rias.<\/p>\n\n\n\n<p>Do amor que amadurece e entende que amar \u00e9 mais do que sentir \u2014 \u00e9 escolher.<\/p>\n\n\n\n<p>Talvez por isso ele seja t\u00e3o especial.<\/p>\n\n\n\n<p>Talvez por isso ele carregue um peso diferente.<\/p>\n\n\n\n<p>Porque ele fecha um ciclo bonito.<\/p>\n\n\n\n<p>Sim\u2026 um cap\u00edtulo est\u00e1 se encerrando.<\/p>\n\n\n\n<p>E ele termina com vit\u00f3ria, com honra e com gratid\u00e3o.<\/p>\n\n\n\n<p>Mas h\u00e1 algo em mim que sempre foi inevit\u00e1vel.<\/p>\n\n\n\n<p>Um amor que sempre esteve na origem de tudo.<\/p>\n\n\n\n<p>Um amor que sustentou cada nota, cada sil\u00eancio, cada recome\u00e7o.<\/p>\n\n\n\n<p>Na pr\u00f3xima esta\u00e7\u00e3o da minha vida,<\/p>\n\n\n\n<p>cantarei meu amor a Jesus Cristo.<\/p>\n\n\n\n<p>N\u00e3o como ruptura.<\/p>\n\n\n\n<p>Mas como continua\u00e7\u00e3o.<\/p>\n\n\n\n<p>Porque amar o mundo me ensinou a amar melhor.<\/p>\n\n\n\n<p>E amar melhor me levou de volta \u00e0 fonte.<\/p>\n\n\n\n<p>Eu pe\u00e7o paci\u00eancia.<\/p>\n\n\n\n<p>Pe\u00e7o carinho.<\/p>\n\n\n\n<p>Pe\u00e7o que atravessem essa transi\u00e7\u00e3o comigo.<\/p>\n\n\n\n<p>O amor n\u00e3o termina.<\/p>\n\n\n\n<p>Ele se aprofunda.<\/p>\n\n\n\n<p>E se por 25 anos caminhamos juntos em tantas hist\u00f3rias humanas\u2026<\/p>\n\n\n\n<p>agora caminharemos rumo a algo ainda mais eterno.<\/p>\n\n\n\n<p>Sempre foi sobre amor.<\/p>\n\n\n\n<p>E continuar\u00e1 sendo.<\/p>\n\n\n\n<p>S\u00f3 que agora\u2026<\/p>\n\n\n\n<p>de forma ainda mais clara, mais inevit\u00e1vel, mais inteira. &#8211; Luiza Possi.<\/p>\n\n\n\n<p><strong>Sobre Luiza Possi<\/strong><\/p>\n\n\n\n<p>Cantora, compositora, empres\u00e1ria, apresentadora e palestrante, Luiza Possi construiu, ao longo de mais de duas d\u00e9cadas, uma das trajet\u00f3rias mais s\u00f3lidas e respeitadas da m\u00fasica brasileira. Nascida no Rio de Janeiro, iniciou sua carreira ainda na adolesc\u00eancia, influenciada pelos pais e cercada por m\u00fasica desde cedo. Foi nesse ambiente que desenvolveu a personalidade art\u00edstica que a tornaria uma das vozes mais marcantes da MPB e do pop nacional.<\/p>\n\n\n\n<p>Em 2001, aos 17 anos, ganhou proje\u00e7\u00e3o nacional ao gravar seu primeiro \u00e1lbum, \u201cEu Sou Assim\u201d. O trabalho revelou sucessos como \u201cDias Iguais\u201d, \u201cEu Sou Assim\u201d e \u201cTudo Que H\u00e1 de Bom\u201d, conquistando rapidamente o p\u00fablico e as r\u00e1dios de todo o pa\u00eds. A faixa-t\u00edtulo foi escolhida como tema da novela Mulheres Apaixonadas, exibida pela TV Globo, ampliando ainda mais sua visibilidade e consolidando seu nome entre os grandes talentos da nova gera\u00e7\u00e3o.<\/p>\n\n\n\n<p>Em 2006, com o lan\u00e7amento de \u201cEscuta\u201d, Luiza reafirmou sua maturidade art\u00edstica. O \u00e1lbum trouxe composi\u00e7\u00f5es como \u201cSeu Nome\u201d e \u201cAdeus, Menino\u201d, evidenciando sua profundidade como int\u00e9rprete e compositora. O projeto foi celebrado por p\u00fablico e cr\u00edtica e rendeu suas primeiras indica\u00e7\u00f5es ao Grammy Latino, nas categorias de Melhor Artista Revela\u00e7\u00e3o, Melhor \u00c1lbum de Pop Contempor\u00e2neo Brasileiro e Melhor \u00c1lbum de M\u00fasica Popular Brasileira.<\/p>\n\n\n\n<p>Ao longo da carreira, Luiza soma mais de 200 can\u00e7\u00f5es lan\u00e7adas entre \u00e1lbuns de est\u00fadio, projetos ao vivo, EPs e singles. Com milh\u00f5es de c\u00f3pias vendidas e diversos pr\u00eamios nacionais no curr\u00edculo, como o Pr\u00eamio Tim de M\u00fasica e o Pr\u00eamio Multishow de M\u00fasica Brasileira, ela mant\u00e9m uma presen\u00e7a constante e relevante na ind\u00fastria.<\/p>\n\n\n\n<p>Sua versatilidade tamb\u00e9m se estende \u00e0 televis\u00e3o. Como t\u00e9cnica do The Voice Brasil e colunista do Encontro com F\u00e1tima Bernardes, demonstrou carisma, dom\u00ednio art\u00edstico e capacidade de comunica\u00e7\u00e3o com diferentes p\u00fablicos.<\/p>\n\n\n\n<p>Multifacetada, Luiza Possi transita entre palcos, neg\u00f3cios e projetos autorais. Como empres\u00e1ria, conduz sua carreira com vis\u00e3o estrat\u00e9gica. Como palestrante e escritora, compartilha experi\u00eancias e aprendizados, inspirando sua audi\u00eancia com autenticidade.<\/p>\n\n\n\n<p>Para saber mais:<\/p>\n\n\n\n<figure class=\"wp-block-embed\"><div class=\"wp-block-embed__wrapper\">\n<blockquote class=\"wp-embedded-content\" data-secret=\"oNhwTJ17my\"><a href=\"https:\/\/luizapossi.com.br\/\">Luiza&#8217; Possi<\/a><\/blockquote><iframe class=\"wp-embedded-content\" sandbox=\"allow-scripts\" security=\"restricted\" style=\"position: absolute; clip: rect(1px, 1px, 1px, 1px);\" title=\"&#8220;Luiza&#8217; Possi&#8221; &#8212; Luiza Possi\" src=\"https:\/\/luizapossi.com.br\/embed\/#?secret=r69kEp9AtP#?secret=oNhwTJ17my\" data-secret=\"oNhwTJ17my\" width=\"600\" height=\"338\" frameborder=\"0\" marginwidth=\"0\" marginheight=\"0\" scrolling=\"no\"><\/iframe>\n<\/div><\/figure>\n\n\n\n<figure class=\"wp-block-embed\"><div class=\"wp-block-embed__wrapper\">\nhttps:\/\/www.facebook.com\/luizapossi\/\n<\/div><\/figure>\n\n\n\n<figure class=\"wp-block-embed is-type-rich is-provider-twitter wp-block-embed-twitter\"><div class=\"wp-block-embed__wrapper\">\n<a class=\"twitter-timeline\" data-width=\"640\" data-height=\"960\" data-dnt=\"true\" href=\"https:\/\/twitter.com\/luizapossi?ref_src=twsrc%5Etfw\">Tweets by luizapossi<\/a><script async src=\"https:\/\/platform.twitter.com\/widgets.js\" charset=\"utf-8\"><\/script>\n<\/div><\/figure>\n\n\n\n<figure class=\"wp-block-embed\"><div class=\"wp-block-embed__wrapper\">\nhttps:\/\/www.youtube.com\/@luizapossioficial\n<\/div><\/figure>\n","protected":false},"excerpt":{"rendered":"<p>Cl\u00e1ssico eternizado por Jo\u00e3o Paulo &amp; Daniel ganha nova leitura e chega \u00e0s plataformas nesta&#8230;<\/p>\n","protected":false},"author":1,"featured_media":28301,"comment_status":"open","ping_status":"open","sticky":false,"template":"","format":"standard","meta":{"footnotes":""},"categories":[2],"tags":[],"featured_image_urls":{"full":["https:\/\/novosaopaulo.com.br\/n1\/wp-content\/uploads\/2026\/03\/lpp.png",429,428,false],"thumbnail":["https:\/\/novosaopaulo.com.br\/n1\/wp-content\/uploads\/2026\/03\/lpp-150x150.png",150,150,true],"medium":["https:\/\/novosaopaulo.com.br\/n1\/wp-content\/uploads\/2026\/03\/lpp-300x300.png",300,300,true],"medium_large":["https:\/\/novosaopaulo.com.br\/n1\/wp-content\/uploads\/2026\/03\/lpp.png",429,428,false],"large":["https:\/\/novosaopaulo.com.br\/n1\/wp-content\/uploads\/2026\/03\/lpp.png",429,428,false],"1536x1536":["https:\/\/novosaopaulo.com.br\/n1\/wp-content\/uploads\/2026\/03\/lpp.png",429,428,false],"2048x2048":["https:\/\/novosaopaulo.com.br\/n1\/wp-content\/uploads\/2026\/03\/lpp.png",429,428,false],"newsever-slider-full":["https:\/\/novosaopaulo.com.br\/n1\/wp-content\/uploads\/2026\/03\/lpp.png",429,428,false],"newsever-featured":["https:\/\/novosaopaulo.com.br\/n1\/wp-content\/uploads\/2026\/03\/lpp.png",429,428,false],"newsever-medium":["https:\/\/novosaopaulo.com.br\/n1\/wp-content\/uploads\/2026\/03\/lpp.png",429,428,false]},"author_info":{"display_name":"Reda\u00e7\u00e3o","author_link":"https:\/\/novosaopaulo.com.br\/n1\/author\/g5poa\/"},"category_info":"<a href=\"https:\/\/novosaopaulo.com.br\/n1\/category\/cidades\/\" rel=\"category tag\">Cidades<\/a>","tag_info":"Cidades","comment_count":"0","_links":{"self":[{"href":"https:\/\/novosaopaulo.com.br\/n1\/wp-json\/wp\/v2\/posts\/28300"}],"collection":[{"href":"https:\/\/novosaopaulo.com.br\/n1\/wp-json\/wp\/v2\/posts"}],"about":[{"href":"https:\/\/novosaopaulo.com.br\/n1\/wp-json\/wp\/v2\/types\/post"}],"author":[{"embeddable":true,"href":"https:\/\/novosaopaulo.com.br\/n1\/wp-json\/wp\/v2\/users\/1"}],"replies":[{"embeddable":true,"href":"https:\/\/novosaopaulo.com.br\/n1\/wp-json\/wp\/v2\/comments?post=28300"}],"version-history":[{"count":1,"href":"https:\/\/novosaopaulo.com.br\/n1\/wp-json\/wp\/v2\/posts\/28300\/revisions"}],"predecessor-version":[{"id":28302,"href":"https:\/\/novosaopaulo.com.br\/n1\/wp-json\/wp\/v2\/posts\/28300\/revisions\/28302"}],"wp:featuredmedia":[{"embeddable":true,"href":"https:\/\/novosaopaulo.com.br\/n1\/wp-json\/wp\/v2\/media\/28301"}],"wp:attachment":[{"href":"https:\/\/novosaopaulo.com.br\/n1\/wp-json\/wp\/v2\/media?parent=28300"}],"wp:term":[{"taxonomy":"category","embeddable":true,"href":"https:\/\/novosaopaulo.com.br\/n1\/wp-json\/wp\/v2\/categories?post=28300"},{"taxonomy":"post_tag","embeddable":true,"href":"https:\/\/novosaopaulo.com.br\/n1\/wp-json\/wp\/v2\/tags?post=28300"}],"curies":[{"name":"wp","href":"https:\/\/api.w.org\/{rel}","templated":true}]}}