{"id":28268,"date":"2026-03-05T13:04:24","date_gmt":"2026-03-05T16:04:24","guid":{"rendered":"https:\/\/novosaopaulo.com.br\/n1\/?p=28268"},"modified":"2026-03-05T13:04:31","modified_gmt":"2026-03-05T16:04:31","slug":"oab-suzano-sp-recebe-adrilles-jorge-para-debater-politizacao-da-justica-em-simposio-de-direito-eleitoral","status":"publish","type":"post","link":"https:\/\/novosaopaulo.com.br\/n1\/oab-suzano-sp-recebe-adrilles-jorge-para-debater-politizacao-da-justica-em-simposio-de-direito-eleitoral\/","title":{"rendered":"OAB Suzano-SP recebe Adrilles Jorge para debater Politiza\u00e7\u00e3o da Justi\u00e7a em Simp\u00f3sio de Direito Eleitoral"},"content":{"rendered":"\n<p>Ao lado da cientista pol\u00edtica Juliana Fratini, vereador da C\u00e2mara Municipal de S\u00e3o Paulo-SP pelo Uni\u00e3o Brasil participa na segunda-feira (9\/3), \u00e0s 18h, do evento \u201cVotar \u00e9 Exercer a Cidadania e Fortalecer a Democracia\u201d; confer\u00eancia \u00e9 aberta a advogados, estudantes de Direito e interessados no tema<\/p>\n\n\n\n<p>O vereador de S\u00e3o Paulo Adrilles Jorge (Uni\u00e3o Brasil) ser\u00e1 um dos expositores, nesta segunda-feira (9\/3), do Simp\u00f3sio \u201cVotar \u00e9 Exercer a Cidadania e Fortalecer a Democracia\u201d, organizado pela Comiss\u00e3o de Direito Eleitoral da 55\u00aa Subse\u00e7\u00e3o da Ordem dos Advogados do Brasil (OAB) de Suzano-SP (rua Baruel, 592 &#8211; Centro). No encontro, que tem in\u00edcio \u00e0s 18h, o parlamentar vai tratar da Politiza\u00e7\u00e3o da Justi\u00e7a.<\/p>\n\n\n\n<p>Tendo \u00e0 frente a advogada especialista em Direito Eleitoral e em Direito P\u00fablico \u00cdsis Sangy, que tamb\u00e9m \u00e9 professora de cursos de p\u00f3s-gradua\u00e7\u00e3o nos temas, o 1\u00b0 Simp\u00f3sio de Direito Eleitoral da OAB suzanense \u00e9 aberto a juristas, estudantes de Direito e interessados no segmento legal. A entrada \u00e9 franca. Contudo, \u00e9 necess\u00e1rio fazer inscri\u00e7\u00e3o pr\u00e9via pelo link https:\/\/forms.office.com\/r\/VxLjVW3NTY. O evento faz parte de uma s\u00e9rie de atividades em comemora\u00e7\u00e3o aos 50 anos da 55\u00aa Subse\u00e7\u00e3o Suzano.<\/p>\n\n\n\n<p>Com vi\u00e9s pol\u00edtico conservador, cr\u00edtico ferrenho da Alta Corte e defensor de pautas como defesa da Democracia e fortalecimento da Cultura, Adrilles vai palestrar por aproximadamente 40 minutos. Durante sua exposi\u00e7\u00e3o, o vereador de S\u00e3o Paulo debater\u00e1 como o Supremo Tribunal Federal (STF), em sua vis\u00e3o, est\u00e1 aparelhado ideologicamente ao longo de mais de 20 anos &#8211; \u201cper\u00edodo em que se transformou num \u00f3rg\u00e3o pol\u00edtico que distorce a Constitui\u00e7\u00e3o Federal, cria crimes inexistentes, e instrumentaliza a Justi\u00e7a para perseguir e restringir a atua\u00e7\u00e3o da Direita no Brasil\u201d:<\/p>\n\n\n\n<p>\u201cVou explicar como o STF passou de \u00f3rg\u00e3o para uma esp\u00e9cie de partido, por quest\u00f5es ideol\u00f3gicas, estruturado, por mais de duas d\u00e9cadas, por ministros escolhidos por governos petistas e que passaram a atuar como atores pol\u00edticos, distorcendo a Constitui\u00e7\u00e3o (Federal) e criando tipifica\u00e7\u00f5es criminais, para perseguir, censurar e circunscrever o campo pol\u00edtico da Direita\u201d, explica Adrilles, que \u00e9 escritor, palestrante e jornalista formado pela Pontif\u00edcia Universidade Cat\u00f3lica (PUC) de Minas Gerais.<\/p>\n\n\n\n<p>Comentarista pol\u00edtico e cultural, e poeta, o vereador de S\u00e3o Paulo tem passagem por importantes ve\u00edculos de Comunica\u00e7\u00e3o do Pa\u00eds, como Jovem Pan e Revista Oeste. Ganhou proje\u00e7\u00e3o nacional ao participar da 15\u00aa edi\u00e7\u00e3o do Big Brother Brasil (BBB), reality show da TV Globo, disputando a final.<\/p>\n\n\n\n<p>Autor dos livros \u201cLibertA\u00c7\u00c3O\u201d (2025), \u201cAntijogo\u201d (2015) e de \u201cTodos os Lugares\u201d (2019), Adrilles est\u00e1 em seu primeiro mandato no Legislativo paulistano, onde integra a Comiss\u00e3o de Educa\u00e7\u00e3o, Cultura e Esportes, e preside a Frente Parlamentar em Defesa do Movimento dos Artistas Livres.<\/p>\n\n\n\n<p>Al\u00e9m do parlamentar do Uni\u00e3o Brasil, ser\u00e3o expositores no Simp\u00f3sio da OAB de Suzano Caio Fagundes, presidente do PL Jovem da cidade, que vai tratar, na ocasi\u00e3o, do engajamento da juventude na Pol\u00edtica, e Juliana Fratini, doutora e mestre em Ci\u00eancias Pol\u00edticas, pela PUC de S\u00e3o Paulo; especialista em Pol\u00edticas P\u00fablicas e Finan\u00e7as, pela Universidade de Chicago; e especialista em Globaliza\u00e7\u00e3o e Cultura, pela Funda\u00e7\u00e3o Escola de Sociologia e Pol\u00edtica de S\u00e3o Paulo (FESP-SP).<\/p>\n","protected":false},"excerpt":{"rendered":"<p>Ao lado da cientista pol\u00edtica Juliana Fratini, vereador da C\u00e2mara Municipal de S\u00e3o Paulo-SP pelo&#8230;<\/p>\n","protected":false},"author":1,"featured_media":28269,"comment_status":"open","ping_status":"open","sticky":false,"template":"","format":"standard","meta":{"footnotes":""},"categories":[34],"tags":[],"featured_image_urls":{"full":["https:\/\/novosaopaulo.com.br\/n1\/wp-content\/uploads\/2026\/03\/WhatsApp-Image-2026-03-05-at-12.40.05.jpeg",974,831,false],"thumbnail":["https:\/\/novosaopaulo.com.br\/n1\/wp-content\/uploads\/2026\/03\/WhatsApp-Image-2026-03-05-at-12.40.05-150x150.jpeg",150,150,true],"medium":["https:\/\/novosaopaulo.com.br\/n1\/wp-content\/uploads\/2026\/03\/WhatsApp-Image-2026-03-05-at-12.40.05-300x256.jpeg",300,256,true],"medium_large":["https:\/\/novosaopaulo.com.br\/n1\/wp-content\/uploads\/2026\/03\/WhatsApp-Image-2026-03-05-at-12.40.05-768x655.jpeg",640,546,true],"large":["https:\/\/novosaopaulo.com.br\/n1\/wp-content\/uploads\/2026\/03\/WhatsApp-Image-2026-03-05-at-12.40.05.jpeg",640,546,false],"1536x1536":["https:\/\/novosaopaulo.com.br\/n1\/wp-content\/uploads\/2026\/03\/WhatsApp-Image-2026-03-05-at-12.40.05.jpeg",974,831,false],"2048x2048":["https:\/\/novosaopaulo.com.br\/n1\/wp-content\/uploads\/2026\/03\/WhatsApp-Image-2026-03-05-at-12.40.05.jpeg",974,831,false],"newsever-slider-full":["https:\/\/novosaopaulo.com.br\/n1\/wp-content\/uploads\/2026\/03\/WhatsApp-Image-2026-03-05-at-12.40.05.jpeg",974,831,false],"newsever-featured":["https:\/\/novosaopaulo.com.br\/n1\/wp-content\/uploads\/2026\/03\/WhatsApp-Image-2026-03-05-at-12.40.05.jpeg",974,831,false],"newsever-medium":["https:\/\/novosaopaulo.com.br\/n1\/wp-content\/uploads\/2026\/03\/WhatsApp-Image-2026-03-05-at-12.40.05-720x475.jpeg",720,475,true]},"author_info":{"display_name":"Reda\u00e7\u00e3o","author_link":"https:\/\/novosaopaulo.com.br\/n1\/author\/g5poa\/"},"category_info":"<a href=\"https:\/\/novosaopaulo.com.br\/n1\/category\/alto-tiete\/\" rel=\"category tag\">Alto Tiet\u00ea<\/a>","tag_info":"Alto Tiet\u00ea","comment_count":"0","_links":{"self":[{"href":"https:\/\/novosaopaulo.com.br\/n1\/wp-json\/wp\/v2\/posts\/28268"}],"collection":[{"href":"https:\/\/novosaopaulo.com.br\/n1\/wp-json\/wp\/v2\/posts"}],"about":[{"href":"https:\/\/novosaopaulo.com.br\/n1\/wp-json\/wp\/v2\/types\/post"}],"author":[{"embeddable":true,"href":"https:\/\/novosaopaulo.com.br\/n1\/wp-json\/wp\/v2\/users\/1"}],"replies":[{"embeddable":true,"href":"https:\/\/novosaopaulo.com.br\/n1\/wp-json\/wp\/v2\/comments?post=28268"}],"version-history":[{"count":1,"href":"https:\/\/novosaopaulo.com.br\/n1\/wp-json\/wp\/v2\/posts\/28268\/revisions"}],"predecessor-version":[{"id":28270,"href":"https:\/\/novosaopaulo.com.br\/n1\/wp-json\/wp\/v2\/posts\/28268\/revisions\/28270"}],"wp:featuredmedia":[{"embeddable":true,"href":"https:\/\/novosaopaulo.com.br\/n1\/wp-json\/wp\/v2\/media\/28269"}],"wp:attachment":[{"href":"https:\/\/novosaopaulo.com.br\/n1\/wp-json\/wp\/v2\/media?parent=28268"}],"wp:term":[{"taxonomy":"category","embeddable":true,"href":"https:\/\/novosaopaulo.com.br\/n1\/wp-json\/wp\/v2\/categories?post=28268"},{"taxonomy":"post_tag","embeddable":true,"href":"https:\/\/novosaopaulo.com.br\/n1\/wp-json\/wp\/v2\/tags?post=28268"}],"curies":[{"name":"wp","href":"https:\/\/api.w.org\/{rel}","templated":true}]}}