{"id":28201,"date":"2026-03-03T19:56:59","date_gmt":"2026-03-03T22:56:59","guid":{"rendered":"https:\/\/novosaopaulo.com.br\/n1\/?p=28201"},"modified":"2026-03-03T19:57:00","modified_gmt":"2026-03-03T22:57:00","slug":"luccas-papp-encena-drama-intimista-os-sete-machados","status":"publish","type":"post","link":"https:\/\/novosaopaulo.com.br\/n1\/luccas-papp-encena-drama-intimista-os-sete-machados\/","title":{"rendered":"Luccas Papp encena drama intimista Os Sete Machados"},"content":{"rendered":"\n<p>com elenco que re\u00fane v\u00e1rias gera\u00e7\u00f5es<\/p>\n\n\n\n<p>Os Sete Machados coloca o p\u00fablico diante de um dilema moral radical, ancorado em conflitos familiares e decis\u00f5es irrevers\u00edveis. A encena\u00e7\u00e3o aproxima espectadores e personagens para expor um embate geracional sobre justi\u00e7a, puni\u00e7\u00e3o e responsabilidade. O elenco conta com Annamaria Dias, Bruno Cavalcanti, Cris Carniato, Eduardo Melo, Gabriel Moura, Giovana Stinglin e Let\u00edcia Monezi.<\/p>\n\n\n\n<p>FOTOS: https:\/\/bit.ly\/4sj6s5H (Cr\u00e9dito: Thais Boneville e Henry Cechini)<\/p>\n\n\n\n<p>\ufeffCom uma hist\u00f3ria que atravessa o desejo de puni\u00e7\u00e3o e o abismo da barb\u00e1rie, Os Sete Machados faz temporada de 7 a 29 de mar\u00e7o com sess\u00f5es sempre aos s\u00e1bados, \u00e0s 21h, e domingos, \u00e0s 19h, no Teatro das Artes \u2013 Sala Wilson Rodriguez. A produ\u00e7\u00e3o conta com texto e dire\u00e7\u00e3o de Luccas Papp, que tamb\u00e9m est\u00e1 em cena. O elenco ainda conta com nomes de diversas gera\u00e7\u00f5es: Annamaria Dias, Bruno Cavalcanti, Cris Carniato, Eduardo Melo, Gabriel Moura, Giovana Stinglin e Let\u00edcia Monezi.<\/p>\n\n\n\n<p>Na trama, Carlos era um homem tradicional e trabalhador. Casado, pai de dois filhos, sempre foi querido pela m\u00e3e e pelos irm\u00e3os. Uma tentativa de assalto frustrada tirou sua vida e arrancou o ch\u00e3o da fam\u00edlia Machado. O principal suspeito, Vagalume, foi inocentado em um julgamento pol\u00eamico por falta de provas.<\/p>\n\n\n\n<p>Tomados pela sensa\u00e7\u00e3o de impunidade, a m\u00e3e e os irm\u00e3os de Carlos tomam uma decis\u00e3o extrema: sequestrar Vagalume e fazer com as pr\u00f3prias m\u00e3os a justi\u00e7a que o Estado n\u00e3o fez. \u00c0 Noite. Um cativeiro improvisado. Tudo parece seguir conforme o plano at\u00e9 a chegada da esposa e dos filhos do falecido, cujas convic\u00e7\u00f5es morais e pol\u00edticas colocam em xeque n\u00e3o apenas a execu\u00e7\u00e3o da vingan\u00e7a, mas os pr\u00f3prios limites \u00e9ticos da fam\u00edlia.<\/p>\n\n\n\n<p>Para Luccas Papp, a pe\u00e7a provoca o p\u00fablico a confrontar opini\u00f5es prontas sobre justi\u00e7a, pena de morte e justi\u00e7a pelas pr\u00f3prias m\u00e3os. \u201cO espet\u00e1culo parte da ideia de um tribunal para discutir a viol\u00eancia no pa\u00eds a partir da impunidade e das formas de puni\u00e7\u00e3o. Pontos de vista opostos se chocam e fazem com que certezas se tornem d\u00favidas. O objetivo n\u00e3o \u00e9 oferecer respostas, mas colocar o espectador nesse espa\u00e7o cinzento onde as convic\u00e7\u00f5es vacilam. Ao final, a pergunta central permanece: diante daquela situa\u00e7\u00e3o, o que cada um realmente faria?\u201d.<\/p>\n\n\n\n<p>Os Sete Machados prop\u00f5e uma encena\u00e7\u00e3o intimista e imersiva, ambientada na sala Wilson Rodriguez, espa\u00e7o concebido para produ\u00e7\u00f5es de pequeno formato. A proposta \u00e9 transformar o local na antessala do cativeiro onde se desenvolve a a\u00e7\u00e3o, refor\u00e7ando a sensa\u00e7\u00e3o de claustrofobia e intensificando a proximidade entre p\u00fablico e narrativa. Segundo o diretor, a encena\u00e7\u00e3o busca colocar os atores em contato direto com a plateia, criando uma experi\u00eancia na qual a hist\u00f3ria se desenvolve a poucos cent\u00edmetros do espectador.<\/p>\n\n\n\n<p>\u201cEscrito h\u00e1 dez anos, este \u00e9 o meu texto in\u00e9dito mais antigo, mas que retorna absolutamente atual. Hoje, ao rel\u00ea-lo como diretor, percebo que o escreveria de forma muito semelhante, porque ele dialoga diretamente com o nosso tempo. Trabalho com situa\u00e7\u00f5es-limite, momentos extremos de decis\u00e3o, em que personagens s\u00e3o confrontados com escolhas definitivas. A partir desses conflitos, busco entender o que cada um sente e o que os levou at\u00e9 ali. No fundo, meus textos sempre orbitam tr\u00eas eixos centrais: a rela\u00e7\u00e3o com a divindade, com a morte e com a fam\u00edlia\u201d, enfatiza Papp.<\/p>\n\n\n\n<p>A proposta do projeto foi reunir um elenco com trajet\u00f3rias e experi\u00eancias diversas, capazes de refletir o eixo central da obra, que \u00e9 a constru\u00e7\u00e3o de uma fam\u00edlia. Em cena, convivem tr\u00eas gera\u00e7\u00f5es distintas, cada uma com sua pr\u00f3pria compreens\u00e3o sobre a justi\u00e7a e as formas de enfrentar os conflitos. Esse embate geracional estrutura a dramaturgia e sustenta a tens\u00e3o das rela\u00e7\u00f5es entre os personagens.<\/p>\n\n\n\n<p>FICHA T\u00c9CNICA<\/p>\n\n\n\n<p>Texto e Dire\u00e7\u00e3o Geral: Luccas Papp<\/p>\n\n\n\n<p>Elenco: Annamaria Dias, Bruno Cavalcanti, Cris Carniato, Eduardo Melo, Gabriel Moura, Giovana Stinglin, Let\u00edcia Monezi, Luccas Papp<\/p>\n\n\n\n<p>Assist\u00eancia de Dire\u00e7\u00e3o: Isadora Schubert<\/p>\n\n\n\n<p>Arquitetura C\u00eanica e Sonora: Gustavo Gon\u00e7alo e Luccas Papp<\/p>\n\n\n\n<p>Figurinos: Tha\u00eds Boneville<\/p>\n\n\n\n<p>Fotos: Tha\u00eds Boneville e Henry Cechini<\/p>\n\n\n\n<p>Visagismo: Laura Tonetti<\/p>\n\n\n\n<p>Design Gr\u00e1fico: Raphael Ruas<\/p>\n\n\n\n<p>Gest\u00e3o de Produ\u00e7\u00e3o: Guilherme Bernardino<\/p>\n\n\n\n<p>Produ\u00e7\u00e3o de elenco: Richard Lake<\/p>\n\n\n\n<p>Equipe T\u00e9cnica: Felipe Brito, Guilherme Shuet, Gustavo Carraresi e Luccas Franzi<\/p>\n\n\n\n<p>Assessoria de Imprensa: Adriana Balsanelli e Renato Fernandes<\/p>\n\n\n\n<p>Redes Sociais: Luissa Queiroz<\/p>\n\n\n\n<p>Realiza\u00e7\u00e3o: LPB Produ\u00e7\u00f5es<\/p>\n\n\n\n<p>SERVI\u00c7O<\/p>\n\n\n\n<p>Teatro das Artes \u2013 Sala Wilson Rodriguez<\/p>\n\n\n\n<p>Localizado no 3\u00ba piso do Shopping Eldorado, loja 409.<\/p>\n\n\n\n<p>Av. Rebou\u00e7as, 3970, Pinheiros, S\u00e3o Paulo &#8211; SP, 05402-600<\/p>\n\n\n\n<p>Temporada: De 07 a 29 de mar\u00e7o. S\u00e1bados \u00e0s 21h | Domingos \u00e0s 19h<\/p>\n\n\n\n<p>Classifica\u00e7\u00e3o: 12 anos. Dura\u00e7\u00e3o: 75 minutos. Ingressos: R$ 100,00 (inteira) | R$ 50,00 (meia):<\/p>\n\n\n\n<p>Vendas: https:\/\/www.eventim.com.br\/artist\/teatro-das-artes\/os-sete-machados-4057342<\/p>\n","protected":false},"excerpt":{"rendered":"<p>com elenco que re\u00fane v\u00e1rias gera\u00e7\u00f5es Os Sete Machados coloca o p\u00fablico diante de um&#8230;<\/p>\n","protected":false},"author":1,"featured_media":28202,"comment_status":"open","ping_status":"open","sticky":false,"template":"","format":"standard","meta":{"footnotes":""},"categories":[2],"tags":[],"featured_image_urls":{"full":["https:\/\/novosaopaulo.com.br\/n1\/wp-content\/uploads\/2026\/03\/WhatsApp-Image-2026-03-03-at-19.16.55.jpeg",900,1600,false],"thumbnail":["https:\/\/novosaopaulo.com.br\/n1\/wp-content\/uploads\/2026\/03\/WhatsApp-Image-2026-03-03-at-19.16.55-150x150.jpeg",150,150,true],"medium":["https:\/\/novosaopaulo.com.br\/n1\/wp-content\/uploads\/2026\/03\/WhatsApp-Image-2026-03-03-at-19.16.55-169x300.jpeg",169,300,true],"medium_large":["https:\/\/novosaopaulo.com.br\/n1\/wp-content\/uploads\/2026\/03\/WhatsApp-Image-2026-03-03-at-19.16.55-768x1365.jpeg",640,1138,true],"large":["https:\/\/novosaopaulo.com.br\/n1\/wp-content\/uploads\/2026\/03\/WhatsApp-Image-2026-03-03-at-19.16.55-576x1024.jpeg",576,1024,true],"1536x1536":["https:\/\/novosaopaulo.com.br\/n1\/wp-content\/uploads\/2026\/03\/WhatsApp-Image-2026-03-03-at-19.16.55-864x1536.jpeg",864,1536,true],"2048x2048":["https:\/\/novosaopaulo.com.br\/n1\/wp-content\/uploads\/2026\/03\/WhatsApp-Image-2026-03-03-at-19.16.55.jpeg",900,1600,false],"newsever-slider-full":["https:\/\/novosaopaulo.com.br\/n1\/wp-content\/uploads\/2026\/03\/WhatsApp-Image-2026-03-03-at-19.16.55-900x845.jpeg",900,845,true],"newsever-featured":["https:\/\/novosaopaulo.com.br\/n1\/wp-content\/uploads\/2026\/03\/WhatsApp-Image-2026-03-03-at-19.16.55.jpeg",900,1600,false],"newsever-medium":["https:\/\/novosaopaulo.com.br\/n1\/wp-content\/uploads\/2026\/03\/WhatsApp-Image-2026-03-03-at-19.16.55-720x475.jpeg",720,475,true]},"author_info":{"display_name":"Reda\u00e7\u00e3o","author_link":"https:\/\/novosaopaulo.com.br\/n1\/author\/g5poa\/"},"category_info":"<a href=\"https:\/\/novosaopaulo.com.br\/n1\/category\/cidades\/\" rel=\"category tag\">Cidades<\/a>","tag_info":"Cidades","comment_count":"0","_links":{"self":[{"href":"https:\/\/novosaopaulo.com.br\/n1\/wp-json\/wp\/v2\/posts\/28201"}],"collection":[{"href":"https:\/\/novosaopaulo.com.br\/n1\/wp-json\/wp\/v2\/posts"}],"about":[{"href":"https:\/\/novosaopaulo.com.br\/n1\/wp-json\/wp\/v2\/types\/post"}],"author":[{"embeddable":true,"href":"https:\/\/novosaopaulo.com.br\/n1\/wp-json\/wp\/v2\/users\/1"}],"replies":[{"embeddable":true,"href":"https:\/\/novosaopaulo.com.br\/n1\/wp-json\/wp\/v2\/comments?post=28201"}],"version-history":[{"count":1,"href":"https:\/\/novosaopaulo.com.br\/n1\/wp-json\/wp\/v2\/posts\/28201\/revisions"}],"predecessor-version":[{"id":28203,"href":"https:\/\/novosaopaulo.com.br\/n1\/wp-json\/wp\/v2\/posts\/28201\/revisions\/28203"}],"wp:featuredmedia":[{"embeddable":true,"href":"https:\/\/novosaopaulo.com.br\/n1\/wp-json\/wp\/v2\/media\/28202"}],"wp:attachment":[{"href":"https:\/\/novosaopaulo.com.br\/n1\/wp-json\/wp\/v2\/media?parent=28201"}],"wp:term":[{"taxonomy":"category","embeddable":true,"href":"https:\/\/novosaopaulo.com.br\/n1\/wp-json\/wp\/v2\/categories?post=28201"},{"taxonomy":"post_tag","embeddable":true,"href":"https:\/\/novosaopaulo.com.br\/n1\/wp-json\/wp\/v2\/tags?post=28201"}],"curies":[{"name":"wp","href":"https:\/\/api.w.org\/{rel}","templated":true}]}}