{"id":28195,"date":"2026-03-03T19:54:56","date_gmt":"2026-03-03T22:54:56","guid":{"rendered":"https:\/\/novosaopaulo.com.br\/n1\/?p=28195"},"modified":"2026-03-03T19:55:57","modified_gmt":"2026-03-03T22:55:57","slug":"vem-ai-o-maior-festival-do-rango-de-todos","status":"publish","type":"post","link":"https:\/\/novosaopaulo.com.br\/n1\/vem-ai-o-maior-festival-do-rango-de-todos\/","title":{"rendered":"Vem a\u00ed o Maior Festival do Rango de Todos!"},"content":{"rendered":"\n<p>Memorial da Am\u00e9rica Latina recebe nos dias 7 e 8 de mar\u00e7o a 4\u00aa edi\u00e7\u00e3o do evento gastron\u00f4mico que celebra brasilidades com entrada gratuita<\/p>\n\n\n\n<p>Depois de conquistar Pinheiros, Ipiranga e Mooca com edi\u00e7\u00f5es que reuniram mais de 190 mil pessoas, o Festival do Rango chega ao Memorial da Am\u00e9rica Latina para sua 4\u00aa edi\u00e7\u00e3o, prometendo ser a maior de todas. Nos dias 7 e 8 de mar\u00e7o, das 11h \u00e0s 21h, o p\u00fablico ter\u00e1 acesso gratuito a uma verdadeira celebra\u00e7\u00e3o da cultura brasileira, com m\u00fasica, gastronomia e criatividade reunidas em um s\u00f3 espa\u00e7o. O evento traz como tema as brasilidades, exaltando a diversidade cultural do pa\u00eds por meio de shows, comidas t\u00edpicas e emp\u00f3rios de pequenos produtores.<\/p>\n\n\n\n<p>Ser\u00e3o mais de 100 op\u00e7\u00f5es gastron\u00f4micas, com pratos que v\u00e3o do churrasco ao acaraj\u00e9, passando por hamb\u00fargueres artesanais, pizzas de fermenta\u00e7\u00e3o natural, massas, doces variados e muito mais. A experi\u00eancia tamb\u00e9m contar\u00e1 com sabores internacionais, como culin\u00e1ria \u00e1rabe, alem\u00e3, grega e afeg\u00e3, al\u00e9m de cervejas e chopes artesanais, drinks e bebidas especiais. O Festival do Rango \u00e9 reconhecido por oferecer comida boa de verdade, em um ambiente democr\u00e1tico e acess\u00edvel.<\/p>\n\n\n\n<p>A programa\u00e7\u00e3o gratuita inclui shows de grandes nomes da m\u00fasica brasileira, como Leci Brand\u00e3o e Mauro Diniz com sua fam\u00edlia, garantindo o ritmo e a energia que traduzem a ess\u00eancia da brasilidade. Para as crian\u00e7as, haver\u00e1 espa\u00e7o kids e atividades circenses, tornando o evento ainda mais completo e acolhedor para fam\u00edlias. O Memorial da Am\u00e9rica Latina, localizado na Barra Funda, ser\u00e1 o palco ideal para essa edi\u00e7\u00e3o, oferecendo estrutura ampla e acess\u00edvel para receber visitantes de todas as idades.<\/p>\n\n\n\n<p>Al\u00e9m da gastronomia, o festival valoriza pequenos produtores e marcas criativas que apresentam artesanato, roupas, semijoias e produtos exclusivos. \u00c9 uma oportunidade para consumir de forma consciente e apoiar o empreendedorismo. O evento \u00e9 Pet friendly, abrindo espa\u00e7o para que os animais de estima\u00e7\u00e3o fa\u00e7am parte da festa.<\/p>\n\n\n\n<p>Com n\u00fameros impressionantes nas edi\u00e7\u00f5es anteriores, 40 mil pessoas em Pinheiros, 70 mil no Ipiranga e 80 mil na Mooca, a expectativa \u00e9 superar todas as marcas e consolidar o Festival do Rango como o maior encontro gastron\u00f4mico da cidade. Mais do que um festival, o Rango \u00e9 um convite para celebrar sabores, culturas e pessoas.<\/p>\n\n\n\n<p>Informa\u00e7\u00f5es:<\/p>\n\n\n\n<p>Evento: Festival do Rango<\/p>\n\n\n\n<p>Data: Dias 7 e 8 de mar\u00e7o de 2026 &#8211; das 11h \u00e0s 21h<\/p>\n\n\n\n<p>Local: Memorial da Am\u00e9rica Latina &#8211; Av. M\u00e1rio de Andrade, 664 &#8211; Barra Funda<\/p>\n\n\n\n<p>Entrada: GRATUITA<\/p>\n\n\n\n<figure class=\"wp-block-image size-large\"><img fetchpriority=\"high\" decoding=\"async\" width=\"683\" height=\"1024\" src=\"https:\/\/novosaopaulo.com.br\/n1\/wp-content\/uploads\/2026\/03\/WhatsApp-Image-2026-03-03-at-19.12.44-683x1024.jpeg\" alt=\"\" class=\"wp-image-28199\" srcset=\"https:\/\/novosaopaulo.com.br\/n1\/wp-content\/uploads\/2026\/03\/WhatsApp-Image-2026-03-03-at-19.12.44-683x1024.jpeg 683w, https:\/\/novosaopaulo.com.br\/n1\/wp-content\/uploads\/2026\/03\/WhatsApp-Image-2026-03-03-at-19.12.44-200x300.jpeg 200w, https:\/\/novosaopaulo.com.br\/n1\/wp-content\/uploads\/2026\/03\/WhatsApp-Image-2026-03-03-at-19.12.44-768x1152.jpeg 768w, https:\/\/novosaopaulo.com.br\/n1\/wp-content\/uploads\/2026\/03\/WhatsApp-Image-2026-03-03-at-19.12.44.jpeg 800w\" sizes=\"(max-width: 683px) 100vw, 683px\" \/><\/figure>\n","protected":false},"excerpt":{"rendered":"<p>Memorial da Am\u00e9rica Latina recebe nos dias 7 e 8 de mar\u00e7o a 4\u00aa edi\u00e7\u00e3o&#8230;<\/p>\n","protected":false},"author":1,"featured_media":28196,"comment_status":"open","ping_status":"open","sticky":false,"template":"","format":"standard","meta":{"footnotes":""},"categories":[2],"tags":[],"featured_image_urls":{"full":["https:\/\/novosaopaulo.com.br\/n1\/wp-content\/uploads\/2026\/03\/WhatsApp-Image-2026-03-03-at-19.12.21.jpeg",800,533,false],"thumbnail":["https:\/\/novosaopaulo.com.br\/n1\/wp-content\/uploads\/2026\/03\/WhatsApp-Image-2026-03-03-at-19.12.21-150x150.jpeg",150,150,true],"medium":["https:\/\/novosaopaulo.com.br\/n1\/wp-content\/uploads\/2026\/03\/WhatsApp-Image-2026-03-03-at-19.12.21-300x200.jpeg",300,200,true],"medium_large":["https:\/\/novosaopaulo.com.br\/n1\/wp-content\/uploads\/2026\/03\/WhatsApp-Image-2026-03-03-at-19.12.21-768x512.jpeg",640,427,true],"large":["https:\/\/novosaopaulo.com.br\/n1\/wp-content\/uploads\/2026\/03\/WhatsApp-Image-2026-03-03-at-19.12.21.jpeg",640,426,false],"1536x1536":["https:\/\/novosaopaulo.com.br\/n1\/wp-content\/uploads\/2026\/03\/WhatsApp-Image-2026-03-03-at-19.12.21.jpeg",800,533,false],"2048x2048":["https:\/\/novosaopaulo.com.br\/n1\/wp-content\/uploads\/2026\/03\/WhatsApp-Image-2026-03-03-at-19.12.21.jpeg",800,533,false],"newsever-slider-full":["https:\/\/novosaopaulo.com.br\/n1\/wp-content\/uploads\/2026\/03\/WhatsApp-Image-2026-03-03-at-19.12.21.jpeg",800,533,false],"newsever-featured":["https:\/\/novosaopaulo.com.br\/n1\/wp-content\/uploads\/2026\/03\/WhatsApp-Image-2026-03-03-at-19.12.21.jpeg",800,533,false],"newsever-medium":["https:\/\/novosaopaulo.com.br\/n1\/wp-content\/uploads\/2026\/03\/WhatsApp-Image-2026-03-03-at-19.12.21-720x475.jpeg",720,475,true]},"author_info":{"display_name":"Reda\u00e7\u00e3o","author_link":"https:\/\/novosaopaulo.com.br\/n1\/author\/g5poa\/"},"category_info":"<a href=\"https:\/\/novosaopaulo.com.br\/n1\/category\/cidades\/\" rel=\"category tag\">Cidades<\/a>","tag_info":"Cidades","comment_count":"0","_links":{"self":[{"href":"https:\/\/novosaopaulo.com.br\/n1\/wp-json\/wp\/v2\/posts\/28195"}],"collection":[{"href":"https:\/\/novosaopaulo.com.br\/n1\/wp-json\/wp\/v2\/posts"}],"about":[{"href":"https:\/\/novosaopaulo.com.br\/n1\/wp-json\/wp\/v2\/types\/post"}],"author":[{"embeddable":true,"href":"https:\/\/novosaopaulo.com.br\/n1\/wp-json\/wp\/v2\/users\/1"}],"replies":[{"embeddable":true,"href":"https:\/\/novosaopaulo.com.br\/n1\/wp-json\/wp\/v2\/comments?post=28195"}],"version-history":[{"count":2,"href":"https:\/\/novosaopaulo.com.br\/n1\/wp-json\/wp\/v2\/posts\/28195\/revisions"}],"predecessor-version":[{"id":28200,"href":"https:\/\/novosaopaulo.com.br\/n1\/wp-json\/wp\/v2\/posts\/28195\/revisions\/28200"}],"wp:featuredmedia":[{"embeddable":true,"href":"https:\/\/novosaopaulo.com.br\/n1\/wp-json\/wp\/v2\/media\/28196"}],"wp:attachment":[{"href":"https:\/\/novosaopaulo.com.br\/n1\/wp-json\/wp\/v2\/media?parent=28195"}],"wp:term":[{"taxonomy":"category","embeddable":true,"href":"https:\/\/novosaopaulo.com.br\/n1\/wp-json\/wp\/v2\/categories?post=28195"},{"taxonomy":"post_tag","embeddable":true,"href":"https:\/\/novosaopaulo.com.br\/n1\/wp-json\/wp\/v2\/tags?post=28195"}],"curies":[{"name":"wp","href":"https:\/\/api.w.org\/{rel}","templated":true}]}}