{"id":28135,"date":"2026-03-02T18:20:01","date_gmt":"2026-03-02T21:20:01","guid":{"rendered":"https:\/\/novosaopaulo.com.br\/n1\/?p=28135"},"modified":"2026-03-02T18:20:02","modified_gmt":"2026-03-02T21:20:02","slug":"por-onde-anda-o-scarface-de-senhora-do-destino","status":"publish","type":"post","link":"https:\/\/novosaopaulo.com.br\/n1\/por-onde-anda-o-scarface-de-senhora-do-destino\/","title":{"rendered":"Por onde anda o Scarface de Senhora do Destino"},"content":{"rendered":"\n<p>Interpretado por F\u00e1bio Malttez, personagem marcante da novela segue vivo na mem\u00f3ria do p\u00fablico<\/p>\n\n\n\n<p>Quem acompanhou a novela Senhora do Destino certamente se lembra de Scarface, o capanga fiel e enigm\u00e1tico de Giovanni Improtta, interpretado pelo saudoso Jos\u00e9 Wilker.<\/p>\n\n\n\n<p>Silencioso, amea\u00e7ador e sempre presente nas cenas de tens\u00e3o, Scarface conquistou o p\u00fablico com seu ar misterioso e tamb\u00e9m por ser contraponto direto \u00e0 comicidade marcante do bicheiro mais famoso da teledramaturgia.<\/p>\n\n\n\n<p>Por tr\u00e1s desse personagem que virou lembran\u00e7a afetiva dos f\u00e3s est\u00e1 F\u00e1bio Malttez, ator que iniciou sua trajet\u00f3ria na TV com pequenas participa\u00e7\u00f5es e conquistou espa\u00e7o em uma trama de enorme repercuss\u00e3o nacional. Segundo o pr\u00f3prio ator, o personagem Scarface n\u00e3o foi um papel isolado. Ele contracenou com grandes nomes como Gl\u00f3ria Menezes, Renata Sorrah, Raul Cortez e Suzana Vieira, vivendo um dos momentos mais especiais da carreira.<\/p>\n\n\n\n<p>Mesmo ap\u00f3s o sucesso da novela, F\u00e1bio precisou conciliar a atua\u00e7\u00e3o com trabalhos formais fora da TV, o que limitou novos personagens, mas n\u00e3o apagou sua paix\u00e3o pela arte. Ele seguiu atuando com participa\u00e7\u00f5es em Em Fam\u00edlia, Irmandade e em pe\u00e7as de teatro no Rio de Janeiro.<\/p>\n\n\n\n<p>A fase musical de F\u00e1bio Malttez<\/p>\n\n\n\n<p>O que muitos f\u00e3s do Scarface talvez n\u00e3o saibam \u00e9 que F\u00e1bio vive hoje uma fase inteiramente dedicada \u00e0 m\u00fasica. Em 2020, durante a pandemia, ele retomou um sonho antigo de cantar. Voltou a estudar t\u00e9cnica vocal, come\u00e7ou a compor e encontrou na m\u00fasica um novo caminho de express\u00e3o art\u00edstica.<\/p>\n\n\n\n<p>Desde ent\u00e3o, lan\u00e7ou seis faixas, entre elas: \u201cVoc\u00ea\u201d, sua primeira m\u00fasica autoral, inspirada em uma hist\u00f3ria real de amor e despedida. \u201cMeus Amor\u201d, parceria com Pablo Freire e Azllin de Paula, trazendo mem\u00f3rias afetivas e linguagem marcante. \u201cNunca Nunca S\u00f3\u201d, composta ao lado de Thiago Bessa em uma tarde chuvosa que virou letra e melodia.<\/p>\n\n\n\n<p>Agora, F\u00e1bio vive o momento mais importante dessa fase: o lan\u00e7amento de \u201cPegadinha\u201d, sua nova m\u00fasica de trabalho. A faixa, uma vaneira dan\u00e7ante, com refr\u00e3o leve e clima de balada, conta a hist\u00f3ria de um cara de autoestima baixa que n\u00e3o acredita que uma mulher t\u00e3o bonita est\u00e1 dando aten\u00e7\u00e3o para ele. A d\u00favida vira humor, a cena vira beijo e tudo vira, pegadinha.<\/p>\n\n\n\n<p>Composi\u00e7\u00e3o de Pablo Freire, Ruan Di Paula, Ariel Duarte e GD Santos, a m\u00fasica marca o in\u00edcio de um planejamento art\u00edstico mais forte, com foco em constru\u00e7\u00e3o de p\u00fablico, presen\u00e7a digital e consolida\u00e7\u00e3o de repert\u00f3rio.<\/p>\n\n\n\n<p>Um artista m\u00faltiplo em nova fase<\/p>\n\n\n\n<p>Com forma\u00e7\u00e3o em Artes C\u00eanicas, p\u00f3s-gradua\u00e7\u00e3o em Administra\u00e7\u00e3o pela FGV e uma vida inteira dividida entre sonhos e responsabilidades, F\u00e1bio encontra na m\u00fasica o espa\u00e7o onde arte e identidade se encaixam naturalmente.<\/p>\n\n\n\n<p>Ele segue compondo, estudando canto e preparando novos projetos. Tamb\u00e9m lan\u00e7ou recentemente o e-book \u201cSou sonhador mesmo e da\u00ed!\u201d, dispon\u00edvel na Amazon, refor\u00e7ando sua hist\u00f3ria de persist\u00eancia.<\/p>\n\n\n\n<p>Enquanto o p\u00fablico lembra de Scarface como um dos capangas mais ic\u00f4nicos da teledramaturgia recente, F\u00e1bio Malttez escreve um novo cap\u00edtulo, agora em ritmo de vaneira, refr\u00f5es marcantes e dedica\u00e7\u00e3o total \u00e0 carreira musical.<\/p>\n","protected":false},"excerpt":{"rendered":"<p>Interpretado por F\u00e1bio Malttez, personagem marcante da novela segue vivo na mem\u00f3ria do p\u00fablico Quem&#8230;<\/p>\n","protected":false},"author":1,"featured_media":28136,"comment_status":"open","ping_status":"open","sticky":false,"template":"","format":"standard","meta":{"footnotes":""},"categories":[38],"tags":[],"featured_image_urls":{"full":["https:\/\/novosaopaulo.com.br\/n1\/wp-content\/uploads\/2026\/03\/WhatsApp-Image-2026-03-02-at-11.33.21.jpeg",1200,750,false],"thumbnail":["https:\/\/novosaopaulo.com.br\/n1\/wp-content\/uploads\/2026\/03\/WhatsApp-Image-2026-03-02-at-11.33.21-150x150.jpeg",150,150,true],"medium":["https:\/\/novosaopaulo.com.br\/n1\/wp-content\/uploads\/2026\/03\/WhatsApp-Image-2026-03-02-at-11.33.21-300x188.jpeg",300,188,true],"medium_large":["https:\/\/novosaopaulo.com.br\/n1\/wp-content\/uploads\/2026\/03\/WhatsApp-Image-2026-03-02-at-11.33.21-768x480.jpeg",640,400,true],"large":["https:\/\/novosaopaulo.com.br\/n1\/wp-content\/uploads\/2026\/03\/WhatsApp-Image-2026-03-02-at-11.33.21-1024x640.jpeg",640,400,true],"1536x1536":["https:\/\/novosaopaulo.com.br\/n1\/wp-content\/uploads\/2026\/03\/WhatsApp-Image-2026-03-02-at-11.33.21.jpeg",1200,750,false],"2048x2048":["https:\/\/novosaopaulo.com.br\/n1\/wp-content\/uploads\/2026\/03\/WhatsApp-Image-2026-03-02-at-11.33.21.jpeg",1200,750,false],"newsever-slider-full":["https:\/\/novosaopaulo.com.br\/n1\/wp-content\/uploads\/2026\/03\/WhatsApp-Image-2026-03-02-at-11.33.21.jpeg",1200,750,false],"newsever-featured":["https:\/\/novosaopaulo.com.br\/n1\/wp-content\/uploads\/2026\/03\/WhatsApp-Image-2026-03-02-at-11.33.21-1024x640.jpeg",1024,640,true],"newsever-medium":["https:\/\/novosaopaulo.com.br\/n1\/wp-content\/uploads\/2026\/03\/WhatsApp-Image-2026-03-02-at-11.33.21-720x475.jpeg",720,475,true]},"author_info":{"display_name":"Reda\u00e7\u00e3o","author_link":"https:\/\/novosaopaulo.com.br\/n1\/author\/g5poa\/"},"category_info":"<a href=\"https:\/\/novosaopaulo.com.br\/n1\/category\/joao-costa\/\" rel=\"category tag\">Jo\u00e3o Costa<\/a>","tag_info":"Jo\u00e3o Costa","comment_count":"0","_links":{"self":[{"href":"https:\/\/novosaopaulo.com.br\/n1\/wp-json\/wp\/v2\/posts\/28135"}],"collection":[{"href":"https:\/\/novosaopaulo.com.br\/n1\/wp-json\/wp\/v2\/posts"}],"about":[{"href":"https:\/\/novosaopaulo.com.br\/n1\/wp-json\/wp\/v2\/types\/post"}],"author":[{"embeddable":true,"href":"https:\/\/novosaopaulo.com.br\/n1\/wp-json\/wp\/v2\/users\/1"}],"replies":[{"embeddable":true,"href":"https:\/\/novosaopaulo.com.br\/n1\/wp-json\/wp\/v2\/comments?post=28135"}],"version-history":[{"count":1,"href":"https:\/\/novosaopaulo.com.br\/n1\/wp-json\/wp\/v2\/posts\/28135\/revisions"}],"predecessor-version":[{"id":28137,"href":"https:\/\/novosaopaulo.com.br\/n1\/wp-json\/wp\/v2\/posts\/28135\/revisions\/28137"}],"wp:featuredmedia":[{"embeddable":true,"href":"https:\/\/novosaopaulo.com.br\/n1\/wp-json\/wp\/v2\/media\/28136"}],"wp:attachment":[{"href":"https:\/\/novosaopaulo.com.br\/n1\/wp-json\/wp\/v2\/media?parent=28135"}],"wp:term":[{"taxonomy":"category","embeddable":true,"href":"https:\/\/novosaopaulo.com.br\/n1\/wp-json\/wp\/v2\/categories?post=28135"},{"taxonomy":"post_tag","embeddable":true,"href":"https:\/\/novosaopaulo.com.br\/n1\/wp-json\/wp\/v2\/tags?post=28135"}],"curies":[{"name":"wp","href":"https:\/\/api.w.org\/{rel}","templated":true}]}}