{"id":28034,"date":"2026-02-25T18:22:30","date_gmt":"2026-02-25T21:22:30","guid":{"rendered":"https:\/\/novosaopaulo.com.br\/n1\/?p=28034"},"modified":"2026-02-25T18:22:30","modified_gmt":"2026-02-25T21:22:30","slug":"itaqua-registra-37-adocoes-de-caes-e-gatos-em-2026","status":"publish","type":"post","link":"https:\/\/novosaopaulo.com.br\/n1\/itaqua-registra-37-adocoes-de-caes-e-gatos-em-2026\/","title":{"rendered":"Itaqu\u00e1 registra 37 ado\u00e7\u00f5es de c\u00e3es e gatos em 2026"},"content":{"rendered":"\n<p>Outros 140 animais castrados e vacinados aguardam um novo lar<\/p>\n\n\n\n<p>A Prefeitura de Itaquaquecetuba, por meio da Secretaria de Meio Ambiente e Bem-Estar Animal, contabilizou 37 ado\u00e7\u00f5es de c\u00e3es e gatos acolhidos pelo munic\u00edpio neste ano. Atualmente, cerca de 140 pets, entre adultos e filhotes, seguem dispon\u00edveis para ado\u00e7\u00e3o no Departamento de Bem-Estar Animal.<\/p>\n\n\n\n<p>Todos os animais j\u00e1 est\u00e3o castrados e vacinados, o que garante mais sa\u00fade e seguran\u00e7a tanto para os futuros tutores quanto para os pr\u00f3prios pets. \u201cQuando incentivamos a ado\u00e7\u00e3o, contribu\u00edmos diretamente para reduzir o abandono e fortalecer uma cultura de responsabilidade e respeito aos animais&#8221;, destacou o secret\u00e1rio de Governo, Marcello Barbosa.<\/p>\n\n\n\n<p>Para adotar, \u00e9 necess\u00e1rio ter mais de 18 anos, apresentar documento oficial com foto e escolher o animal de acordo com o perfil da fam\u00edlia e as condi\u00e7\u00f5es do lar. \u201cCada ado\u00e7\u00e3o representa uma nova oportunidade para esses animais. Nosso papel \u00e9 oferecer cuidado e prote\u00e7\u00e3o enquanto aguardam uma fam\u00edlia, mas nada substitui o carinho e a conviv\u00eancia em um lar\u201d, refor\u00e7ou a secret\u00e1ria de Meio Ambiente e Bem-Estar Animal, Yasmim Zampieiri.<\/p>\n\n\n\n<p>O Departamento de Bem-Estar Animal est\u00e1 localizado na rua Senador Canedo, 550 \u2013 Ch\u00e1cara Cuiab\u00e1. O atendimento ocorre de segunda a sexta-feira, das 8h \u00e0s 17h. \u201cEstamos ampliando pol\u00edticas p\u00fablicas voltadas \u00e0 prote\u00e7\u00e3o animal. A ado\u00e7\u00e3o respons\u00e1vel \u00e9 um ato de amor com o bem-estar coletivo\u201d, completou o prefeito Eduardo Boigues.<\/p>\n\n\n\n<p>Fotos: Dayane Oliveira<\/p>\n","protected":false},"excerpt":{"rendered":"<p>Outros 140 animais castrados e vacinados aguardam um novo lar A Prefeitura de Itaquaquecetuba, por&#8230;<\/p>\n","protected":false},"author":1,"featured_media":28035,"comment_status":"open","ping_status":"open","sticky":false,"template":"","format":"standard","meta":{"footnotes":""},"categories":[34],"tags":[],"featured_image_urls":{"full":["https:\/\/novosaopaulo.com.br\/n1\/wp-content\/uploads\/2026\/02\/WhatsApp-Image-2026-02-25-at-10.19.54.jpeg",800,533,false],"thumbnail":["https:\/\/novosaopaulo.com.br\/n1\/wp-content\/uploads\/2026\/02\/WhatsApp-Image-2026-02-25-at-10.19.54-150x150.jpeg",150,150,true],"medium":["https:\/\/novosaopaulo.com.br\/n1\/wp-content\/uploads\/2026\/02\/WhatsApp-Image-2026-02-25-at-10.19.54-300x200.jpeg",300,200,true],"medium_large":["https:\/\/novosaopaulo.com.br\/n1\/wp-content\/uploads\/2026\/02\/WhatsApp-Image-2026-02-25-at-10.19.54-768x512.jpeg",640,427,true],"large":["https:\/\/novosaopaulo.com.br\/n1\/wp-content\/uploads\/2026\/02\/WhatsApp-Image-2026-02-25-at-10.19.54.jpeg",640,426,false],"1536x1536":["https:\/\/novosaopaulo.com.br\/n1\/wp-content\/uploads\/2026\/02\/WhatsApp-Image-2026-02-25-at-10.19.54.jpeg",800,533,false],"2048x2048":["https:\/\/novosaopaulo.com.br\/n1\/wp-content\/uploads\/2026\/02\/WhatsApp-Image-2026-02-25-at-10.19.54.jpeg",800,533,false],"newsever-slider-full":["https:\/\/novosaopaulo.com.br\/n1\/wp-content\/uploads\/2026\/02\/WhatsApp-Image-2026-02-25-at-10.19.54.jpeg",800,533,false],"newsever-featured":["https:\/\/novosaopaulo.com.br\/n1\/wp-content\/uploads\/2026\/02\/WhatsApp-Image-2026-02-25-at-10.19.54.jpeg",800,533,false],"newsever-medium":["https:\/\/novosaopaulo.com.br\/n1\/wp-content\/uploads\/2026\/02\/WhatsApp-Image-2026-02-25-at-10.19.54-720x475.jpeg",720,475,true]},"author_info":{"display_name":"Reda\u00e7\u00e3o","author_link":"https:\/\/novosaopaulo.com.br\/n1\/author\/g5poa\/"},"category_info":"<a href=\"https:\/\/novosaopaulo.com.br\/n1\/category\/alto-tiete\/\" rel=\"category tag\">Alto Tiet\u00ea<\/a>","tag_info":"Alto Tiet\u00ea","comment_count":"0","_links":{"self":[{"href":"https:\/\/novosaopaulo.com.br\/n1\/wp-json\/wp\/v2\/posts\/28034"}],"collection":[{"href":"https:\/\/novosaopaulo.com.br\/n1\/wp-json\/wp\/v2\/posts"}],"about":[{"href":"https:\/\/novosaopaulo.com.br\/n1\/wp-json\/wp\/v2\/types\/post"}],"author":[{"embeddable":true,"href":"https:\/\/novosaopaulo.com.br\/n1\/wp-json\/wp\/v2\/users\/1"}],"replies":[{"embeddable":true,"href":"https:\/\/novosaopaulo.com.br\/n1\/wp-json\/wp\/v2\/comments?post=28034"}],"version-history":[{"count":1,"href":"https:\/\/novosaopaulo.com.br\/n1\/wp-json\/wp\/v2\/posts\/28034\/revisions"}],"predecessor-version":[{"id":28036,"href":"https:\/\/novosaopaulo.com.br\/n1\/wp-json\/wp\/v2\/posts\/28034\/revisions\/28036"}],"wp:featuredmedia":[{"embeddable":true,"href":"https:\/\/novosaopaulo.com.br\/n1\/wp-json\/wp\/v2\/media\/28035"}],"wp:attachment":[{"href":"https:\/\/novosaopaulo.com.br\/n1\/wp-json\/wp\/v2\/media?parent=28034"}],"wp:term":[{"taxonomy":"category","embeddable":true,"href":"https:\/\/novosaopaulo.com.br\/n1\/wp-json\/wp\/v2\/categories?post=28034"},{"taxonomy":"post_tag","embeddable":true,"href":"https:\/\/novosaopaulo.com.br\/n1\/wp-json\/wp\/v2\/tags?post=28034"}],"curies":[{"name":"wp","href":"https:\/\/api.w.org\/{rel}","templated":true}]}}