{"id":27707,"date":"2026-01-28T22:22:53","date_gmt":"2026-01-29T01:22:53","guid":{"rendered":"https:\/\/novosaopaulo.com.br\/n1\/?p=27707"},"modified":"2026-01-28T22:22:53","modified_gmt":"2026-01-29T01:22:53","slug":"poa-promove-acao-do-janeiro-branco-com-foco-na-saude-mental-nesta-quinta","status":"publish","type":"post","link":"https:\/\/novosaopaulo.com.br\/n1\/poa-promove-acao-do-janeiro-branco-com-foco-na-saude-mental-nesta-quinta\/","title":{"rendered":"Po\u00e1 promove a\u00e7\u00e3o do Janeiro Branco com foco na sa\u00fade mental nesta quinta"},"content":{"rendered":"\n<p>Evento gratuito acontece na Pra\u00e7a da B\u00edblia, das 8 \u00e0s 12h, com escuta qualificada, orienta\u00e7\u00e3o farmacol\u00f3gica e atividades culturais abertas ao p\u00fablico<\/p>\n\n\n\n<p>A Secretaria de Sa\u00fade de Po\u00e1 promove, nesta quinta-feira (29), uma grande a\u00e7\u00e3o do Janeiro Branco voltada \u00e0 conscientiza\u00e7\u00e3o e ao cuidado com a sa\u00fade mental. O evento ser\u00e1 realizado na Pra\u00e7a da B\u00edblia, localizada na avenida Nove de Julho, 22, no Centro, das 8 \u00e0s 12 horas, e \u00e9 aberto ao p\u00fablico em geral.<\/p>\n\n\n\n<p>A iniciativa re\u00fane atendimentos de escuta qualificada, orienta\u00e7\u00e3o farmacol\u00f3gica, atividades culturais e rodas de conversa conduzidas por profissionais da Sa\u00fade, colocando o bem-estar emocional no centro das aten\u00e7\u00f5es.<\/p>\n\n\n\n<p>Um dos principais destaques da a\u00e7\u00e3o em Po\u00e1 \u00e9 a oferta de tendas de escuta qualificada, onde profissionais capacitados estar\u00e3o dispon\u00edveis para ouvir a popula\u00e7\u00e3o de forma atenta e acolhedora. A medida \u00e9 uma ferramenta fundamental no cuidado em sa\u00fade mental, pois permite que as pessoas expressem suas ang\u00fastias, d\u00favidas e sentimentos em um ambiente seguro, sem julgamentos.<\/p>\n\n\n\n<p>Durante o evento, qualquer pessoa poder\u00e1 procurar as tendas para conversar, receber orienta\u00e7\u00f5es iniciais e, quando necess\u00e1rio, ser encaminhada para os servi\u00e7os da rede municipal de sa\u00fade. A iniciativa refor\u00e7a a import\u00e2ncia de falar sobre emo\u00e7\u00f5es e buscar apoio, rompendo com estigmas ainda presentes em torno do cuidado psicol\u00f3gico.<\/p>\n\n\n\n<p>Outro eixo importante da a\u00e7\u00e3o ser\u00e1 a orienta\u00e7\u00e3o farmacol\u00f3gica. Profissionais da \u00e1rea estar\u00e3o dispon\u00edveis para conversar com pacientes e familiares que t\u00eam d\u00favidas sobre o uso de medicamentos, especialmente aqueles relacionados \u00e0 sa\u00fade mental. Ser\u00e3o abordados temas como intera\u00e7\u00e3o medicamentosa, efeitos colaterais, riscos da automedica\u00e7\u00e3o e depend\u00eancia medicamentosa.<\/p>\n\n\n\n<p>Al\u00e9m dos atendimentos e orienta\u00e7\u00f5es, a programa\u00e7\u00e3o do Janeiro Branco em Po\u00e1 tamb\u00e9m inclui atividades culturais. Um sarau ser\u00e1 realizado com a participa\u00e7\u00e3o de pacientes e funcion\u00e1rios do Caps, aberto a todos que desejarem cantar, se apresentar ou simplesmente prestigiar o momento.<\/p>\n\n\n\n<p>Outra iniciativa ser\u00e1 a roda de conversa com a equipe de psic\u00f3logos da Rede B\u00e1sica de Sa\u00fade, que ir\u00e1 abordar temas relacionados \u00e0 sa\u00fade mental de forma acess\u00edvel e dialogada. A roda de conversa permite a troca de experi\u00eancias, o esclarecimento de d\u00favidas e a reflex\u00e3o conjunta sobre desafios cotidianos que impactam o equil\u00edbrio emocional.<\/p>\n\n\n\n<p>O secret\u00e1rio de Sa\u00fade de Po\u00e1, Silvanei Mamed, destacou a relev\u00e2ncia da campanha Janeiro Branco para a conscientiza\u00e7\u00e3o da popula\u00e7\u00e3o sobre a sa\u00fade mental e emocional. Segundo ele, a\u00e7\u00f5es como essa s\u00e3o fundamentais para enfrentar preconceitos e ampliar o debate sobre o tema.<\/p>\n\n\n\n<p>&#8220;Essa a\u00e7\u00e3o busca combater tabus, prevenir doen\u00e7as como ansiedade, depress\u00e3o e burnout, e incentivar o autocuidado e a busca por ajuda especializada&#8221;, afirmou o chefe da pasta. &#8220;Ao abrir o espa\u00e7o para a participa\u00e7\u00e3o do p\u00fablico, o evento refor\u00e7a a ideia de que a sa\u00fade mental \u00e9 constru\u00edda coletivamente, com empatia, escuta e respeito \u00e0s diferen\u00e7as\u201d, completou.<\/p>\n\n\n\n<p>O prefeito Saulo Souza disse que ao abrir as portas para a escuta e o di\u00e1logo, o munic\u00edpio refor\u00e7a a mensagem de que ningu\u00e9m precisa enfrentar seus problemas sozinho e que buscar ajuda \u00e9 um ato de cuidado e responsabilidade consigo mesmo. \u201cAo investir em a\u00e7\u00f5es de conscientiza\u00e7\u00e3o e cuidado, o munic\u00edpio fortalece a rede de apoio \u00e0 popula\u00e7\u00e3o e estimula uma cultura de acolhimento e preven\u00e7\u00e3o\u201d, disse.<\/p>\n\n\n\n<p>Servi\u00e7o:<\/p>\n\n\n\n<p>A\u00e7\u00e3o Janeiro Branco<br>Data: 29\/01<br>Hor\u00e1rio: das 8h \u00e0s 12h<br>Local: Pra\u00e7a da B\u00edblia \u2013 avenida Nove de Julho, 22, Centro, Po\u00e1<br>Evento gratuito e aberto ao p\u00fablico<\/p>\n\n\n\n<p>Foto: Nivaldo Alves<\/p>\n","protected":false},"excerpt":{"rendered":"<p>Evento gratuito acontece na Pra\u00e7a da B\u00edblia, das 8 \u00e0s 12h, com escuta qualificada, orienta\u00e7\u00e3o&#8230;<\/p>\n","protected":false},"author":1,"featured_media":27708,"comment_status":"open","ping_status":"open","sticky":false,"template":"","format":"standard","meta":{"footnotes":""},"categories":[8],"tags":[],"featured_image_urls":{"full":["https:\/\/novosaopaulo.com.br\/n1\/wp-content\/uploads\/2026\/01\/WhatsApp-Image-2026-01-28-at-16.36.56.jpeg",1600,1066,false],"thumbnail":["https:\/\/novosaopaulo.com.br\/n1\/wp-content\/uploads\/2026\/01\/WhatsApp-Image-2026-01-28-at-16.36.56-150x150.jpeg",150,150,true],"medium":["https:\/\/novosaopaulo.com.br\/n1\/wp-content\/uploads\/2026\/01\/WhatsApp-Image-2026-01-28-at-16.36.56-300x200.jpeg",300,200,true],"medium_large":["https:\/\/novosaopaulo.com.br\/n1\/wp-content\/uploads\/2026\/01\/WhatsApp-Image-2026-01-28-at-16.36.56-768x512.jpeg",640,427,true],"large":["https:\/\/novosaopaulo.com.br\/n1\/wp-content\/uploads\/2026\/01\/WhatsApp-Image-2026-01-28-at-16.36.56-1024x682.jpeg",640,426,true],"1536x1536":["https:\/\/novosaopaulo.com.br\/n1\/wp-content\/uploads\/2026\/01\/WhatsApp-Image-2026-01-28-at-16.36.56-1536x1023.jpeg",1536,1023,true],"2048x2048":["https:\/\/novosaopaulo.com.br\/n1\/wp-content\/uploads\/2026\/01\/WhatsApp-Image-2026-01-28-at-16.36.56.jpeg",1600,1066,false],"newsever-slider-full":["https:\/\/novosaopaulo.com.br\/n1\/wp-content\/uploads\/2026\/01\/WhatsApp-Image-2026-01-28-at-16.36.56-1280x845.jpeg",1280,845,true],"newsever-featured":["https:\/\/novosaopaulo.com.br\/n1\/wp-content\/uploads\/2026\/01\/WhatsApp-Image-2026-01-28-at-16.36.56-1024x682.jpeg",1024,682,true],"newsever-medium":["https:\/\/novosaopaulo.com.br\/n1\/wp-content\/uploads\/2026\/01\/WhatsApp-Image-2026-01-28-at-16.36.56-720x475.jpeg",720,475,true]},"author_info":{"display_name":"Reda\u00e7\u00e3o","author_link":"https:\/\/novosaopaulo.com.br\/n1\/author\/g5poa\/"},"category_info":"<a href=\"https:\/\/novosaopaulo.com.br\/n1\/category\/poa\/\" rel=\"category tag\">Po\u00e1<\/a>","tag_info":"Po\u00e1","comment_count":"0","_links":{"self":[{"href":"https:\/\/novosaopaulo.com.br\/n1\/wp-json\/wp\/v2\/posts\/27707"}],"collection":[{"href":"https:\/\/novosaopaulo.com.br\/n1\/wp-json\/wp\/v2\/posts"}],"about":[{"href":"https:\/\/novosaopaulo.com.br\/n1\/wp-json\/wp\/v2\/types\/post"}],"author":[{"embeddable":true,"href":"https:\/\/novosaopaulo.com.br\/n1\/wp-json\/wp\/v2\/users\/1"}],"replies":[{"embeddable":true,"href":"https:\/\/novosaopaulo.com.br\/n1\/wp-json\/wp\/v2\/comments?post=27707"}],"version-history":[{"count":1,"href":"https:\/\/novosaopaulo.com.br\/n1\/wp-json\/wp\/v2\/posts\/27707\/revisions"}],"predecessor-version":[{"id":27709,"href":"https:\/\/novosaopaulo.com.br\/n1\/wp-json\/wp\/v2\/posts\/27707\/revisions\/27709"}],"wp:featuredmedia":[{"embeddable":true,"href":"https:\/\/novosaopaulo.com.br\/n1\/wp-json\/wp\/v2\/media\/27708"}],"wp:attachment":[{"href":"https:\/\/novosaopaulo.com.br\/n1\/wp-json\/wp\/v2\/media?parent=27707"}],"wp:term":[{"taxonomy":"category","embeddable":true,"href":"https:\/\/novosaopaulo.com.br\/n1\/wp-json\/wp\/v2\/categories?post=27707"},{"taxonomy":"post_tag","embeddable":true,"href":"https:\/\/novosaopaulo.com.br\/n1\/wp-json\/wp\/v2\/tags?post=27707"}],"curies":[{"name":"wp","href":"https:\/\/api.w.org\/{rel}","templated":true}]}}