{"id":27704,"date":"2026-01-28T22:21:37","date_gmt":"2026-01-29T01:21:37","guid":{"rendered":"https:\/\/novosaopaulo.com.br\/n1\/?p=27704"},"modified":"2026-01-28T22:23:33","modified_gmt":"2026-01-29T01:23:33","slug":"avine-vinny-lanca-novinha-de-academia-em-parceria-com-mc-nito-com-clipe-gravado-no-rio","status":"publish","type":"post","link":"https:\/\/novosaopaulo.com.br\/n1\/avine-vinny-lanca-novinha-de-academia-em-parceria-com-mc-nito-com-clipe-gravado-no-rio\/","title":{"rendered":"\u00c1vine Vinny lan\u00e7a \u201cNovinha de Academia\u201d em parceria com MC Nito, com clipe gravado no Rio"},"content":{"rendered":"\n<p>Single in\u00e9dito chega \u00e0s plataformas digitais nesta quinta (29); lan\u00e7amento do clipe acontece na sexta (30)<\/p>\n\n\n\n<p>\u00c1vine Vinny lan\u00e7a \u201cNovinha de Academia\u201d, parceria com MC Nito, que chega \u00e0s plataformas digitais no dia 29 de janeiro, \u00e0s 21h. O single ganha clipe oficial, gravado no Rio de Janeiro, com estreia marcada para 30 de janeiro, \u00e0s 11h. A faixa marca mais um movimento do cantor em dire\u00e7\u00e3o a novas sonoridades e di\u00e1logos musicais.<br>Com batidas envolventes, refr\u00e3o direto e uma pegada dan\u00e7ante, a m\u00fasica flerta com o funk e amplia o di\u00e1logo de \u00c1vine Vinny com o p\u00fablico do eixo Rio\u2013S\u00e3o Paulo. A produ\u00e7\u00e3o explora imagens urbanas e situa\u00e7\u00f5es que se conectam com a cultura jovem e o cotidiano das grandes cidades.<br>Com lan\u00e7amento acontecendo \u00e0s v\u00e9speras do Carnaval, \u201cNovinha de Academia\u201d surge com potencial para se destacar entre os lan\u00e7amentos da temporada.<br>O clipe refor\u00e7a a atmosfera da faixa e foi gravado diretamente em uma comunidade carioca, com est\u00e9tica din\u00e2mica e ritmo acelerado, acompanhando a proposta da m\u00fasica. J\u00e1 a parceria com MC Nito vem para somar identidade ao projeto. O artista carioca \u00e9 um dos nomes em ascens\u00e3o da cena musical e tem m\u00fasicas que ganharam destaque nas plataformas digitais e nas redes sociais.<br>\u201c\u2018Novinha de Academia\u2019 nasceu pra ter impacto. Tem batida forte, feita pra tocar alto e envolver o p\u00fablico do come\u00e7o ao fim. A parceria fluiu de forma muito natural, e o clipe conseguiu captar exatamente a energia que a gente queria. Sinto que vem coisa boa por a\u00ed\u201d, celebra \u00c1vine Vinny.<br>Com o novo lan\u00e7amento, \u00c1vine Vinny segue expandindo seu repert\u00f3rio e reafirma sua capacidade de transitar entre diferentes sonoridades, mantendo conex\u00e3o com o p\u00fablico e com as tend\u00eancias atuais da m\u00fasica brasileira.<\/p>\n\n\n\n<p><strong>Sobre \u00c1vine Vinny<\/strong><\/p>\n\n\n\n<p>Cantor e compositor, \u00c1vine Vinny vem construindo uma carreira s\u00f3lida no cen\u00e1rio da m\u00fasica, somando mais de um bilh\u00e3o de streams nas plataformas. Natural de Sobral, no Cear\u00e1, conquistou uma legi\u00e3o de f\u00e3s, sempre inovando e experimentando novos conceitos no forronejo. Reinventando o g\u00eanero, em 2021, viralizou nas redes sociais com o hit \u201cCora\u00e7\u00e3o Cachorro\u201d e alcan\u00e7ou Top 01 nas principais plataformas digitais.<\/p>\n\n\n\n<p>Em 2023, lan\u00e7ou o DVD \u201cAo Vivo em Sobral\u201d, uma homenagem aos 250 anos da cidade. Esse olhar visa ser uma celebra\u00e7\u00e3o da conex\u00e3o do artista com suas ra\u00edzes a fim de compartilhar essa viv\u00eancia \u00fanica com seus f\u00e3s.<\/p>\n\n\n\n<p>O projeto especial superou todas as expectativas e registrou mais um marco em sua carreira. Em 2025, ap\u00f3s o sucesso de \u201cAssunto Que D\u00f3i\u201d, de 2024, o cantor lan\u00e7ou seu EP audiovisual, \u201cQuebra Cabe\u00e7a\u201d. Nesse \u00faltimo trabalho, somou participa\u00e7\u00f5es e hits com Henry Freitas (\u201cGuardanapo\u201d), Grego (\u201cVida de Bebo\u201d), Kak\u00e1 e Pedrinho (\u201cTalvez\u201d) e Raphaela Santos (\u201cSe Voc\u00ea Quer Saber\u201d).<\/p>\n\n\n\n<p>Com muita brasilidade, o artista explora em suas m\u00fasicas todos os ritmos, trazendo sua personalidade em cada detalhe e inova\u00e7\u00e3o. Desde o lan\u00e7amento de \u201cMaturidade\u201d, uma das m\u00fasicas mais tocadas do Spotify Brasil entre 2018 e 2019, \u00c1vine Vinny conquistou o p\u00fablico com seu talento e carisma.<\/p>\n\n\n\n<p><strong>\u00c1vine Vinny em n\u00fameros:<\/strong><\/p>\n\n\n\n<p>Instagram: 1,7M de seguidores<\/p>\n\n\n\n<p>Tiktok: 386 mil seguidores<\/p>\n\n\n\n<p>YouTube: 1,42M de inscritos<\/p>\n\n\n\n<p>Spotify: 1,8M de ouvintes mensais<\/p>\n\n\n\n<p>Foto: Divulga\u00e7\u00e3o<\/p>\n","protected":false},"excerpt":{"rendered":"<p>Single in\u00e9dito chega \u00e0s plataformas digitais nesta quinta (29); lan\u00e7amento do clipe acontece na sexta&#8230;<\/p>\n","protected":false},"author":1,"featured_media":27705,"comment_status":"open","ping_status":"open","sticky":false,"template":"","format":"standard","meta":{"footnotes":""},"categories":[2],"tags":[],"featured_image_urls":{"full":["https:\/\/novosaopaulo.com.br\/n1\/wp-content\/uploads\/2026\/01\/Design-sem-nome-39.jpg",1200,902,false],"thumbnail":["https:\/\/novosaopaulo.com.br\/n1\/wp-content\/uploads\/2026\/01\/Design-sem-nome-39-150x150.jpg",150,150,true],"medium":["https:\/\/novosaopaulo.com.br\/n1\/wp-content\/uploads\/2026\/01\/Design-sem-nome-39-300x226.jpg",300,226,true],"medium_large":["https:\/\/novosaopaulo.com.br\/n1\/wp-content\/uploads\/2026\/01\/Design-sem-nome-39-768x577.jpg",640,481,true],"large":["https:\/\/novosaopaulo.com.br\/n1\/wp-content\/uploads\/2026\/01\/Design-sem-nome-39-1024x770.jpg",640,481,true],"1536x1536":["https:\/\/novosaopaulo.com.br\/n1\/wp-content\/uploads\/2026\/01\/Design-sem-nome-39.jpg",1200,902,false],"2048x2048":["https:\/\/novosaopaulo.com.br\/n1\/wp-content\/uploads\/2026\/01\/Design-sem-nome-39.jpg",1200,902,false],"newsever-slider-full":["https:\/\/novosaopaulo.com.br\/n1\/wp-content\/uploads\/2026\/01\/Design-sem-nome-39-1200x845.jpg",1200,845,true],"newsever-featured":["https:\/\/novosaopaulo.com.br\/n1\/wp-content\/uploads\/2026\/01\/Design-sem-nome-39-1024x770.jpg",1024,770,true],"newsever-medium":["https:\/\/novosaopaulo.com.br\/n1\/wp-content\/uploads\/2026\/01\/Design-sem-nome-39-720x475.jpg",720,475,true]},"author_info":{"display_name":"Reda\u00e7\u00e3o","author_link":"https:\/\/novosaopaulo.com.br\/n1\/author\/g5poa\/"},"category_info":"<a href=\"https:\/\/novosaopaulo.com.br\/n1\/category\/cidades\/\" rel=\"category tag\">Cidades<\/a>","tag_info":"Cidades","comment_count":"0","_links":{"self":[{"href":"https:\/\/novosaopaulo.com.br\/n1\/wp-json\/wp\/v2\/posts\/27704"}],"collection":[{"href":"https:\/\/novosaopaulo.com.br\/n1\/wp-json\/wp\/v2\/posts"}],"about":[{"href":"https:\/\/novosaopaulo.com.br\/n1\/wp-json\/wp\/v2\/types\/post"}],"author":[{"embeddable":true,"href":"https:\/\/novosaopaulo.com.br\/n1\/wp-json\/wp\/v2\/users\/1"}],"replies":[{"embeddable":true,"href":"https:\/\/novosaopaulo.com.br\/n1\/wp-json\/wp\/v2\/comments?post=27704"}],"version-history":[{"count":2,"href":"https:\/\/novosaopaulo.com.br\/n1\/wp-json\/wp\/v2\/posts\/27704\/revisions"}],"predecessor-version":[{"id":27710,"href":"https:\/\/novosaopaulo.com.br\/n1\/wp-json\/wp\/v2\/posts\/27704\/revisions\/27710"}],"wp:featuredmedia":[{"embeddable":true,"href":"https:\/\/novosaopaulo.com.br\/n1\/wp-json\/wp\/v2\/media\/27705"}],"wp:attachment":[{"href":"https:\/\/novosaopaulo.com.br\/n1\/wp-json\/wp\/v2\/media?parent=27704"}],"wp:term":[{"taxonomy":"category","embeddable":true,"href":"https:\/\/novosaopaulo.com.br\/n1\/wp-json\/wp\/v2\/categories?post=27704"},{"taxonomy":"post_tag","embeddable":true,"href":"https:\/\/novosaopaulo.com.br\/n1\/wp-json\/wp\/v2\/tags?post=27704"}],"curies":[{"name":"wp","href":"https:\/\/api.w.org\/{rel}","templated":true}]}}