{"id":27701,"date":"2026-01-28T22:17:54","date_gmt":"2026-01-29T01:17:54","guid":{"rendered":"https:\/\/novosaopaulo.com.br\/n1\/?p=27701"},"modified":"2026-01-28T22:17:55","modified_gmt":"2026-01-29T01:17:55","slug":"lauana-prado-lanca-versao-deluxe-do-raiz-belo-horizontecom-faixas-ineditas-nesta-quinta-feira-29","status":"publish","type":"post","link":"https:\/\/novosaopaulo.com.br\/n1\/lauana-prado-lanca-versao-deluxe-do-raiz-belo-horizontecom-faixas-ineditas-nesta-quinta-feira-29\/","title":{"rendered":"Lauana Prado lan\u00e7a vers\u00e3o deluxe do \u201cRaiz Belo Horizonte\u201dcom faixas in\u00e9ditas nesta quinta-feira (29)"},"content":{"rendered":"\n<p>Ap\u00f3s sucesso do \u00e1lbum lan\u00e7ado no ano passado, vers\u00e3o deluxe chega \u00e0s plataformas com<br>tr\u00eas novas m\u00fasicas e traz Murilo Huff em mais uma parceria com a cantora<\/p>\n\n\n\n<p>A contagem regressiva para mais um lan\u00e7amento especial de Lauana Prado j\u00e1 come\u00e7ou.<br>Nesta quinta-feira, 29 de janeiro, \u00e0s 21h, a cantora disponibiliza em todas as plataformas<br>digitais a vers\u00e3o \u201cRaiz Belo Horizonte (Deluxe)\u201d, expandindo um dos projetos mais<br>celebrados de sua carreira e refor\u00e7ando a for\u00e7a da s\u00e9rie RAIZ, que se consolidou como<br>refer\u00eancia na m\u00fasica sertaneja e em grandes experi\u00eancias ao vivo.<br>A novidade chega com tr\u00eas novas m\u00fasicas, que completam o repert\u00f3rio do audiovisual<br>gravado na capital mineira e atendem aos pedidos do p\u00fablico, que vem acompanhando o<br>sucesso do \u00e1lbum desde a estreia. Entre os lan\u00e7amentos, est\u00e1 \u201cPra Voc\u00ea Lembrar de<br>Mim\u201d, faixa in\u00e9dita com participa\u00e7\u00e3o de Murilo Huff, que tamb\u00e9m marcou presen\u00e7a no<br>medley \u201cA Gente Nem Ficou \/ Cora\u00e7\u00e3o de Pedra \/ Dupla Solid\u00e3o\u201d \u2014 um dos momentos<br>mais queridos pelos f\u00e3s e que ganhou grande repercuss\u00e3o nas redes sociais. O Deluxe<br>ainda traz a in\u00e9dita \u201cDepois Que Desliga a Tela\u201d e o pot-pourri \u201cEu Juro \/ Mil Raz\u00f5es<br>Para Chorar \/ Te Quero Pra Mim\u201d.<br>Al\u00e9m de Murilo Huff, o \u00e1lbum re\u00fane participa\u00e7\u00f5es especiais que ajudam a contar essa<br>hist\u00f3ria musical em grande estilo, com nomes como Paula Fernandes, Zez\u00e9 Di Camargo,<br>Elba Ramalho, Roberta Miranda, Gian &amp; Giovani e Diego &amp; Victor Hugo, refor\u00e7ando a<br>proposta do RAIZ de celebrar o sertanejo e a m\u00fasica brasileira com intensidade, mem\u00f3ria<br>afetiva e emo\u00e7\u00e3o.<br>\u201cO RAIZ Belo Horizonte tem sido um presente enorme na minha vida. Ver esse projeto<br>alcan\u00e7ar tanta gente, ganhar as redes, virar trilha sonora de momentos especiais e ser<br>abra\u00e7ado pelo p\u00fablico de um jeito t\u00e3o verdadeiro \u00e9 emocionante demais. O Deluxe chega<br>como um carinho a mais, um agradecimento mesmo. S\u00e3o m\u00fasicas que eu amo e que<br>estavam guardadas pra esse momento, e eu t\u00f4 muito ansiosa pra ver a rea\u00e7\u00e3o da galera\u201d,<br>celebra Lauana Prado.<br>Desde o lan\u00e7amento do \u00e1lbum Raiz Belo Horizonte, em setembro de 2025, o projeto j\u00e1<br>ultrapassa 119 milh\u00f5es de streams, confirmando a forte conex\u00e3o com o p\u00fablico. A vers\u00e3o<br>deluxe d\u00e1 continuidade ao movimento que transformou o RAIZ em um verdadeiro fen\u00f4meno<br>nacional \u2014 n\u00e3o s\u00f3 como \u00e1lbum e audiovisual, mas tamb\u00e9m como label pr\u00f3pria, levando ao<br>p\u00fablico uma experi\u00eancia imersiva que une repert\u00f3rio, identidade e celebra\u00e7\u00e3o das origens.<\/p>\n","protected":false},"excerpt":{"rendered":"<p>Ap\u00f3s sucesso do \u00e1lbum lan\u00e7ado no ano passado, vers\u00e3o deluxe chega \u00e0s plataformas comtr\u00eas novas&#8230;<\/p>\n","protected":false},"author":1,"featured_media":27702,"comment_status":"open","ping_status":"open","sticky":false,"template":"","format":"standard","meta":{"footnotes":""},"categories":[2],"tags":[],"featured_image_urls":{"full":["https:\/\/novosaopaulo.com.br\/n1\/wp-content\/uploads\/2026\/01\/capa-raiz-belo-horizonte-deluxe-e1769558997733.webp",1024,614,false],"thumbnail":["https:\/\/novosaopaulo.com.br\/n1\/wp-content\/uploads\/2026\/01\/capa-raiz-belo-horizonte-deluxe-e1769558997733-150x150.webp",150,150,true],"medium":["https:\/\/novosaopaulo.com.br\/n1\/wp-content\/uploads\/2026\/01\/capa-raiz-belo-horizonte-deluxe-e1769558997733-300x180.webp",300,180,true],"medium_large":["https:\/\/novosaopaulo.com.br\/n1\/wp-content\/uploads\/2026\/01\/capa-raiz-belo-horizonte-deluxe-e1769558997733-768x461.webp",640,384,true],"large":["https:\/\/novosaopaulo.com.br\/n1\/wp-content\/uploads\/2026\/01\/capa-raiz-belo-horizonte-deluxe-e1769558997733.webp",640,384,false],"1536x1536":["https:\/\/novosaopaulo.com.br\/n1\/wp-content\/uploads\/2026\/01\/capa-raiz-belo-horizonte-deluxe-e1769558997733.webp",1024,614,false],"2048x2048":["https:\/\/novosaopaulo.com.br\/n1\/wp-content\/uploads\/2026\/01\/capa-raiz-belo-horizonte-deluxe-e1769558997733.webp",1024,614,false],"newsever-slider-full":["https:\/\/novosaopaulo.com.br\/n1\/wp-content\/uploads\/2026\/01\/capa-raiz-belo-horizonte-deluxe-e1769558997733.webp",1024,614,false],"newsever-featured":["https:\/\/novosaopaulo.com.br\/n1\/wp-content\/uploads\/2026\/01\/capa-raiz-belo-horizonte-deluxe-e1769558997733.webp",1024,614,false],"newsever-medium":["https:\/\/novosaopaulo.com.br\/n1\/wp-content\/uploads\/2026\/01\/capa-raiz-belo-horizonte-deluxe-e1769558997733-720x475.webp",720,475,true]},"author_info":{"display_name":"Reda\u00e7\u00e3o","author_link":"https:\/\/novosaopaulo.com.br\/n1\/author\/g5poa\/"},"category_info":"<a href=\"https:\/\/novosaopaulo.com.br\/n1\/category\/cidades\/\" rel=\"category tag\">Cidades<\/a>","tag_info":"Cidades","comment_count":"0","_links":{"self":[{"href":"https:\/\/novosaopaulo.com.br\/n1\/wp-json\/wp\/v2\/posts\/27701"}],"collection":[{"href":"https:\/\/novosaopaulo.com.br\/n1\/wp-json\/wp\/v2\/posts"}],"about":[{"href":"https:\/\/novosaopaulo.com.br\/n1\/wp-json\/wp\/v2\/types\/post"}],"author":[{"embeddable":true,"href":"https:\/\/novosaopaulo.com.br\/n1\/wp-json\/wp\/v2\/users\/1"}],"replies":[{"embeddable":true,"href":"https:\/\/novosaopaulo.com.br\/n1\/wp-json\/wp\/v2\/comments?post=27701"}],"version-history":[{"count":1,"href":"https:\/\/novosaopaulo.com.br\/n1\/wp-json\/wp\/v2\/posts\/27701\/revisions"}],"predecessor-version":[{"id":27703,"href":"https:\/\/novosaopaulo.com.br\/n1\/wp-json\/wp\/v2\/posts\/27701\/revisions\/27703"}],"wp:featuredmedia":[{"embeddable":true,"href":"https:\/\/novosaopaulo.com.br\/n1\/wp-json\/wp\/v2\/media\/27702"}],"wp:attachment":[{"href":"https:\/\/novosaopaulo.com.br\/n1\/wp-json\/wp\/v2\/media?parent=27701"}],"wp:term":[{"taxonomy":"category","embeddable":true,"href":"https:\/\/novosaopaulo.com.br\/n1\/wp-json\/wp\/v2\/categories?post=27701"},{"taxonomy":"post_tag","embeddable":true,"href":"https:\/\/novosaopaulo.com.br\/n1\/wp-json\/wp\/v2\/tags?post=27701"}],"curies":[{"name":"wp","href":"https:\/\/api.w.org\/{rel}","templated":true}]}}