{"id":27699,"date":"2026-01-28T22:15:51","date_gmt":"2026-01-29T01:15:51","guid":{"rendered":"https:\/\/novosaopaulo.com.br\/n1\/?p=27699"},"modified":"2026-01-28T22:15:52","modified_gmt":"2026-01-29T01:15:52","slug":"quatro-em-cada-10-medicos-egressos-de-escolas-privadas-sao-mal-formados","status":"publish","type":"post","link":"https:\/\/novosaopaulo.com.br\/n1\/quatro-em-cada-10-medicos-egressos-de-escolas-privadas-sao-mal-formados\/","title":{"rendered":"Quatro em cada 10 m\u00e9dicos egressos de escolas privadas s\u00e3o mal formados"},"content":{"rendered":"\n<p>Informa\u00e7\u00f5es do Enamed (Exame Nacional de Avalia\u00e7\u00e3o da Forma\u00e7\u00e3o M\u00e9dica) aplicado pelo Instituto Nacional de Estudos e Pesquisas Educacionais Anisio Teixeira e Empresa Brasileira de Servi\u00e7os Hospitalares, referentes a 2025, revelam que quatro em cada 10 m\u00e9dicos brasileiros formados em faculdades privadas sa\u00edram do curso sem capacidade m\u00ednima para exercer a profiss\u00e3o.<br>Dos 24 mil formandos de cursos privados, 38,8% n\u00e3o atingiram a nota m\u00ednima (60 de 100 pontos). Entre os universit\u00e1rios p\u00fablicos, o desempenho foi bem melhor: das 49 institui\u00e7\u00f5es que tiraram nota m\u00e1xima, 40% s\u00e3o federais ou estaduais.<br>Relev\u00e2ncia: O dado preocupa porque hoje mais de 70% das vagas de medicina s\u00e3o ocupadas por formados em institui\u00e7\u00f5es privadas &#8211; as faculdades com pior desempenho m\u00e9dio. Isso pode ser reflexo de um problema estrutural; o mercado parece ter percebido que havia bem mais interessados no curso de medicina do que o n\u00famero de vagas dispon\u00edveis, causando um boom de cursos na \u00e1rea. O ponto \u00e9 que muitos deles surgiram com infraestrutura prec\u00e1ria, poucos hospitais de ensino e professores insuficientes.<br>O Brasil mais que triplicou o n\u00famero de escolas m\u00e9dicas em 20 anos, saltando de 143 em 2004 para 448 em 2024.<br>O governo anunciou que cursos mal avaliados no Enamed sofrer\u00e3o san\u00e7\u00f5es. Em paralelo, tramita no Congresso Nacional a cria\u00e7\u00e3o do Profimed, exame obrigat\u00f3rio para rec\u00e9m-formados &#8211; a chamada popularmente de \u201cOAB da Medicina\u201d, assim conhecida pela sua semelhan\u00e7a de m\u00e9todo e objetivo ao exame a que s\u00e3o submetidos os novos advogados.<br>A constata\u00e7\u00e3o da defici\u00eancia na forma\u00e7\u00e3o dos profissionais causa profundos danos \u00e0 reputa\u00e7\u00e3o da classe. Principalmente porque boa parte desse pessoal vai trabalhar nas unidades p\u00fablicas de Sa\u00fade onde existem muitos dogmas \u2013 especialmente aquele dito por grande n\u00famero de pacientes de que \u201co m\u00e9dico nem olhou para a minha cara\u201d. \u00c9 comum constatar a insatisfa\u00e7\u00e3o do p\u00fablico alvo e, n\u00e3o raras vezes, o atendimento negligente. Dias atr\u00e1s ocorreu em Bauru (SP) uma defici\u00eancia que afastou do servi\u00e7o a m\u00e9dica do SAMU e hoje alimenta apura\u00e7\u00f5es de diferentes \u00f3rg\u00e3os de controle do atendimento m\u00e9dico. Chamada \u00e0 rodovia para socorrer uma mulher atropelada, a doutora atestou sua morte e ausentou-se, ficando a v\u00edtima aos cuidados da equipe da concession\u00e1ria da estrada, que permaneceu \u00e0 espera da chegada do carro funer\u00e1rio. permaneceu aguardando a chegada do carro funer\u00e1rio. Ao verificar que a v\u00edtima se movimentava, o m\u00e9dico da equipe rodovi\u00e1ria aplicou-lhe primeiros socorros e requisitou a volta da ambul\u00e2ncia para conduzi-la ao hospital. A mulher ainda permanece internada mas acaba de ser dispensada da UTI. Seu estado ainda inspira cuidados mas \u00e9 melhor do que quando foi erroneamente dada como morta.<br>S\u00e3o muitos os incidentes envolvendo m\u00e9dicos e outros profissionais de sa\u00fade supostramente mal foramdos e treinados inadequadamente. Espera-se que os \u00f3rg\u00e3os de Educa\u00e7\u00e3o e Sa\u00fade, que por a\u00e7\u00e3o ou ina\u00e7\u00e3o ensejaram a m\u00e1 forma\u00e7\u00e3o e treinamento dos doutores e doutoras, se apressem na busca de solu\u00e7\u00f5es e que os profissionais imperitos sejam submetidos a reciclagem ou retirados dos postos onde sua incompet\u00eancia pode causar danos \u00e0 sa\u00fade e \u00e0 pr\u00f3pria vida dos pacientes.<\/p>\n\n\n\n<p>Tenente Dirceu Cardoso Gon\u00e7alves &#8211; dirigente da ASPOMIL (Associa\u00e7\u00e3o de Assist. Social dos Policiais Militares de S\u00e3o Paulo).<\/p>\n","protected":false},"excerpt":{"rendered":"<p>Informa\u00e7\u00f5es do Enamed (Exame Nacional de Avalia\u00e7\u00e3o da Forma\u00e7\u00e3o M\u00e9dica) aplicado pelo Instituto Nacional de&#8230;<\/p>\n","protected":false},"author":1,"featured_media":23327,"comment_status":"open","ping_status":"open","sticky":false,"template":"","format":"standard","meta":{"footnotes":""},"categories":[2],"tags":[],"featured_image_urls":{"full":["https:\/\/novosaopaulo.com.br\/n1\/wp-content\/uploads\/2025\/04\/Tenente-Dirceu-Cardoso-Goncalves.jpg",600,564,false],"thumbnail":["https:\/\/novosaopaulo.com.br\/n1\/wp-content\/uploads\/2025\/04\/Tenente-Dirceu-Cardoso-Goncalves-150x150.jpg",150,150,true],"medium":["https:\/\/novosaopaulo.com.br\/n1\/wp-content\/uploads\/2025\/04\/Tenente-Dirceu-Cardoso-Goncalves-300x282.jpg",300,282,true],"medium_large":["https:\/\/novosaopaulo.com.br\/n1\/wp-content\/uploads\/2025\/04\/Tenente-Dirceu-Cardoso-Goncalves.jpg",600,564,false],"large":["https:\/\/novosaopaulo.com.br\/n1\/wp-content\/uploads\/2025\/04\/Tenente-Dirceu-Cardoso-Goncalves.jpg",600,564,false],"1536x1536":["https:\/\/novosaopaulo.com.br\/n1\/wp-content\/uploads\/2025\/04\/Tenente-Dirceu-Cardoso-Goncalves.jpg",600,564,false],"2048x2048":["https:\/\/novosaopaulo.com.br\/n1\/wp-content\/uploads\/2025\/04\/Tenente-Dirceu-Cardoso-Goncalves.jpg",600,564,false],"newsever-slider-full":["https:\/\/novosaopaulo.com.br\/n1\/wp-content\/uploads\/2025\/04\/Tenente-Dirceu-Cardoso-Goncalves.jpg",600,564,false],"newsever-featured":["https:\/\/novosaopaulo.com.br\/n1\/wp-content\/uploads\/2025\/04\/Tenente-Dirceu-Cardoso-Goncalves.jpg",600,564,false],"newsever-medium":["https:\/\/novosaopaulo.com.br\/n1\/wp-content\/uploads\/2025\/04\/Tenente-Dirceu-Cardoso-Goncalves-600x475.jpg",600,475,true]},"author_info":{"display_name":"Reda\u00e7\u00e3o","author_link":"https:\/\/novosaopaulo.com.br\/n1\/author\/g5poa\/"},"category_info":"<a href=\"https:\/\/novosaopaulo.com.br\/n1\/category\/cidades\/\" rel=\"category tag\">Cidades<\/a>","tag_info":"Cidades","comment_count":"0","_links":{"self":[{"href":"https:\/\/novosaopaulo.com.br\/n1\/wp-json\/wp\/v2\/posts\/27699"}],"collection":[{"href":"https:\/\/novosaopaulo.com.br\/n1\/wp-json\/wp\/v2\/posts"}],"about":[{"href":"https:\/\/novosaopaulo.com.br\/n1\/wp-json\/wp\/v2\/types\/post"}],"author":[{"embeddable":true,"href":"https:\/\/novosaopaulo.com.br\/n1\/wp-json\/wp\/v2\/users\/1"}],"replies":[{"embeddable":true,"href":"https:\/\/novosaopaulo.com.br\/n1\/wp-json\/wp\/v2\/comments?post=27699"}],"version-history":[{"count":1,"href":"https:\/\/novosaopaulo.com.br\/n1\/wp-json\/wp\/v2\/posts\/27699\/revisions"}],"predecessor-version":[{"id":27700,"href":"https:\/\/novosaopaulo.com.br\/n1\/wp-json\/wp\/v2\/posts\/27699\/revisions\/27700"}],"wp:featuredmedia":[{"embeddable":true,"href":"https:\/\/novosaopaulo.com.br\/n1\/wp-json\/wp\/v2\/media\/23327"}],"wp:attachment":[{"href":"https:\/\/novosaopaulo.com.br\/n1\/wp-json\/wp\/v2\/media?parent=27699"}],"wp:term":[{"taxonomy":"category","embeddable":true,"href":"https:\/\/novosaopaulo.com.br\/n1\/wp-json\/wp\/v2\/categories?post=27699"},{"taxonomy":"post_tag","embeddable":true,"href":"https:\/\/novosaopaulo.com.br\/n1\/wp-json\/wp\/v2\/tags?post=27699"}],"curies":[{"name":"wp","href":"https:\/\/api.w.org\/{rel}","templated":true}]}}