{"id":27695,"date":"2026-01-27T21:23:27","date_gmt":"2026-01-28T00:23:27","guid":{"rendered":"https:\/\/novosaopaulo.com.br\/n1\/?p=27695"},"modified":"2026-01-27T21:23:28","modified_gmt":"2026-01-28T00:23:28","slug":"diogo-pernoca-anuncia-pre-candidatura-a-deputado-estadual-pelo-psdcom-foco-na-inclusao-e-representatividade-de-poa","status":"publish","type":"post","link":"https:\/\/novosaopaulo.com.br\/n1\/diogo-pernoca-anuncia-pre-candidatura-a-deputado-estadual-pelo-psdcom-foco-na-inclusao-e-representatividade-de-poa\/","title":{"rendered":"Diogo Pernoca anuncia pr\u00e9-candidatura a deputado estadual pelo PSDcom foco na inclus\u00e3o e representatividade de Po\u00e1"},"content":{"rendered":"\n<p>O ex-vereador Diogo Pernoca anunciou oficialmente sua pr\u00e9-candidatura a deputado<br>estadual pelo Partido Social Democr\u00e1tico (PSD), uma das siglas que mais cresce no<br>pa\u00eds e que vem se consolidando como refer\u00eancia em renova\u00e7\u00e3o pol\u00edtica e<br>compromisso social.<br>Reconhecido por sua trajet\u00f3ria de engajamento em causas sociais, Pernoca tem<br>como principal bandeira a inclus\u00e3o das pessoas com defici\u00eancia (PCDs), n\u00e3o apenas<br>no campo do autismo, mas em todas as dimens\u00f5es da defici\u00eancia f\u00edsica, sensorial e<br>intelectual. Pessoa com defici\u00eancia, ele traz \u00e0 pol\u00edtica a viv\u00eancia e a sensibilidade<br>necess\u00e1rias para construir pol\u00edticas p\u00fablicas mais acess\u00edveis, efetivas e voltadas \u00e0<br>igualdade social.<br>\u201cChegou a vez de Po\u00e1 ter um representante na Assembleia Legislativa de S\u00e3o Paulo<br>que entenda, na pr\u00e1tica, os desafios da inclus\u00e3o e da acessibilidade. Quero defender<br>pol\u00edticas que garantam o direito de todos de viver com dignidade, autonomia e<br>oportunidades reais\u201d, afirmou o pr\u00e9-candidato durante o an\u00fancio.<br>\u201cPernoca teve mais de 20 mil votos na \u00faltima elei\u00e7\u00e3o, e um pol\u00edtico com essa<br>representatividade e uma pauta t\u00e3o importante quanto a dele s\u00f3 tem a agregar para<br>o Estado, Po\u00e1 e regi\u00e3o\u201d, afirmou o presidente nacional do PSD e atual secret\u00e1rio<br>estadual de Governo e Rela\u00e7\u00f5es Institucionais de S\u00e3o Paulo, Gilberto Kassab.<br>J\u00e1 o ex-prefeito de Itapevi e pr\u00e9-candidato a deputado federal, Igor Soares, destaca a<br>compet\u00eancia do ex-vereador: \u201cPernoca sempre foi um parlamentar que buscou<br>melhorar a vida das pessoas enquanto esteve na C\u00e2mara Municipal e n\u00e3o far\u00e1<br>diferente na Alesp\u201d.<br>Natural de Po\u00e1, Diogo Pernoca se consolidou como uma das novas lideran\u00e7as do<br>Alto Tiet\u00ea, com uma atua\u00e7\u00e3o pautada na escuta da popula\u00e7\u00e3o, na valoriza\u00e7\u00e3o das<br>diferen\u00e7as e na busca por solu\u00e7\u00f5es que aproximem o poder p\u00fablico das<br>comunidades. Sua pr\u00e9-candidatura pelo PSD representa um projeto coletivo, voltado<br>\u00e0 constru\u00e7\u00e3o de uma sociedade mais justa, inclusiva e participativa.<\/p>\n","protected":false},"excerpt":{"rendered":"<p>O ex-vereador Diogo Pernoca anunciou oficialmente sua pr\u00e9-candidatura a deputadoestadual pelo Partido Social Democr\u00e1tico (PSD),&#8230;<\/p>\n","protected":false},"author":1,"featured_media":27696,"comment_status":"open","ping_status":"open","sticky":false,"template":"","format":"standard","meta":{"footnotes":""},"categories":[8],"tags":[],"featured_image_urls":{"full":["https:\/\/novosaopaulo.com.br\/n1\/wp-content\/uploads\/2026\/01\/PERNOCA-RELEASE-PORTAL1.jpg",720,540,false],"thumbnail":["https:\/\/novosaopaulo.com.br\/n1\/wp-content\/uploads\/2026\/01\/PERNOCA-RELEASE-PORTAL1-150x150.jpg",150,150,true],"medium":["https:\/\/novosaopaulo.com.br\/n1\/wp-content\/uploads\/2026\/01\/PERNOCA-RELEASE-PORTAL1-300x225.jpg",300,225,true],"medium_large":["https:\/\/novosaopaulo.com.br\/n1\/wp-content\/uploads\/2026\/01\/PERNOCA-RELEASE-PORTAL1.jpg",640,480,false],"large":["https:\/\/novosaopaulo.com.br\/n1\/wp-content\/uploads\/2026\/01\/PERNOCA-RELEASE-PORTAL1.jpg",640,480,false],"1536x1536":["https:\/\/novosaopaulo.com.br\/n1\/wp-content\/uploads\/2026\/01\/PERNOCA-RELEASE-PORTAL1.jpg",720,540,false],"2048x2048":["https:\/\/novosaopaulo.com.br\/n1\/wp-content\/uploads\/2026\/01\/PERNOCA-RELEASE-PORTAL1.jpg",720,540,false],"newsever-slider-full":["https:\/\/novosaopaulo.com.br\/n1\/wp-content\/uploads\/2026\/01\/PERNOCA-RELEASE-PORTAL1.jpg",720,540,false],"newsever-featured":["https:\/\/novosaopaulo.com.br\/n1\/wp-content\/uploads\/2026\/01\/PERNOCA-RELEASE-PORTAL1.jpg",720,540,false],"newsever-medium":["https:\/\/novosaopaulo.com.br\/n1\/wp-content\/uploads\/2026\/01\/PERNOCA-RELEASE-PORTAL1-720x475.jpg",720,475,true]},"author_info":{"display_name":"Reda\u00e7\u00e3o","author_link":"https:\/\/novosaopaulo.com.br\/n1\/author\/g5poa\/"},"category_info":"<a href=\"https:\/\/novosaopaulo.com.br\/n1\/category\/poa\/\" rel=\"category tag\">Po\u00e1<\/a>","tag_info":"Po\u00e1","comment_count":"0","_links":{"self":[{"href":"https:\/\/novosaopaulo.com.br\/n1\/wp-json\/wp\/v2\/posts\/27695"}],"collection":[{"href":"https:\/\/novosaopaulo.com.br\/n1\/wp-json\/wp\/v2\/posts"}],"about":[{"href":"https:\/\/novosaopaulo.com.br\/n1\/wp-json\/wp\/v2\/types\/post"}],"author":[{"embeddable":true,"href":"https:\/\/novosaopaulo.com.br\/n1\/wp-json\/wp\/v2\/users\/1"}],"replies":[{"embeddable":true,"href":"https:\/\/novosaopaulo.com.br\/n1\/wp-json\/wp\/v2\/comments?post=27695"}],"version-history":[{"count":1,"href":"https:\/\/novosaopaulo.com.br\/n1\/wp-json\/wp\/v2\/posts\/27695\/revisions"}],"predecessor-version":[{"id":27697,"href":"https:\/\/novosaopaulo.com.br\/n1\/wp-json\/wp\/v2\/posts\/27695\/revisions\/27697"}],"wp:featuredmedia":[{"embeddable":true,"href":"https:\/\/novosaopaulo.com.br\/n1\/wp-json\/wp\/v2\/media\/27696"}],"wp:attachment":[{"href":"https:\/\/novosaopaulo.com.br\/n1\/wp-json\/wp\/v2\/media?parent=27695"}],"wp:term":[{"taxonomy":"category","embeddable":true,"href":"https:\/\/novosaopaulo.com.br\/n1\/wp-json\/wp\/v2\/categories?post=27695"},{"taxonomy":"post_tag","embeddable":true,"href":"https:\/\/novosaopaulo.com.br\/n1\/wp-json\/wp\/v2\/tags?post=27695"}],"curies":[{"name":"wp","href":"https:\/\/api.w.org\/{rel}","templated":true}]}}