{"id":27685,"date":"2026-01-27T17:57:49","date_gmt":"2026-01-27T20:57:49","guid":{"rendered":"https:\/\/novosaopaulo.com.br\/n1\/?p=27685"},"modified":"2026-01-27T17:57:49","modified_gmt":"2026-01-27T20:57:49","slug":"previa-carnavalesca-verde-e-branco-encheu-o-salao-do-iate-clube-pajussara-de-alegria-brilho-e-tradicao","status":"publish","type":"post","link":"https:\/\/novosaopaulo.com.br\/n1\/previa-carnavalesca-verde-e-branco-encheu-o-salao-do-iate-clube-pajussara-de-alegria-brilho-e-tradicao\/","title":{"rendered":"Pr\u00e9via Carnavalesca Verde e Branco Encheu o Sal\u00e3o do Iate Clube Pajussara de Alegria, Brilho e Tradi\u00e7\u00e3o"},"content":{"rendered":"\n<p>O baile aconteceu no s\u00e1bado, 24, no sal\u00e3o nobre do Clube<\/p>\n\n\n\n<p>O clima de Carnaval tomou conta de Macei\u00f3 no s\u00e1bado, dia 24, com a tradicional Pr\u00e9via Carnavalesca Verde e Branco do Iate Clube Pajussara. O sal\u00e3o nobre do clube ficou completamente tomado por associados e convidados, que celebraram a festa em uma noite marcada por cores, m\u00fasica e muita anima\u00e7\u00e3o.<\/p>\n\n\n\n<p>A eleg\u00e2ncia do verde e branco dominou o ambiente, refletida nas fantasias criativas, nos adere\u00e7os carnavalescos e na decora\u00e7\u00e3o tem\u00e1tica, que refor\u00e7ou o esp\u00edrito festivo e acolhedor do evento. A alegria estampada nos rostos e o samba no p\u00e9 foram a marca registrada da noite, transformando o sal\u00e3o em um verdadeiro palco de celebra\u00e7\u00e3o da cultura popular brasileira.<\/p>\n\n\n\n<p>O comodoro do Iate Clube Pajussara,&nbsp;Moacyr Albuquerque, ao lado de sua diretoria, n\u00e3o mediu esfor\u00e7os para garantir o sucesso absoluto da pr\u00e9via. Cada detalhe foi cuidadosamente planejado para proporcionar aos convidados uma experi\u00eancia memor\u00e1vel, reafirmando o compromisso do clube com eventos de qualidade e integra\u00e7\u00e3o social.<\/p>\n\n\n\n<p>A trilha sonora da festa come\u00e7ou com a banda&nbsp;Cidade Sorriso, que resgatou marchinhas cl\u00e1ssicas e frevos consagrados, levando o p\u00fablico a cantar e dan\u00e7ar ao som de sucessos que atravessam gera\u00e7\u00f5es. Em seguida, o grupo&nbsp;Samba de Periferia&nbsp;assumiu o comando da anima\u00e7\u00e3o e n\u00e3o deixou ningu\u00e9m parado, embalando os foli\u00f5es com muito ritmo e energia at\u00e9 altas horas.<\/p>\n\n\n\n<p>Mais do que um baile, a Pr\u00e9via Carnavalesca Verde e Branco foi uma noite de reencontros, descontra\u00e7\u00e3o e celebra\u00e7\u00e3o do Carnaval \u2014 a maior festa popular do Brasil \u2014 em um ambiente familiar, alegre e cheio de boas vibra\u00e7\u00f5es, consolidando mais uma vez o evento como um dos mais aguardados do calend\u00e1rio social do clube.<\/p>\n\n\n\n<p>Legenda Foto: Comodoro Moacyr Albuquerque ladeado pelas filhas e filho<\/p>\n","protected":false},"excerpt":{"rendered":"<p>O baile aconteceu no s\u00e1bado, 24, no sal\u00e3o nobre do Clube O clima de Carnaval&#8230;<\/p>\n","protected":false},"author":1,"featured_media":27686,"comment_status":"open","ping_status":"open","sticky":false,"template":"","format":"standard","meta":{"footnotes":""},"categories":[38],"tags":[],"featured_image_urls":{"full":["https:\/\/novosaopaulo.com.br\/n1\/wp-content\/uploads\/2026\/01\/WhatsApp-Image-2026-01-27-at-15.41.27.jpeg",1280,960,false],"thumbnail":["https:\/\/novosaopaulo.com.br\/n1\/wp-content\/uploads\/2026\/01\/WhatsApp-Image-2026-01-27-at-15.41.27-150x150.jpeg",150,150,true],"medium":["https:\/\/novosaopaulo.com.br\/n1\/wp-content\/uploads\/2026\/01\/WhatsApp-Image-2026-01-27-at-15.41.27-300x225.jpeg",300,225,true],"medium_large":["https:\/\/novosaopaulo.com.br\/n1\/wp-content\/uploads\/2026\/01\/WhatsApp-Image-2026-01-27-at-15.41.27-768x576.jpeg",640,480,true],"large":["https:\/\/novosaopaulo.com.br\/n1\/wp-content\/uploads\/2026\/01\/WhatsApp-Image-2026-01-27-at-15.41.27-1024x768.jpeg",640,480,true],"1536x1536":["https:\/\/novosaopaulo.com.br\/n1\/wp-content\/uploads\/2026\/01\/WhatsApp-Image-2026-01-27-at-15.41.27.jpeg",1280,960,false],"2048x2048":["https:\/\/novosaopaulo.com.br\/n1\/wp-content\/uploads\/2026\/01\/WhatsApp-Image-2026-01-27-at-15.41.27.jpeg",1280,960,false],"newsever-slider-full":["https:\/\/novosaopaulo.com.br\/n1\/wp-content\/uploads\/2026\/01\/WhatsApp-Image-2026-01-27-at-15.41.27-1280x845.jpeg",1280,845,true],"newsever-featured":["https:\/\/novosaopaulo.com.br\/n1\/wp-content\/uploads\/2026\/01\/WhatsApp-Image-2026-01-27-at-15.41.27-1024x768.jpeg",1024,768,true],"newsever-medium":["https:\/\/novosaopaulo.com.br\/n1\/wp-content\/uploads\/2026\/01\/WhatsApp-Image-2026-01-27-at-15.41.27-720x475.jpeg",720,475,true]},"author_info":{"display_name":"Reda\u00e7\u00e3o","author_link":"https:\/\/novosaopaulo.com.br\/n1\/author\/g5poa\/"},"category_info":"<a href=\"https:\/\/novosaopaulo.com.br\/n1\/category\/joao-costa\/\" rel=\"category tag\">Jo\u00e3o Costa<\/a>","tag_info":"Jo\u00e3o Costa","comment_count":"0","_links":{"self":[{"href":"https:\/\/novosaopaulo.com.br\/n1\/wp-json\/wp\/v2\/posts\/27685"}],"collection":[{"href":"https:\/\/novosaopaulo.com.br\/n1\/wp-json\/wp\/v2\/posts"}],"about":[{"href":"https:\/\/novosaopaulo.com.br\/n1\/wp-json\/wp\/v2\/types\/post"}],"author":[{"embeddable":true,"href":"https:\/\/novosaopaulo.com.br\/n1\/wp-json\/wp\/v2\/users\/1"}],"replies":[{"embeddable":true,"href":"https:\/\/novosaopaulo.com.br\/n1\/wp-json\/wp\/v2\/comments?post=27685"}],"version-history":[{"count":1,"href":"https:\/\/novosaopaulo.com.br\/n1\/wp-json\/wp\/v2\/posts\/27685\/revisions"}],"predecessor-version":[{"id":27687,"href":"https:\/\/novosaopaulo.com.br\/n1\/wp-json\/wp\/v2\/posts\/27685\/revisions\/27687"}],"wp:featuredmedia":[{"embeddable":true,"href":"https:\/\/novosaopaulo.com.br\/n1\/wp-json\/wp\/v2\/media\/27686"}],"wp:attachment":[{"href":"https:\/\/novosaopaulo.com.br\/n1\/wp-json\/wp\/v2\/media?parent=27685"}],"wp:term":[{"taxonomy":"category","embeddable":true,"href":"https:\/\/novosaopaulo.com.br\/n1\/wp-json\/wp\/v2\/categories?post=27685"},{"taxonomy":"post_tag","embeddable":true,"href":"https:\/\/novosaopaulo.com.br\/n1\/wp-json\/wp\/v2\/tags?post=27685"}],"curies":[{"name":"wp","href":"https:\/\/api.w.org\/{rel}","templated":true}]}}