{"id":27668,"date":"2026-01-27T14:52:25","date_gmt":"2026-01-27T17:52:25","guid":{"rendered":"https:\/\/novosaopaulo.com.br\/n1\/?p=27668"},"modified":"2026-01-27T14:52:26","modified_gmt":"2026-01-27T17:52:26","slug":"opereta-se-prepara-para-o-segundo-ano-do-bloco-da-lira-eletrica-no-carnaval","status":"publish","type":"post","link":"https:\/\/novosaopaulo.com.br\/n1\/opereta-se-prepara-para-o-segundo-ano-do-bloco-da-lira-eletrica-no-carnaval\/","title":{"rendered":"Opereta se prepara para o segundo ano do Bloco da Lira El\u00e9trica no carnaval"},"content":{"rendered":"\n<p>Oficinas e ensaios j\u00e1 ditam o ritmo e aumentam a expectativa para a folia deste ano<\/p>\n\n\n\n<p>O CarnaOpereta 2026 j\u00e1 come\u00e7ou esquentando os tamborins. Organizado pelo N\u00facleo Teatral Opereta em parceria com a Associa\u00e7\u00e3o, as atividades preparat\u00f3rias para o segundo ano do desfile do Bloco da Lira El\u00e9trica, em Po\u00e1, acontecem todas \u00e0s quintas-feiras, das 19 \u00e0s 21 horas, no Espa\u00e7o Cultural Opereta, na Vila Sopreter.<\/p>\n\n\n\n<p>Os interessados em ser um dos integrantes do bloco podem participar das oficinas de percuss\u00e3o, oferecidas pelo m\u00fasico F\u00edlipi Lima. O objetivo neste ano \u00e9 ampliar a quantidade de ritmistas para deixar o bloco da Lira El\u00e9trica ainda mais forte e bonito na avenida. A inscri\u00e7\u00e3o \u00e9 gratu\u00edta e aberta para pessoas acima de 12 anos. Os ensaios ocorrem todas as quintas-feiras, no espa\u00e7o cultural localizado na Rua Dr. Em\u00edlio Ribas, 168. Dentre os ritmos que devem embalar o p\u00fablico neste ano est\u00e3o Marchinhas, Samba-Enredo, Samba-de-Breque, Pagode e Samba-Can\u00e7\u00e3o<\/p>\n\n\n\n<p>AX\u00c9: Ijex\u00e1, Samba-Reggae e a novidade, ritmos Afro-latinos (Olodum e Reggaeton).<\/p>\n\n\n\n<p>Nos dias 8 e 14 de fevereiro haver\u00e1 ensaios extras, abertos ao p\u00fablico, na Pra\u00e7a Afonso Carlos Fernandes, em frente ao Espa\u00e7o Cultural Opereta. Dia 8, domingo, ser\u00e1 das 9 ao meio-dia e dia 14, s\u00e1bado, das 17 \u00e0s 20 horas.<\/p>\n\n\n\n<p>Para valorizar ainda mais a folia do Bloco haver\u00e1 oficina de confec\u00e7\u00e3o de cabe\u00e7\u00f5es, com o professor Claudio Domingos Fernandes nos dias 30 de janeiro, 6 e 13 de fevereiro, sextas-feiras, das 19 \u00e0s 21 horas, tamb\u00e9m no espa\u00e7o cultural. Aberto a todas as idades e gr\u00e1tis.<\/p>\n\n\n\n<p>Programa\u00e7\u00e3o<\/p>\n\n\n\n<p>O Bloco da Lira El\u00e9trica neste ano sai no dia 15 (domingo de carnaval), com concentra\u00e7\u00e3o \u00e0s 15 horas, na Pra\u00e7a da B\u00edblia. Outra novidade neste ano ser\u00e1 o 1\u00ba Encontro de Marchinhas, que promete animar o p\u00fablico da pra\u00e7a antes da sa\u00edda nas ruas da cidade. M\u00fasicos e compositores de Po\u00e1 e regi\u00e3o, interessados em participar devem entrar em contato pelo WhatsApp 11 99318-8001, para mais informa\u00e7\u00f5es e inscri\u00e7\u00f5es. Em seguida, \u00e0s 16 horas, o bloco sair\u00e1 em cortejo pelas ruas da cidade, passando pela avenida Nove de Julho, passagem subterr\u00e2nea Ant\u00f4nio Mantarano, Avenida Prefeito Jorge Allen, Rua Dr. Miguel Couto at\u00e9 chegar a Pra\u00e7a Afonso Carlos Fernandes, na Vila Sopreter, em frente ao Espa\u00e7o Cultural Opereta. Quem quiser encomendar o abad\u00e1 2026 do Bloco da Lira El\u00e9trica deve entrar em contato no mesmo telefone.<\/p>\n","protected":false},"excerpt":{"rendered":"<p>Oficinas e ensaios j\u00e1 ditam o ritmo e aumentam a expectativa para a folia deste&#8230;<\/p>\n","protected":false},"author":1,"featured_media":27669,"comment_status":"open","ping_status":"open","sticky":false,"template":"","format":"standard","meta":{"footnotes":""},"categories":[34,45],"tags":[],"featured_image_urls":{"full":["https:\/\/novosaopaulo.com.br\/n1\/wp-content\/uploads\/2026\/01\/oficina-de-percussao-2026giulia-martins.jpg",792,528,false],"thumbnail":["https:\/\/novosaopaulo.com.br\/n1\/wp-content\/uploads\/2026\/01\/oficina-de-percussao-2026giulia-martins-150x150.jpg",150,150,true],"medium":["https:\/\/novosaopaulo.com.br\/n1\/wp-content\/uploads\/2026\/01\/oficina-de-percussao-2026giulia-martins-300x200.jpg",300,200,true],"medium_large":["https:\/\/novosaopaulo.com.br\/n1\/wp-content\/uploads\/2026\/01\/oficina-de-percussao-2026giulia-martins-768x512.jpg",640,427,true],"large":["https:\/\/novosaopaulo.com.br\/n1\/wp-content\/uploads\/2026\/01\/oficina-de-percussao-2026giulia-martins.jpg",640,427,false],"1536x1536":["https:\/\/novosaopaulo.com.br\/n1\/wp-content\/uploads\/2026\/01\/oficina-de-percussao-2026giulia-martins.jpg",792,528,false],"2048x2048":["https:\/\/novosaopaulo.com.br\/n1\/wp-content\/uploads\/2026\/01\/oficina-de-percussao-2026giulia-martins.jpg",792,528,false],"newsever-slider-full":["https:\/\/novosaopaulo.com.br\/n1\/wp-content\/uploads\/2026\/01\/oficina-de-percussao-2026giulia-martins.jpg",792,528,false],"newsever-featured":["https:\/\/novosaopaulo.com.br\/n1\/wp-content\/uploads\/2026\/01\/oficina-de-percussao-2026giulia-martins.jpg",792,528,false],"newsever-medium":["https:\/\/novosaopaulo.com.br\/n1\/wp-content\/uploads\/2026\/01\/oficina-de-percussao-2026giulia-martins-720x475.jpg",720,475,true]},"author_info":{"display_name":"Reda\u00e7\u00e3o","author_link":"https:\/\/novosaopaulo.com.br\/n1\/author\/g5poa\/"},"category_info":"<a href=\"https:\/\/novosaopaulo.com.br\/n1\/category\/alto-tiete\/\" rel=\"category tag\">Alto Tiet\u00ea<\/a> <a href=\"https:\/\/novosaopaulo.com.br\/n1\/category\/cultura\/\" rel=\"category tag\">Cultura<\/a>","tag_info":"Cultura","comment_count":"0","_links":{"self":[{"href":"https:\/\/novosaopaulo.com.br\/n1\/wp-json\/wp\/v2\/posts\/27668"}],"collection":[{"href":"https:\/\/novosaopaulo.com.br\/n1\/wp-json\/wp\/v2\/posts"}],"about":[{"href":"https:\/\/novosaopaulo.com.br\/n1\/wp-json\/wp\/v2\/types\/post"}],"author":[{"embeddable":true,"href":"https:\/\/novosaopaulo.com.br\/n1\/wp-json\/wp\/v2\/users\/1"}],"replies":[{"embeddable":true,"href":"https:\/\/novosaopaulo.com.br\/n1\/wp-json\/wp\/v2\/comments?post=27668"}],"version-history":[{"count":1,"href":"https:\/\/novosaopaulo.com.br\/n1\/wp-json\/wp\/v2\/posts\/27668\/revisions"}],"predecessor-version":[{"id":27670,"href":"https:\/\/novosaopaulo.com.br\/n1\/wp-json\/wp\/v2\/posts\/27668\/revisions\/27670"}],"wp:featuredmedia":[{"embeddable":true,"href":"https:\/\/novosaopaulo.com.br\/n1\/wp-json\/wp\/v2\/media\/27669"}],"wp:attachment":[{"href":"https:\/\/novosaopaulo.com.br\/n1\/wp-json\/wp\/v2\/media?parent=27668"}],"wp:term":[{"taxonomy":"category","embeddable":true,"href":"https:\/\/novosaopaulo.com.br\/n1\/wp-json\/wp\/v2\/categories?post=27668"},{"taxonomy":"post_tag","embeddable":true,"href":"https:\/\/novosaopaulo.com.br\/n1\/wp-json\/wp\/v2\/tags?post=27668"}],"curies":[{"name":"wp","href":"https:\/\/api.w.org\/{rel}","templated":true}]}}