{"id":27659,"date":"2026-01-26T18:29:44","date_gmt":"2026-01-26T21:29:44","guid":{"rendered":"https:\/\/novosaopaulo.com.br\/n1\/?p=27659"},"modified":"2026-01-26T18:29:45","modified_gmt":"2026-01-26T21:29:45","slug":"nikolas-ferreira-a-psicologia-das-massas-e-a-funcao-do-heroi-uma-leitura-freudiana-do-fenomeno-coletivo","status":"publish","type":"post","link":"https:\/\/novosaopaulo.com.br\/n1\/nikolas-ferreira-a-psicologia-das-massas-e-a-funcao-do-heroi-uma-leitura-freudiana-do-fenomeno-coletivo\/","title":{"rendered":"Nikolas Ferreira, a Psicologia das Massas e a fun\u00e7\u00e3o do her\u00f3i &#8211; uma leitura freudiana do fen\u00f4meno coletivo"},"content":{"rendered":"\n<p>Dra. Luciana Inoc\u00eancio*<\/p>\n\n\n\n<p>Deputado federal mais votado da hist\u00f3ria de Minas Gerais e o mais votado do Brasil nas elei\u00e7\u00f5es de 2022, Nikolas Ferreira (PL) monopolizou as aten\u00e7\u00f5es na \u00faltima semana ao organizar a \u201cCaminhada por Liberdade e Justi\u00e7a\u201d. O parlamentar saiu de seu estado de origem, sozinho, na segunda-feira (19\/1), e chegou seis dias e muitos quil\u00f4metros depois ao destino final, em Bras\u00edlia-DF, acompanhado de milhares de pessoas que encontraram em suas palavras ou em sua agenda conex\u00e3o.<\/p>\n\n\n\n<p>Enquanto muitos se uniram ao jovem liberal na marcha, e outros, mesmo que \u00e0 dist\u00e2ncia, admiraram e torceram pelo ato, houve quem criticasse &#8211; e at\u00e9 a\u00ed, tudo bem. Afinal, Democracia, no sentido mais amplo da palavra, se forja, tamb\u00e9m, na discord\u00e2ncia. O interessante, contudo, \u00e9 analisar como tudo isso se deu, entre idolatria e julgamentos, \u00e0 luz da Psicologia.<\/p>\n\n\n\n<p>Quando a dor coletiva se torna insuport\u00e1vel, a massa n\u00e3o pergunta quem \u00e9 o mais virtuoso, ou quem tem menos pecados para represent\u00e1-la. Ela busca por quem suporta ocupar o lugar que ficou vazio, longe do perfeccionismo moral. E, o vazio, aqui, \u00e9 estrutural e acomete, geralmente, os extremos na estrutura Pol\u00edtica.<\/p>\n\n\n\n<p>Do ponto de vista da Psicologia das Massas, Sigmund Freud defendia que o comportamento coletivo n\u00e3o \u00e9 uma simples soma de indiv\u00edduos racionais. Tal formula\u00e7\u00e3o \u00e9 central. Quando o indiv\u00edduo se insere de forma comunit\u00e1ria, ele n\u00e3o apenas se dilui nela; ele transfere para o comandante fun\u00e7\u00f5es ps\u00edquicas que j\u00e1 n\u00e3o consegue sustentar sozinho \u2014 como esperan\u00e7a, ordem, dire\u00e7\u00e3o moral e sentido. Este l\u00edder passa, ent\u00e3o, a funcionar como um eixo organizador do psiquismo coletivo. Historicamente, este mecanismo se repete. N\u00e3o \u00e9 moda; \u00e9 estrutura. Tem m\u00e9todo.<\/p>\n\n\n\n<p>A figura de Jesus, por exemplo, pode ser compreendida \u2014 do ponto de vista psicol\u00f3gico, e n\u00e3o teol\u00f3gico \u2014 como algu\u00e9m que ocupou lugar indiscutivelmente simb\u00f3lico na humanidade, mesmo sem contar com aparato institucional, sem o apoio do Ex\u00e9rcito e sem o m\u00ednimo de prote\u00e7\u00e3o. \u00c0 \u00e9poca, Cristo encarnou um ideal que j\u00e1 n\u00e3o encontrava sustenta\u00e7\u00e3o nas estruturas vigentes.<\/p>\n\n\n\n<p>Na contemporaneidade, tal fen\u00f4meno reaparece em figuras que provocam, incomodam e polarizam, justamente porque ocupam um lugar que muitos recusam por medo das in\u00fameras consequ\u00eancias, incluindo as sociais, pol\u00edticas e jur\u00eddicas. Sim, para ocupar este espa\u00e7o, \u00e9 preciso mais que carisma! \u00c9 imprescind\u00edvel deter coragem e (arrisco) um certo flerte com a inconsequ\u00eancia.<\/p>\n\n\n\n<p>Ainda na esteira da an\u00e1lise freudiana, enquanto homens s\u00e3o atacados, o mecanismo ps\u00edquico que os produziu continua ativo. Indiv\u00edduos passam, mas os s\u00edmbolos n\u00e3o se rendem; permanecem. Ideias n\u00e3o sangram e se preciso, elas mudam de hospedeiro.<\/p>\n\n\n\n<p>Em algum momento da Hist\u00f3ria, um l\u00edder, a exemplo de Nikolas e de outros tantos que o antecederam, pode at\u00e9 cair, mas sua fun\u00e7\u00e3o simb\u00f3lica permanece dispon\u00edvel para ser ocupada novamente.<\/p>\n\n\n\n<p>O que significa dizer que o instinto coletivo n\u00e3o desaparece. Ele atravessa o tempo. Quando tentam silenci\u00e1-lo, ele se desloca. Quando tentam esmag\u00e1-lo, ele se reorganiza. Quando tentam apag\u00e1-lo, ele se multiplica.<\/p>\n\n\n\n<p>Dra. Luciana Inoc\u00eancio \u00e9 psic\u00f3loga, psicanalista, palestrante e escritora; especialista em Transtornos Graves das Psicoses, pelo Col\u00e9gio de Psicoanal\u00edsis de Madrid (Espanha); especialista em Psicologia Hospitalar e em Especialidades M\u00e9dicas, pela Universidade de S\u00e3o Paulo (USP); especialista em Psicologia Cl\u00ednica e em Teoria Psicanal\u00edtica, pela Pontif\u00edcia Universidade Cat\u00f3lica (PUC); tem forma\u00e7\u00e3o em Psican\u00e1lise, pela Escola Brasileira de Psican\u00e1lise; e forma\u00e7\u00e3o em Psicologia | Bacharel e Licenciatura, pela Universidade Braz Cubas (UBC); \u00e9 autora dos livros \u201cPsican\u00e1lise Presente na Vida Cotidiana\u201d, \u201cAs Aventuras de Elvis\u201d, \u201cA Comida como Fuga Emocional\u201d, \u201cO Poder da Terapia na Terceira Idade\u201d, e \u201cNarcisistas\u201d<\/p>\n","protected":false},"excerpt":{"rendered":"<p>Dra. Luciana Inoc\u00eancio* Deputado federal mais votado da hist\u00f3ria de Minas Gerais e o mais&#8230;<\/p>\n","protected":false},"author":1,"featured_media":27660,"comment_status":"open","ping_status":"open","sticky":false,"template":"","format":"standard","meta":{"footnotes":""},"categories":[2],"tags":[],"featured_image_urls":{"full":["https:\/\/novosaopaulo.com.br\/n1\/wp-content\/uploads\/2026\/01\/WhatsApp-Image-2026-01-26-at-16.34.40.jpeg",1280,852,false],"thumbnail":["https:\/\/novosaopaulo.com.br\/n1\/wp-content\/uploads\/2026\/01\/WhatsApp-Image-2026-01-26-at-16.34.40-150x150.jpeg",150,150,true],"medium":["https:\/\/novosaopaulo.com.br\/n1\/wp-content\/uploads\/2026\/01\/WhatsApp-Image-2026-01-26-at-16.34.40-300x200.jpeg",300,200,true],"medium_large":["https:\/\/novosaopaulo.com.br\/n1\/wp-content\/uploads\/2026\/01\/WhatsApp-Image-2026-01-26-at-16.34.40-768x511.jpeg",640,426,true],"large":["https:\/\/novosaopaulo.com.br\/n1\/wp-content\/uploads\/2026\/01\/WhatsApp-Image-2026-01-26-at-16.34.40-1024x682.jpeg",640,426,true],"1536x1536":["https:\/\/novosaopaulo.com.br\/n1\/wp-content\/uploads\/2026\/01\/WhatsApp-Image-2026-01-26-at-16.34.40.jpeg",1280,852,false],"2048x2048":["https:\/\/novosaopaulo.com.br\/n1\/wp-content\/uploads\/2026\/01\/WhatsApp-Image-2026-01-26-at-16.34.40.jpeg",1280,852,false],"newsever-slider-full":["https:\/\/novosaopaulo.com.br\/n1\/wp-content\/uploads\/2026\/01\/WhatsApp-Image-2026-01-26-at-16.34.40-1280x845.jpeg",1280,845,true],"newsever-featured":["https:\/\/novosaopaulo.com.br\/n1\/wp-content\/uploads\/2026\/01\/WhatsApp-Image-2026-01-26-at-16.34.40-1024x682.jpeg",1024,682,true],"newsever-medium":["https:\/\/novosaopaulo.com.br\/n1\/wp-content\/uploads\/2026\/01\/WhatsApp-Image-2026-01-26-at-16.34.40-720x475.jpeg",720,475,true]},"author_info":{"display_name":"Reda\u00e7\u00e3o","author_link":"https:\/\/novosaopaulo.com.br\/n1\/author\/g5poa\/"},"category_info":"<a href=\"https:\/\/novosaopaulo.com.br\/n1\/category\/cidades\/\" rel=\"category tag\">Cidades<\/a>","tag_info":"Cidades","comment_count":"0","_links":{"self":[{"href":"https:\/\/novosaopaulo.com.br\/n1\/wp-json\/wp\/v2\/posts\/27659"}],"collection":[{"href":"https:\/\/novosaopaulo.com.br\/n1\/wp-json\/wp\/v2\/posts"}],"about":[{"href":"https:\/\/novosaopaulo.com.br\/n1\/wp-json\/wp\/v2\/types\/post"}],"author":[{"embeddable":true,"href":"https:\/\/novosaopaulo.com.br\/n1\/wp-json\/wp\/v2\/users\/1"}],"replies":[{"embeddable":true,"href":"https:\/\/novosaopaulo.com.br\/n1\/wp-json\/wp\/v2\/comments?post=27659"}],"version-history":[{"count":1,"href":"https:\/\/novosaopaulo.com.br\/n1\/wp-json\/wp\/v2\/posts\/27659\/revisions"}],"predecessor-version":[{"id":27661,"href":"https:\/\/novosaopaulo.com.br\/n1\/wp-json\/wp\/v2\/posts\/27659\/revisions\/27661"}],"wp:featuredmedia":[{"embeddable":true,"href":"https:\/\/novosaopaulo.com.br\/n1\/wp-json\/wp\/v2\/media\/27660"}],"wp:attachment":[{"href":"https:\/\/novosaopaulo.com.br\/n1\/wp-json\/wp\/v2\/media?parent=27659"}],"wp:term":[{"taxonomy":"category","embeddable":true,"href":"https:\/\/novosaopaulo.com.br\/n1\/wp-json\/wp\/v2\/categories?post=27659"},{"taxonomy":"post_tag","embeddable":true,"href":"https:\/\/novosaopaulo.com.br\/n1\/wp-json\/wp\/v2\/tags?post=27659"}],"curies":[{"name":"wp","href":"https:\/\/api.w.org\/{rel}","templated":true}]}}