{"id":27657,"date":"2026-01-26T18:28:42","date_gmt":"2026-01-26T21:28:42","guid":{"rendered":"https:\/\/novosaopaulo.com.br\/n1\/?p=27657"},"modified":"2026-01-26T18:28:43","modified_gmt":"2026-01-26T21:28:43","slug":"abre-se-o-grande-ano-politico-de-2026","status":"publish","type":"post","link":"https:\/\/novosaopaulo.com.br\/n1\/abre-se-o-grande-ano-politico-de-2026\/","title":{"rendered":"Abre-se o grande ano pol\u00edtico de 2026"},"content":{"rendered":"\n<p>O Congresso Nacional (Senado e C\u00e2mara dos Deputados) abre na pr\u00f3xima segunda-feira \u2013 1\u00ba de fevereiro \u2013 o ano legislativo de 2026, que \u00e9 um per\u00edodo diferenciado. Al\u00e9m de discutir e votar os projetos de leis do dia-a-dia, senadores e deputados t\u00eam pelo menos tr\u00eas tarefas especiais: a vota\u00e7\u00e3o da PEC (Proposta de Emenda Constitucional) do fim das reelei\u00e7\u00f5es para presidente da Rep\u00fablica, governador de Estado e prefeito municipal e as CPIs destinadas a apurar os roubos no INSS (Instituto Nacional da Seguridade Social) e as negociatas envolvendo o Banco Master, liquidado pelo Banco Central. Tamb\u00e9m est\u00e1 apresentada a PEC da Seguran\u00e7a P\u00fablica, elaborada pelo governo, mas que dificilmente ser\u00e1 votada, j\u00e1 que o seu \u201cpadrinho\u201d, o ex-ministro da Justi\u00e7a, Ricardo Lewandowski, saiu do governo. Essa lei de seguran\u00e7a conta com a oposi\u00e7\u00e3o radical dos governadores, que n\u00e3o concordam com a proposta de passagem de atribui\u00e7\u00f5es estaduais para a esfera federal. Ainda mais: 2026 \u00e9 o ano das elei\u00e7\u00f5es de n\u00edveis federal e estaduais e a polariza\u00e7\u00e3o \u00e9 elevada entre a esquerda do presidente Lula da Silva e a direita de Jair Bolsonaro que, apesar de condenado e encarcerado, ainda nutre a esperan\u00e7a de se safar dos problemas e tamb\u00e9m concorrer. Os governos de esquerda da Am\u00e9rica Latina v\u00eam caindo como soldadinhos de domin\u00f3 nas ultimas elei\u00e7\u00f5es. Com isso, o Foro de S\u00e3o Paulo, de esquerda, fundado em 1990 por Fidel Castro e Lula com o objetivo de criar a URSAL (Uni\u00e3o das Rep\u00fablicas Socialistas da Am\u00e9rica Latina) nos moldes da extinta Uni\u00e3o Sovi\u00e9tica est\u00e1 morrendo. Objetivo pol\u00edtico frustrado pelo enfraquecimento dos governos de ideologia esquerda na regi\u00e3o.<br>A queda do governo chavista da Venezuela \u00e9 outro forte indicativo de que o continente ir\u00e1 gradativamente ser governado pela direita. Em breve \u2013 especula-se &#8211; outros pa\u00edses , especialmente a Col\u00f4mbia, Cuba e Nicar\u00e1gua entrar\u00e3o pelo mesmo caminho da Venezuela. E o Brasil ter\u00e1 de cuidar-se para conseguir fazer a elei\u00e7\u00e3o desse ano sem contratempos e, principalmente, a possibilidade de ocupa\u00e7\u00e3o estrangeira. N\u00f3s, brasileiros, esperamos que as elei\u00e7\u00f5es deste ano transcorram em clima de normalidade e sem a interven\u00e7\u00e3o estrangeira. Da mesma forma que rejeitamos ditaduras ou governos autorit\u00e1rios de esquerda, n\u00e3o queremos que nosso Pa\u00eds e sociedade caiam nas m\u00e3os de qualquer outra tend\u00eancia radical. Precisamos da democracia, o regime que escolhemos desde a \u00e9poca da proclama\u00e7\u00e3o da Rep\u00fablica (1889) e, infelizmente, em algumas \u00e9pocas esteve suspenso por diferentes raz\u00f5es. Queremos viver todos os nossos dias democraticamente, realizando elei\u00e7\u00f5es, alternando o poder entre os que conseguirem reunir o maior n\u00famero de votos e, na medida do poss\u00edvel, oferecendo boas condi\u00e7\u00f5es de vida \u00e0 popula\u00e7\u00e3o. Que o Legislativo, o Executivo e o Judici\u00e1rio \u2013 definidos pela Constitui\u00e7\u00e3o Como os Poderes da Rep\u00fablica, atuem estritamente dentro dos par\u00e2metros definidos na Carta Magna e, com isso, possamos conduzir a Na\u00e7\u00e3o ao grande destino que sempre sonhamos e perseguimos\u2026<\/p>\n","protected":false},"excerpt":{"rendered":"<p>O Congresso Nacional (Senado e C\u00e2mara dos Deputados) abre na pr\u00f3xima segunda-feira \u2013 1\u00ba de&#8230;<\/p>\n","protected":false},"author":1,"featured_media":23327,"comment_status":"open","ping_status":"open","sticky":false,"template":"","format":"standard","meta":{"footnotes":""},"categories":[2],"tags":[],"featured_image_urls":{"full":["https:\/\/novosaopaulo.com.br\/n1\/wp-content\/uploads\/2025\/04\/Tenente-Dirceu-Cardoso-Goncalves.jpg",600,564,false],"thumbnail":["https:\/\/novosaopaulo.com.br\/n1\/wp-content\/uploads\/2025\/04\/Tenente-Dirceu-Cardoso-Goncalves-150x150.jpg",150,150,true],"medium":["https:\/\/novosaopaulo.com.br\/n1\/wp-content\/uploads\/2025\/04\/Tenente-Dirceu-Cardoso-Goncalves-300x282.jpg",300,282,true],"medium_large":["https:\/\/novosaopaulo.com.br\/n1\/wp-content\/uploads\/2025\/04\/Tenente-Dirceu-Cardoso-Goncalves.jpg",600,564,false],"large":["https:\/\/novosaopaulo.com.br\/n1\/wp-content\/uploads\/2025\/04\/Tenente-Dirceu-Cardoso-Goncalves.jpg",600,564,false],"1536x1536":["https:\/\/novosaopaulo.com.br\/n1\/wp-content\/uploads\/2025\/04\/Tenente-Dirceu-Cardoso-Goncalves.jpg",600,564,false],"2048x2048":["https:\/\/novosaopaulo.com.br\/n1\/wp-content\/uploads\/2025\/04\/Tenente-Dirceu-Cardoso-Goncalves.jpg",600,564,false],"newsever-slider-full":["https:\/\/novosaopaulo.com.br\/n1\/wp-content\/uploads\/2025\/04\/Tenente-Dirceu-Cardoso-Goncalves.jpg",600,564,false],"newsever-featured":["https:\/\/novosaopaulo.com.br\/n1\/wp-content\/uploads\/2025\/04\/Tenente-Dirceu-Cardoso-Goncalves.jpg",600,564,false],"newsever-medium":["https:\/\/novosaopaulo.com.br\/n1\/wp-content\/uploads\/2025\/04\/Tenente-Dirceu-Cardoso-Goncalves-600x475.jpg",600,475,true]},"author_info":{"display_name":"Reda\u00e7\u00e3o","author_link":"https:\/\/novosaopaulo.com.br\/n1\/author\/g5poa\/"},"category_info":"<a href=\"https:\/\/novosaopaulo.com.br\/n1\/category\/cidades\/\" rel=\"category tag\">Cidades<\/a>","tag_info":"Cidades","comment_count":"0","_links":{"self":[{"href":"https:\/\/novosaopaulo.com.br\/n1\/wp-json\/wp\/v2\/posts\/27657"}],"collection":[{"href":"https:\/\/novosaopaulo.com.br\/n1\/wp-json\/wp\/v2\/posts"}],"about":[{"href":"https:\/\/novosaopaulo.com.br\/n1\/wp-json\/wp\/v2\/types\/post"}],"author":[{"embeddable":true,"href":"https:\/\/novosaopaulo.com.br\/n1\/wp-json\/wp\/v2\/users\/1"}],"replies":[{"embeddable":true,"href":"https:\/\/novosaopaulo.com.br\/n1\/wp-json\/wp\/v2\/comments?post=27657"}],"version-history":[{"count":1,"href":"https:\/\/novosaopaulo.com.br\/n1\/wp-json\/wp\/v2\/posts\/27657\/revisions"}],"predecessor-version":[{"id":27658,"href":"https:\/\/novosaopaulo.com.br\/n1\/wp-json\/wp\/v2\/posts\/27657\/revisions\/27658"}],"wp:featuredmedia":[{"embeddable":true,"href":"https:\/\/novosaopaulo.com.br\/n1\/wp-json\/wp\/v2\/media\/23327"}],"wp:attachment":[{"href":"https:\/\/novosaopaulo.com.br\/n1\/wp-json\/wp\/v2\/media?parent=27657"}],"wp:term":[{"taxonomy":"category","embeddable":true,"href":"https:\/\/novosaopaulo.com.br\/n1\/wp-json\/wp\/v2\/categories?post=27657"},{"taxonomy":"post_tag","embeddable":true,"href":"https:\/\/novosaopaulo.com.br\/n1\/wp-json\/wp\/v2\/tags?post=27657"}],"curies":[{"name":"wp","href":"https:\/\/api.w.org\/{rel}","templated":true}]}}