{"id":27649,"date":"2026-01-26T18:26:20","date_gmt":"2026-01-26T21:26:20","guid":{"rendered":"https:\/\/novosaopaulo.com.br\/n1\/?p=27649"},"modified":"2026-01-26T18:27:58","modified_gmt":"2026-01-26T21:27:58","slug":"alunos-da-rede-municipal-de-poa-voltam-as-aulas-nesta-segunda-feira","status":"publish","type":"post","link":"https:\/\/novosaopaulo.com.br\/n1\/alunos-da-rede-municipal-de-poa-voltam-as-aulas-nesta-segunda-feira\/","title":{"rendered":"Alunos da rede municipal de Po\u00e1 voltam \u00e0s aulas nesta segunda-feira"},"content":{"rendered":"\n<p>Estudantes da creche e da pr\u00e9-escola ter\u00e3o per\u00edodo de adapta\u00e7\u00e3o como parte do acolhimento pedag\u00f3gico planejado para o in\u00edcio do ano letivo<\/p>\n\n\n\n<p>Mais de 13,6 mil alunos da Rede Municipal de Ensino de Po\u00e1 retornaram \u00e0s aulas nesta segunda-feira (26\/01), marcando o in\u00edcio do ano letivo de 2026 nas creches e escolas de Ensino Fundamental do munic\u00edpio. Para garantir um retorno organizado e seguro, as unidades escolares passaram por a\u00e7\u00f5es de limpeza e manuten\u00e7\u00e3o.<br>De acordo com a Secretaria Municipal de Educa\u00e7\u00e3o, os alunos da creche e da pr\u00e9-escola ter\u00e3o per\u00edodo de adapta\u00e7\u00e3o durante a primeira semana de aula, como parte do acolhimento pedag\u00f3gico planejado para o in\u00edcio do ano letivo.<br>O calend\u00e1rio escolar de 2026 prev\u00ea 200 dias letivos, com encerramento das aulas no dia 18 de dezembro. As f\u00e9rias escolares de julho ocorrer\u00e3o entre os dias 1\u00ba e 15 de julho.<br>Segundo o secret\u00e1rio municipal de Educa\u00e7\u00e3o, Diego Moreira, a volta \u00e0s aulas representa um momento estrat\u00e9gico para o desenvolvimento educacional do munic\u00edpio. \u201cA retomada das aulas marca o in\u00edcio de um trabalho planejado, que prioriza o acolhimento, a inclus\u00e3o e a qualidade do ensino. Estamos preparados para receber nossos alunos com estrutura adequada e equipes comprometidas com a aprendizagem\u201d, destacou.<br>O prefeito Saulo Souza ressaltou o investimento cont\u00ednuo na Educa\u00e7\u00e3o. \u201cA Educa\u00e7\u00e3o \u00e9 uma das prioridades da nossa gest\u00e3o. Trabalhamos para oferecer um ambiente escolar cada vez mais estruturado, inclusivo e preparado para atender as necessidades de todos os estudantes\u201d, afirmou.<\/p>\n\n\n\n<p>Projetos para 2026<br>O ano letivo de 2026 foi oficialmente aberto no \u00faltimo dia 22 de janeiro, durante um grande encontro realizado na Pra\u00e7a de Eventos Luc\u00edlia Gomes Felippe, que reuniu todos os servidores da Rede Municipal de Ensino. Na ocasi\u00e3o, o prefeito anunciou novos projetos voltados para a amplia\u00e7\u00e3o do ensino infantil, com a cria\u00e7\u00e3o de mais vagas em creches e a constru\u00e7\u00e3o de novas unidades educacionais. Entre as a\u00e7\u00f5es previstas, destacam-se a retomada das obras do Centro Educacional Poaense (CEP) Santa Luiza, que estavam paralisadas h\u00e1 15 anos, a reconstru\u00e7\u00e3o da EMEB Professora Carolina Ribeiro, a reforma da EMEB Benedito Rufino Lopes e a constru\u00e7\u00e3o de uma nova creche no Jardim Ivonete para atender a crescente demanda da regi\u00e3o, al\u00e9m da reforma de outras escolas da cidade<br>A gest\u00e3o tamb\u00e9m investir\u00e1 na contrata\u00e7\u00e3o de profissionais especializados para o atendimento de alunos at\u00edpicos, garantindo suporte adequado para essas crian\u00e7as. \u201cA educa\u00e7\u00e3o \u00e9 um farol que guia nossas crian\u00e7as. Enquanto cada um de n\u00f3s, seja na miss\u00e3o que n\u00f3s estivermos na Educa\u00e7\u00e3o, trabalhar com amor, entrega e entusiasmo, escreveremos, juntos, hist\u00f3rias extraordin\u00e1rias e assim vamos tornar a Educa\u00e7\u00e3o de Po\u00e1 cada vez melhor\u201d, afirmou o prefeito.<\/p>\n\n\n\n<figure class=\"wp-block-image size-large\"><img fetchpriority=\"high\" decoding=\"async\" width=\"1024\" height=\"576\" src=\"https:\/\/novosaopaulo.com.br\/n1\/wp-content\/uploads\/2026\/01\/WhatsApp-Image-2026-01-26-at-18.02.10-1024x576.jpeg\" alt=\"\" class=\"wp-image-27653\" srcset=\"https:\/\/novosaopaulo.com.br\/n1\/wp-content\/uploads\/2026\/01\/WhatsApp-Image-2026-01-26-at-18.02.10-1024x576.jpeg 1024w, https:\/\/novosaopaulo.com.br\/n1\/wp-content\/uploads\/2026\/01\/WhatsApp-Image-2026-01-26-at-18.02.10-300x169.jpeg 300w, https:\/\/novosaopaulo.com.br\/n1\/wp-content\/uploads\/2026\/01\/WhatsApp-Image-2026-01-26-at-18.02.10-768x432.jpeg 768w, https:\/\/novosaopaulo.com.br\/n1\/wp-content\/uploads\/2026\/01\/WhatsApp-Image-2026-01-26-at-18.02.10-1536x864.jpeg 1536w, https:\/\/novosaopaulo.com.br\/n1\/wp-content\/uploads\/2026\/01\/WhatsApp-Image-2026-01-26-at-18.02.10.jpeg 1600w\" sizes=\"(max-width: 1024px) 100vw, 1024px\" \/><\/figure>\n\n\n\n<p>Fotos: Nivaldo Alves<\/p>\n\n\n\n<figure class=\"wp-block-image size-large\"><img decoding=\"async\" width=\"1024\" height=\"576\" src=\"https:\/\/novosaopaulo.com.br\/n1\/wp-content\/uploads\/2026\/01\/WhatsApp-Image-2026-01-26-at-18.02.11-1024x576.jpeg\" alt=\"\" class=\"wp-image-27654\" srcset=\"https:\/\/novosaopaulo.com.br\/n1\/wp-content\/uploads\/2026\/01\/WhatsApp-Image-2026-01-26-at-18.02.11-1024x576.jpeg 1024w, https:\/\/novosaopaulo.com.br\/n1\/wp-content\/uploads\/2026\/01\/WhatsApp-Image-2026-01-26-at-18.02.11-300x169.jpeg 300w, https:\/\/novosaopaulo.com.br\/n1\/wp-content\/uploads\/2026\/01\/WhatsApp-Image-2026-01-26-at-18.02.11-768x432.jpeg 768w, https:\/\/novosaopaulo.com.br\/n1\/wp-content\/uploads\/2026\/01\/WhatsApp-Image-2026-01-26-at-18.02.11-1536x864.jpeg 1536w, https:\/\/novosaopaulo.com.br\/n1\/wp-content\/uploads\/2026\/01\/WhatsApp-Image-2026-01-26-at-18.02.11.jpeg 1600w\" sizes=\"(max-width: 1024px) 100vw, 1024px\" \/><\/figure>\n\n\n\n<p>Foto: Irineu J\u00fanior<\/p>\n\n\n\n<p><\/p>\n","protected":false},"excerpt":{"rendered":"<p>Estudantes da creche e da pr\u00e9-escola ter\u00e3o per\u00edodo de adapta\u00e7\u00e3o como parte do acolhimento pedag\u00f3gico&#8230;<\/p>\n","protected":false},"author":1,"featured_media":27650,"comment_status":"open","ping_status":"open","sticky":false,"template":"","format":"standard","meta":{"footnotes":""},"categories":[8],"tags":[],"featured_image_urls":{"full":["https:\/\/novosaopaulo.com.br\/n1\/wp-content\/uploads\/2026\/01\/WhatsApp-Image-2026-01-26-at-18.02.09.jpeg",1600,900,false],"thumbnail":["https:\/\/novosaopaulo.com.br\/n1\/wp-content\/uploads\/2026\/01\/WhatsApp-Image-2026-01-26-at-18.02.09-150x150.jpeg",150,150,true],"medium":["https:\/\/novosaopaulo.com.br\/n1\/wp-content\/uploads\/2026\/01\/WhatsApp-Image-2026-01-26-at-18.02.09-300x169.jpeg",300,169,true],"medium_large":["https:\/\/novosaopaulo.com.br\/n1\/wp-content\/uploads\/2026\/01\/WhatsApp-Image-2026-01-26-at-18.02.09-768x432.jpeg",640,360,true],"large":["https:\/\/novosaopaulo.com.br\/n1\/wp-content\/uploads\/2026\/01\/WhatsApp-Image-2026-01-26-at-18.02.09-1024x576.jpeg",640,360,true],"1536x1536":["https:\/\/novosaopaulo.com.br\/n1\/wp-content\/uploads\/2026\/01\/WhatsApp-Image-2026-01-26-at-18.02.09-1536x864.jpeg",1536,864,true],"2048x2048":["https:\/\/novosaopaulo.com.br\/n1\/wp-content\/uploads\/2026\/01\/WhatsApp-Image-2026-01-26-at-18.02.09.jpeg",1600,900,false],"newsever-slider-full":["https:\/\/novosaopaulo.com.br\/n1\/wp-content\/uploads\/2026\/01\/WhatsApp-Image-2026-01-26-at-18.02.09-1280x845.jpeg",1280,845,true],"newsever-featured":["https:\/\/novosaopaulo.com.br\/n1\/wp-content\/uploads\/2026\/01\/WhatsApp-Image-2026-01-26-at-18.02.09-1024x576.jpeg",1024,576,true],"newsever-medium":["https:\/\/novosaopaulo.com.br\/n1\/wp-content\/uploads\/2026\/01\/WhatsApp-Image-2026-01-26-at-18.02.09-720x475.jpeg",720,475,true]},"author_info":{"display_name":"Reda\u00e7\u00e3o","author_link":"https:\/\/novosaopaulo.com.br\/n1\/author\/g5poa\/"},"category_info":"<a href=\"https:\/\/novosaopaulo.com.br\/n1\/category\/poa\/\" rel=\"category tag\">Po\u00e1<\/a>","tag_info":"Po\u00e1","comment_count":"0","_links":{"self":[{"href":"https:\/\/novosaopaulo.com.br\/n1\/wp-json\/wp\/v2\/posts\/27649"}],"collection":[{"href":"https:\/\/novosaopaulo.com.br\/n1\/wp-json\/wp\/v2\/posts"}],"about":[{"href":"https:\/\/novosaopaulo.com.br\/n1\/wp-json\/wp\/v2\/types\/post"}],"author":[{"embeddable":true,"href":"https:\/\/novosaopaulo.com.br\/n1\/wp-json\/wp\/v2\/users\/1"}],"replies":[{"embeddable":true,"href":"https:\/\/novosaopaulo.com.br\/n1\/wp-json\/wp\/v2\/comments?post=27649"}],"version-history":[{"count":2,"href":"https:\/\/novosaopaulo.com.br\/n1\/wp-json\/wp\/v2\/posts\/27649\/revisions"}],"predecessor-version":[{"id":27656,"href":"https:\/\/novosaopaulo.com.br\/n1\/wp-json\/wp\/v2\/posts\/27649\/revisions\/27656"}],"wp:featuredmedia":[{"embeddable":true,"href":"https:\/\/novosaopaulo.com.br\/n1\/wp-json\/wp\/v2\/media\/27650"}],"wp:attachment":[{"href":"https:\/\/novosaopaulo.com.br\/n1\/wp-json\/wp\/v2\/media?parent=27649"}],"wp:term":[{"taxonomy":"category","embeddable":true,"href":"https:\/\/novosaopaulo.com.br\/n1\/wp-json\/wp\/v2\/categories?post=27649"},{"taxonomy":"post_tag","embeddable":true,"href":"https:\/\/novosaopaulo.com.br\/n1\/wp-json\/wp\/v2\/tags?post=27649"}],"curies":[{"name":"wp","href":"https:\/\/api.w.org\/{rel}","templated":true}]}}