{"id":27640,"date":"2026-01-23T19:38:56","date_gmt":"2026-01-23T22:38:56","guid":{"rendered":"https:\/\/novosaopaulo.com.br\/n1\/?p=27640"},"modified":"2026-01-23T19:38:57","modified_gmt":"2026-01-23T22:38:57","slug":"lauana-prado-e-ana-castela-sao-as-atracoes-principaisda-terceira-edicao-do-meli-music","status":"publish","type":"post","link":"https:\/\/novosaopaulo.com.br\/n1\/lauana-prado-e-ana-castela-sao-as-atracoes-principaisda-terceira-edicao-do-meli-music\/","title":{"rendered":"Lauana Prado e Ana Castela s\u00e3o as atra\u00e7\u00f5es principaisda terceira edi\u00e7\u00e3o do Meli Music"},"content":{"rendered":"\n<p>Festival acontece no dia 24 de maio e os ingressos j\u00e1 est\u00e3o dispon\u00edveis; pela primeira vez,<br>evento ser\u00e1 no campo da Mercado Livre Arena Pacaembu para mais de 20 mil pessoas<\/p>\n\n\n\n<p>O Mercado Livre, em parceria com a GTS, anuncia a terceira edi\u00e7\u00e3o do Meli Music,<br>marcada para o dia 24 de maio de 2026. Pela primeira vez, o festival ser\u00e1 realizado no<br>campo da Mercado Livre Arena Pacaembu, em S\u00e3o Paulo, com capacidade para mais de<br>20 mil pessoas, ampliando a escala do projeto e refor\u00e7ando sua presen\u00e7a no calend\u00e1rio de<br>grandes eventos musicais do pa\u00eds. As vendas come\u00e7aram nesta sexta-feira (23\/01) pelo site<br>da Q2 Ingressos.<br>A terceira edi\u00e7\u00e3o ter\u00e1 o sertanejo como g\u00eanero central e contar\u00e1 com Ana Castela e<br>Lauana Prado como atra\u00e7\u00f5es principais, al\u00e9m de Hugo Henrique, completando o line-up.<br>O festival ainda contar\u00e1 com mais um nome sertanejo que ser\u00e1 anunciado em breve. Para<br>Iuri Maia, diretor de Estrat\u00e9gia de Marca do Mercado Livre, a m\u00fasica ocupa um papel<br>central na forma como a marca se conecta com as pessoas. \u201cEstamos muito felizes em<br>anunciar a terceira edi\u00e7\u00e3o do Meli Music. A m\u00fasica cria conex\u00e3o real, gera pertencimento e<br>constr\u00f3i rela\u00e7\u00e3o no longo prazo. O festival consolida a presen\u00e7a do Mercado Livre nesse<br>territ\u00f3rio ao transformar a m\u00fasica em uma plataforma propriet\u00e1ria de experi\u00eancias, agora em<br>uma escala ainda maior\u201d, afirma.<br>Ana Castela destaca a afinidade do projeto com o seu p\u00fablico: \u201cO Meli Music une tudo o<br>que eu acredito: m\u00fasica, experi\u00eancia e conex\u00e3o real com o p\u00fablico. Estar nessa edi\u00e7\u00e3o \u00e9<br>especial demais e representa muito do que venho construindo na minha carreira\u201d, diz a<br>cantora. J\u00e1 Lauana Prado ressalta a proposta do festival de valorizar a m\u00fasica como<br>experi\u00eancia ao vivo: \u201c\u00c9 especial participar de um projeto que entende a m\u00fasica como<br>experi\u00eancia e cria um espa\u00e7o t\u00e3o potente de conex\u00e3o com o p\u00fablico. O Meli Music tem essa<br>proposta e eu tenho certeza que vai ser um show inesquec\u00edvel\u201d, afirma a artista.<br>Meli Music consolida a presen\u00e7a do Mercado Livre no territ\u00f3rio da m\u00fasica<br>Lan\u00e7ado em 2025 como uma plataforma propriet\u00e1ria de m\u00fasica ao vivo, o Meli Music<br>estreou com uma edi\u00e7\u00e3o dedicada ao trap, reunindo Matu\u00ea, Veigh e Budah, seguida por<br>uma segunda edi\u00e7\u00e3o voltada ao pop, com shows de Lu\u00edsa Sonza, MC Livinho e Carol<br>Biazin. As edi\u00e7\u00f5es anteriores registraram mais de 22 mil pessoas acompanhando as<br>transmiss\u00f5es ao vivo pelo Mercado Play, com picos de 6 mil espectadores simult\u00e2neos,<br>al\u00e9m de mais de 150 mil intera\u00e7\u00f5es org\u00e2nicas nas m\u00eddias sociais, refor\u00e7ando a for\u00e7a do<br>festival como uma plataforma de live marketing, capaz de gerar impacto tanto no ambiente<br>digital quanto in loco.<br>Desde o lan\u00e7amento, o festival vem se destacando por acompanhar os movimentos da<br>m\u00fasica brasileira e dialogar diretamente com o comportamento de consumo e engajamento<br>do p\u00fablico jovem, colocando a m\u00fasica no centro da estrat\u00e9gia de marca. \u201cPara se ter uma<br>ideia, j\u00e1 vimos impacto direto na percep\u00e7\u00e3o da marca, com um aumento de 9 pontos<br>percentuais no lift de prefer\u00eancia entre jovens de 18 a 24 anos, refor\u00e7ando a conex\u00e3o com a<br>Gera\u00e7\u00e3o Z e a consolida\u00e7\u00e3o da m\u00fasica como um pilar estrat\u00e9gico da marca\u201d, afirma Iuri<br>Maia.<br>Na vis\u00e3o da GTS, parceira do projeto desde a concep\u00e7\u00e3o, o Meli Music representa um novo<br>modelo de atua\u00e7\u00e3o no mercado de live business, unindo curadoria art\u00edstica, estrat\u00e9gia de<br>marca e experi\u00eancia de p\u00fablico. \u201cA terceira edi\u00e7\u00e3o refor\u00e7a o amadurecimento do projeto. O<br>Meli Music cresce junto com os artistas e com o p\u00fablico, e reunir Ana Castela e Lauana<br>Prado em um evento dessa dimens\u00e3o mostra a for\u00e7a do sertanejo e da m\u00fasica ao vivo no<br>Brasil\u201d, completa Ulisses Gasparini, diretor da GTS.<br>Line-up Meli Music 3<br>Fen\u00f4meno da m\u00fasica brasileira contempor\u00e2nea, Ana Castela chega ao Meli Music como um<br>dos principais nomes da nova gera\u00e7\u00e3o e uma das artistas com maior conex\u00e3o com o p\u00fablico<br>jovem. Natural de Mato Grosso do Sul, a cantora ganhou proje\u00e7\u00e3o nacional a partir de 2021<br>com o sucesso \u201cBoiadeira\u201d e se consolidou no cen\u00e1rio musical no ano seguinte com hits que<br>dominaram as plataformas digitais, como \u201cPipoco\u201d. Com seu estilo agro pop, voz marcante e<br>carisma aut\u00eantico, Ana se tornou a embaixadora mais jovem da hist\u00f3ria da Festa do Pe\u00e3o<br>de Barretos e venceu o Grammy Latino de 2024 na categoria de Melhor \u00c1lbum de M\u00fasica<br>Sertaneja. Em 2026, ampliou ainda mais sua presen\u00e7a como marca ao realizar a segunda<br>edi\u00e7\u00e3o do Navio Ana Castela, reunindo m\u00fasica, experi\u00eancias e ativa\u00e7\u00f5es exclusivas.<br>Atualmente, \u00e9 um dos maiores nomes do sertanejo nacional e se consolida como a artista<br>feminina jovem brasileira com mais entradas no ranking global do Spotify. Esse ano, Ana<br>estreia tamb\u00e9m como atriz na novela das 19h da TV Globo, al\u00e9m de interpretar a m\u00fasica de<br>abertura da trama, marcando uma nova fase em sua carreira.<br>J\u00e1 Lauana Prado, cantora e compositora com mais de 18 anos de carreira e cinco<br>indica\u00e7\u00f5es ao Grammy Latino, se destaca pela versatilidade e pela for\u00e7a com que carrega a<br>m\u00fasica sertaneja em sua ess\u00eancia. No repert\u00f3rio, sucessos como \u201cCobaia\u201d, \u201cViva Voz\u201d,<br>\u201cWhisky Vagabundo\u201d e \u201cEscrito nas Estrelas\u201d, uma das m\u00fasicas mais ouvidas do Brasil em<br>2024 nas r\u00e1dios e plataformas digitais. Em 2025, lan\u00e7ou o \u00e1lbum Transcende \u2014 Ao Vivo no<br>Ibirapuera e emplacou faixas como \u201cKamasutra\u201d e \u201cSaudade Burra\u201d (com Simone Mendes)<br>entre os destaques dos charts. Transcende tamb\u00e9m foi um dos \u00e1lbuns mais ouvidos do pa\u00eds<br>e reconhecido como \u201cMelhor Lan\u00e7amento Sertanejo\u201d no Pr\u00eamio BTG Pactual da M\u00fasica<br>Brasileira. No mesmo ano, Lauana lan\u00e7ou o audiovisual RAIZ Belo Horizonte e consolidou o<br>projeto RAIZ como uma das labels mais bem-sucedidas do pa\u00eds.<br>Completando o line-up, Hugo Henrique chega ao Meli Music como um representante da<br>nova gera\u00e7\u00e3o do sertanejo, conectando diferentes fases do g\u00eanero em um show que<br>dialoga com o p\u00fablico do festival. Em 2025, Hugo lan\u00e7ou uma nova vers\u00e3o de \u201cMala\u201d,<br>regravada com sua voz atual, refor\u00e7ando a relev\u00e2ncia de um dos maiores sucessos de sua<br>trajet\u00f3ria, que iniciou ainda na inf\u00e2ncia, aos cinco anos, participando de programas de<br>televis\u00e3o.<br>Ingressos<br>http:\/\/melimusic.q2ingressos.com.br<br>ARQUIBANCADA NORTE<br>Inteira: R$ 120,00<br>Meia: R$ 60,00<br>Meia social: R$ 60,00<br>ARQUIBANCADA LESTE<br>Inteira: R$ 100,00<br>Meia: R$ 50,00<br>Meia social: R$ 50,00<br>ARQUIBANCADA OESTE DESCOBERTA<br>Inteira: R$ 100,00<br>Meia: R$ 50,00<br>Meia social: R$ 50,00<br>ARQUIBANCADA OESTE COBERTA<br>Inteira: R$ 260,00<br>Meia: R$ 130,00<br>Meia social: R$ 130,00<br>ARENA<br>Inteira: R$ 320,00<br>Meia: R$ 160,00<br>Meia social: R$ 160,00<br>\u00c1REA PREMIUM<br>Inteira: R$ 480,00<br>Meia: R$ 240,00<br>Meia social: R$ 240,00<br>Sobre o Mercado Livre: Fundado em 1999, o Mercado Libre, Inc (NASDAQ: MELI) \u00e9 a<br>companhia l\u00edder em e-commerce e servi\u00e7os financeiros na Am\u00e9rica Latina, com opera\u00e7\u00f5es<br>em 18 pa\u00edses. A empresa oferece solu\u00e7\u00f5es para que pessoas e empresas possam comprar,<br>vender, anunciar e enviar produtos por meio da internet, assim como solu\u00e7\u00f5es de<br>pagamento, cr\u00e9dito, investimentos, seguros e gest\u00e3o de benef\u00edcios. O Mercado Livre busca<br>facilitar o acesso ao com\u00e9rcio e aos servi\u00e7os financeiros na Am\u00e9rica Latina, um mercado<br>que oferece grandes oportunidades e alto potencial de crescimento. Utiliza tecnologia de<br>qualidade mundial para criar solu\u00e7\u00f5es intuitivas e adaptadas \u00e0 cultura local para transformar<br>a vida de milh\u00f5es de pessoas na regi\u00e3o. Mais informa\u00e7\u00f5es.<br>Sobre a GTS: A GTS (Global Talent Services) \u00e9 a empresa de agenciamento art\u00edstico e<br>produ\u00e7\u00e3o de eventos do grupo UMG. Com uma atua\u00e7\u00e3o integrada e foco em resultados, a<br>GTS conecta artistas ao mercado de entretenimento, publicidade e grandes marcas,<br>potencializando carreiras e criando oportunidades em diferentes segmentos da ind\u00fastria<br>criativa. A empresa oferece solu\u00e7\u00f5es completas em management, agenciamento de shows,<br>licenciamento e projetos especiais para artistas de grandes gravadores e independentes.<\/p>\n","protected":false},"excerpt":{"rendered":"<p>Festival acontece no dia 24 de maio e os ingressos j\u00e1 est\u00e3o dispon\u00edveis; pela primeira&#8230;<\/p>\n","protected":false},"author":1,"featured_media":27641,"comment_status":"open","ping_status":"open","sticky":false,"template":"","format":"standard","meta":{"footnotes":""},"categories":[2],"tags":[],"featured_image_urls":{"full":["https:\/\/novosaopaulo.com.br\/n1\/wp-content\/uploads\/2026\/01\/Captura-de-tela-2026-01-23-140245.jpg",794,577,false],"thumbnail":["https:\/\/novosaopaulo.com.br\/n1\/wp-content\/uploads\/2026\/01\/Captura-de-tela-2026-01-23-140245-150x150.jpg",150,150,true],"medium":["https:\/\/novosaopaulo.com.br\/n1\/wp-content\/uploads\/2026\/01\/Captura-de-tela-2026-01-23-140245-300x218.jpg",300,218,true],"medium_large":["https:\/\/novosaopaulo.com.br\/n1\/wp-content\/uploads\/2026\/01\/Captura-de-tela-2026-01-23-140245-768x558.jpg",640,465,true],"large":["https:\/\/novosaopaulo.com.br\/n1\/wp-content\/uploads\/2026\/01\/Captura-de-tela-2026-01-23-140245.jpg",640,465,false],"1536x1536":["https:\/\/novosaopaulo.com.br\/n1\/wp-content\/uploads\/2026\/01\/Captura-de-tela-2026-01-23-140245.jpg",794,577,false],"2048x2048":["https:\/\/novosaopaulo.com.br\/n1\/wp-content\/uploads\/2026\/01\/Captura-de-tela-2026-01-23-140245.jpg",794,577,false],"newsever-slider-full":["https:\/\/novosaopaulo.com.br\/n1\/wp-content\/uploads\/2026\/01\/Captura-de-tela-2026-01-23-140245.jpg",794,577,false],"newsever-featured":["https:\/\/novosaopaulo.com.br\/n1\/wp-content\/uploads\/2026\/01\/Captura-de-tela-2026-01-23-140245.jpg",794,577,false],"newsever-medium":["https:\/\/novosaopaulo.com.br\/n1\/wp-content\/uploads\/2026\/01\/Captura-de-tela-2026-01-23-140245-720x475.jpg",720,475,true]},"author_info":{"display_name":"Reda\u00e7\u00e3o","author_link":"https:\/\/novosaopaulo.com.br\/n1\/author\/g5poa\/"},"category_info":"<a href=\"https:\/\/novosaopaulo.com.br\/n1\/category\/cidades\/\" rel=\"category tag\">Cidades<\/a>","tag_info":"Cidades","comment_count":"0","_links":{"self":[{"href":"https:\/\/novosaopaulo.com.br\/n1\/wp-json\/wp\/v2\/posts\/27640"}],"collection":[{"href":"https:\/\/novosaopaulo.com.br\/n1\/wp-json\/wp\/v2\/posts"}],"about":[{"href":"https:\/\/novosaopaulo.com.br\/n1\/wp-json\/wp\/v2\/types\/post"}],"author":[{"embeddable":true,"href":"https:\/\/novosaopaulo.com.br\/n1\/wp-json\/wp\/v2\/users\/1"}],"replies":[{"embeddable":true,"href":"https:\/\/novosaopaulo.com.br\/n1\/wp-json\/wp\/v2\/comments?post=27640"}],"version-history":[{"count":1,"href":"https:\/\/novosaopaulo.com.br\/n1\/wp-json\/wp\/v2\/posts\/27640\/revisions"}],"predecessor-version":[{"id":27642,"href":"https:\/\/novosaopaulo.com.br\/n1\/wp-json\/wp\/v2\/posts\/27640\/revisions\/27642"}],"wp:featuredmedia":[{"embeddable":true,"href":"https:\/\/novosaopaulo.com.br\/n1\/wp-json\/wp\/v2\/media\/27641"}],"wp:attachment":[{"href":"https:\/\/novosaopaulo.com.br\/n1\/wp-json\/wp\/v2\/media?parent=27640"}],"wp:term":[{"taxonomy":"category","embeddable":true,"href":"https:\/\/novosaopaulo.com.br\/n1\/wp-json\/wp\/v2\/categories?post=27640"},{"taxonomy":"post_tag","embeddable":true,"href":"https:\/\/novosaopaulo.com.br\/n1\/wp-json\/wp\/v2\/tags?post=27640"}],"curies":[{"name":"wp","href":"https:\/\/api.w.org\/{rel}","templated":true}]}}