{"id":27627,"date":"2026-01-23T19:29:19","date_gmt":"2026-01-23T22:29:19","guid":{"rendered":"https:\/\/novosaopaulo.com.br\/n1\/?p=27627"},"modified":"2026-01-23T19:29:20","modified_gmt":"2026-01-23T22:29:20","slug":"ultimos-ingressos-fabio-jr-retorna-ao-rio-de-janeiro-nos-dias-30-e-31-de-janeiro-com-dois-shows-imperdiveis","status":"publish","type":"post","link":"https:\/\/novosaopaulo.com.br\/n1\/ultimos-ingressos-fabio-jr-retorna-ao-rio-de-janeiro-nos-dias-30-e-31-de-janeiro-com-dois-shows-imperdiveis\/","title":{"rendered":"\u00daltimos ingressos: F\u00e1bio Jr. retorna ao Rio de Janeiro nos dias 30 e 31 de janeiro com dois shows imperd\u00edveis"},"content":{"rendered":"\n<p>Cantor promete emocionar f\u00e3s com cl\u00e1ssicos que marcaram gera\u00e7\u00f5es e traz grandes surpresas ao Vivo Rio<\/p>\n\n\n\n<p>F\u00e1bio Jr. retorna ao Rio de Janeiro nos dias 30 (sexta-feira) e 31 de janeiro (s\u00e1bado) com dois shows especiais no Vivo Rio. Esta \u00e9 a \u00faltima oportunidade para come\u00e7ar 2026 acompanhando de perto o show do cantor direto da cidade maravilhosa!<br>A turn\u00ea \u201cBem Mais Que os Meus 20 e Poucos Anos\u201d est\u00e1 percorrendo o pa\u00eds e revisita os maiores sucessos de sua carreira, em um espet\u00e1culo cheio de emo\u00e7\u00e3o e nostalgia.<br>Ap\u00f3s apresenta\u00e7\u00f5es recentes no Qualistage, F\u00e1bio Jr. volta ao Rio para brindar os f\u00e3s cariocas com momentos \u00fanicos. O p\u00fablico poder\u00e1 reviver cl\u00e1ssicos como \u201cAlma G\u00eamea\u201d, \u201cS\u00f3 Voc\u00ea\u201d, \u201cCa\u00e7a e Ca\u00e7ador\u201d e \u201cPai\u201d. Cada m\u00fasica atravessa gera\u00e7\u00f5es e celebra a trajet\u00f3ria do artista.<br>\u201cCome\u00e7ar o ano no Rio de Janeiro \u00e9 bom demais! Tenho certeza que vai ser legal pra caramba!\u201d, destaca F\u00e1bio Jr.<br>O espet\u00e1culo \u00e9 elegante, grandioso e cheio de surpresas. A proposta \u00e9 conduzir os f\u00e3s por uma experi\u00eancia intensa e nost\u00e1lgica, celebrando o amor, a vida e as hist\u00f3rias que eternizaram a carreira do cantor, compositor, ator e apresentador.<br>\u201cA energia do Rio de Janeiro \u00e9 incr\u00edvel! A gente t\u00e1 sempre l\u00e1, e at\u00e9 me sinto um pouquinho carioca n\u00e9? (risos) J\u00e1 t\u00f4 ansioso e esperando todo mundo l\u00e1! Brigaduuu!\u201d, acrescenta o cantor.<br>Os ingressos j\u00e1 est\u00e3o dispon\u00edveis no site oficial de vendas, garantindo aos f\u00e3s a chance de come\u00e7ar 2026 ao som de F\u00e1bio Jr.<br>SERVI\u00c7O &#8211; F\u00e1bio Jr. \u201cBem Mais Que Os Meus 20 e Poucos Anos\u201d<\/p>\n\n\n\n<p>Data: 30 e 31 de janeiro (sexta-feira e s\u00e1bado)<br>Abertura dos port\u00f5es: 19h<br>In\u00edcio previsto de in\u00edcio do show: 21h<br>Local: Vivo Rio &#8211; Av. Infante Dom Henrique, 85 &#8211; Gl\u00f3ria &#8211; Rio de Janeiro &#8211; RJ<br>Onde comprar: Site oficial de vendas<\/p>\n\n\n\n<p>SOBRE F\u00c1BIO JR.<\/p>\n\n\n\n<p>Cantor, compositor e ator, F\u00e1bio Jr. \u00e9 consagrado por todo pa\u00eds por sua versatilidade. Rom\u00e2ntico e dono de uma voz singular, o astro possui mais de 30 trabalhos em sua discografia e d\u00e1 tom a can\u00e7\u00f5es que marcam hist\u00f3rias e atravessam gera\u00e7\u00f5es.<\/p>\n\n\n\n<p>Considerado um dos principais nomes da m\u00fasica nacional de todos os tempos, F\u00e1bio Jr. nasceu em S\u00e3o Paulo e ainda menino come\u00e7ou a dar os primeiros passos da carreira em programas infantis. Na d\u00e9cada de 70, arriscou o mercado musical daquela \u00e9poca, no qual cantores brasileiros cantavam em ingl\u00eas e tinham nomes estrangeiros. Em 1974, lan\u00e7ou um disco e conseguiu emplacar uma de suas m\u00fasicas. No ano de 1976, come\u00e7ou a trabalhar como ator, dois anos depois sua conhecida m\u00fasica &#8220;Pai&#8221; foi escolhida tema de abertura de novela. Desde ent\u00e3o, F\u00e1bio Jr. tem registrado sua marca emplacando v\u00e1rios hits em diversas novelas, a exemplo de \u201cAlma G\u00eamea\u201d no folhetim hom\u00f4nimo, \u201cS\u00f3 Voc\u00ea\u201d em Por Amor, \u201cEsque\u00e7a \u2013 Forget Him\u201d (A Viagem), \u201cVida\u201d (Top Model), \u201cF\u00eamea\u201d (Perigosas Peruas), \u201cEu Nunca Estive T\u00e3o Apaixonado\u201d (Explode Cora\u00e7\u00e3o) e \u201cEnrosca\u201d (Imp\u00e9rio).<\/p>\n\n\n\n<p>Sucessos ao longo da carreira n\u00e3o faltam! \u201cSenta Aqui\u201d, \u201cFelicidade\u201d, \u201cCa\u00e7a e Ca\u00e7ador\u201d e \u201c20 e Poucos Anos\u201d s\u00e3o apenas algumas das can\u00e7\u00f5es consagradas que fazem parte da trajet\u00f3ria de F\u00e1bio Jr. \u2013 um artista completo e apaixonado pelo que faz. Com um carisma inigual\u00e1vel e uma carreira brilhante, ele segue encantando e emocionando o p\u00fablico na vida e nos palco com sua musicalidade.<\/p>\n","protected":false},"excerpt":{"rendered":"<p>Cantor promete emocionar f\u00e3s com cl\u00e1ssicos que marcaram gera\u00e7\u00f5es e traz grandes surpresas ao Vivo&#8230;<\/p>\n","protected":false},"author":1,"featured_media":27628,"comment_status":"open","ping_status":"open","sticky":false,"template":"","format":"standard","meta":{"footnotes":""},"categories":[2],"tags":[],"featured_image_urls":{"full":["https:\/\/novosaopaulo.com.br\/n1\/wp-content\/uploads\/2026\/01\/WhatsApp-Image-2026-01-23-at-11.32.48.jpeg",1000,835,false],"thumbnail":["https:\/\/novosaopaulo.com.br\/n1\/wp-content\/uploads\/2026\/01\/WhatsApp-Image-2026-01-23-at-11.32.48-150x150.jpeg",150,150,true],"medium":["https:\/\/novosaopaulo.com.br\/n1\/wp-content\/uploads\/2026\/01\/WhatsApp-Image-2026-01-23-at-11.32.48-300x251.jpeg",300,251,true],"medium_large":["https:\/\/novosaopaulo.com.br\/n1\/wp-content\/uploads\/2026\/01\/WhatsApp-Image-2026-01-23-at-11.32.48-768x641.jpeg",640,534,true],"large":["https:\/\/novosaopaulo.com.br\/n1\/wp-content\/uploads\/2026\/01\/WhatsApp-Image-2026-01-23-at-11.32.48.jpeg",640,534,false],"1536x1536":["https:\/\/novosaopaulo.com.br\/n1\/wp-content\/uploads\/2026\/01\/WhatsApp-Image-2026-01-23-at-11.32.48.jpeg",1000,835,false],"2048x2048":["https:\/\/novosaopaulo.com.br\/n1\/wp-content\/uploads\/2026\/01\/WhatsApp-Image-2026-01-23-at-11.32.48.jpeg",1000,835,false],"newsever-slider-full":["https:\/\/novosaopaulo.com.br\/n1\/wp-content\/uploads\/2026\/01\/WhatsApp-Image-2026-01-23-at-11.32.48.jpeg",1000,835,false],"newsever-featured":["https:\/\/novosaopaulo.com.br\/n1\/wp-content\/uploads\/2026\/01\/WhatsApp-Image-2026-01-23-at-11.32.48.jpeg",1000,835,false],"newsever-medium":["https:\/\/novosaopaulo.com.br\/n1\/wp-content\/uploads\/2026\/01\/WhatsApp-Image-2026-01-23-at-11.32.48-720x475.jpeg",720,475,true]},"author_info":{"display_name":"Reda\u00e7\u00e3o","author_link":"https:\/\/novosaopaulo.com.br\/n1\/author\/g5poa\/"},"category_info":"<a href=\"https:\/\/novosaopaulo.com.br\/n1\/category\/cidades\/\" rel=\"category tag\">Cidades<\/a>","tag_info":"Cidades","comment_count":"0","_links":{"self":[{"href":"https:\/\/novosaopaulo.com.br\/n1\/wp-json\/wp\/v2\/posts\/27627"}],"collection":[{"href":"https:\/\/novosaopaulo.com.br\/n1\/wp-json\/wp\/v2\/posts"}],"about":[{"href":"https:\/\/novosaopaulo.com.br\/n1\/wp-json\/wp\/v2\/types\/post"}],"author":[{"embeddable":true,"href":"https:\/\/novosaopaulo.com.br\/n1\/wp-json\/wp\/v2\/users\/1"}],"replies":[{"embeddable":true,"href":"https:\/\/novosaopaulo.com.br\/n1\/wp-json\/wp\/v2\/comments?post=27627"}],"version-history":[{"count":1,"href":"https:\/\/novosaopaulo.com.br\/n1\/wp-json\/wp\/v2\/posts\/27627\/revisions"}],"predecessor-version":[{"id":27629,"href":"https:\/\/novosaopaulo.com.br\/n1\/wp-json\/wp\/v2\/posts\/27627\/revisions\/27629"}],"wp:featuredmedia":[{"embeddable":true,"href":"https:\/\/novosaopaulo.com.br\/n1\/wp-json\/wp\/v2\/media\/27628"}],"wp:attachment":[{"href":"https:\/\/novosaopaulo.com.br\/n1\/wp-json\/wp\/v2\/media?parent=27627"}],"wp:term":[{"taxonomy":"category","embeddable":true,"href":"https:\/\/novosaopaulo.com.br\/n1\/wp-json\/wp\/v2\/categories?post=27627"},{"taxonomy":"post_tag","embeddable":true,"href":"https:\/\/novosaopaulo.com.br\/n1\/wp-json\/wp\/v2\/tags?post=27627"}],"curies":[{"name":"wp","href":"https:\/\/api.w.org\/{rel}","templated":true}]}}