{"id":27619,"date":"2026-01-22T17:22:58","date_gmt":"2026-01-22T20:22:58","guid":{"rendered":"https:\/\/novosaopaulo.com.br\/n1\/?p=27619"},"modified":"2026-01-22T17:26:19","modified_gmt":"2026-01-22T20:26:19","slug":"bloco-alegria-da-republica-homenageia-o-jornalista-oscar-muller-no-carnaval-2026","status":"publish","type":"post","link":"https:\/\/novosaopaulo.com.br\/n1\/bloco-alegria-da-republica-homenageia-o-jornalista-oscar-muller-no-carnaval-2026\/","title":{"rendered":"Bloco Alegria da Rep\u00fablica homenageia o jornalista Oscar M\u00fcller no Carnaval 2026"},"content":{"rendered":"\n<p>O Carnaval de 2026 contar\u00e1 com uma homenagem especial ao jornalista Oscar M\u00fcller, que ser\u00e1 o grande homenageado do Bloco Alegria da Rep\u00fablica. A trajet\u00f3ria e a contribui\u00e7\u00e3o do profissional para o jornalismo inspiram o samba-enredo do bloco no pr\u00f3ximo desfile, que promete levar \u00e0s ruas uma celebra\u00e7\u00e3o marcada por mem\u00f3ria, alegria e reconhecimento cultural.<\/p>\n\n\n\n<p>A homenagem ganha ainda mais destaque com o lan\u00e7amento de camisetas exclusivas desenvolvidas especialmente para a ocasi\u00e3o. A iniciativa \u00e9 fruto de uma parceria entre a Revista MaisBonita e o Bloco Alegria da Rep\u00fablica, que apresentam pe\u00e7as com identidade visual pr\u00f3pria, celebrando o tema do Carnaval 2026. Tamb\u00e9m ser\u00e1 disponibilizado um combo especial reunindo as duas camisetas, voltado ao p\u00fablico que deseja vivenciar a festa de forma completa.<\/p>\n\n\n\n<p>A a\u00e7\u00e3o refor\u00e7a a conex\u00e3o entre cultura, jornalismo e carnaval, elementos que se encontram na proposta do bloco, conhecido por valorizar personalidades e hist\u00f3rias que contribuem para a identidade cultural brasileira. A expectativa \u00e9 que a homenagem a Oscar M\u00fcller fortale\u00e7a ainda mais o di\u00e1logo entre a imprensa, o samba e a ocupa\u00e7\u00e3o festiva do espa\u00e7o urbano durante o Carnaval.<\/p>\n\n\n\n<p>O desfile ser\u00e1 pelas ruas do Centro do Rio de Janeiro no dia 21 de fevereiro \u00e0 partir das 14 hs<\/p>\n\n\n\n<p>Letra samba enredo:<br><\/p>\n\n\n\n<p>Bloco Carnavalesco<br>Alegria da Rep\u00fablica<br>Na Terra da Alegria a Cotia Apresenta: Oscar Muller, o Rei do Rio<br>Compositores: T\u00falio Rabelo e William Ferreira<\/p>\n\n\n\n<p>Pedimos passagem<br>Oh que esplendor<br>A Revista &#8220;Mais Bonita&#8221; E na R\u00e1dio<br>O &#8220;Momento de Amor&#8221;<\/p>\n\n\n\n<p>Vem meu povo<br>Pode aplaudir<br>O Rei do Rio. Bis<br>Est\u00e1 aqui<\/p>\n\n\n\n<p>Viva a arte\u2026 E brilha<br>Patrono da inclus\u00e3o e locutor<br>\u00daltima Hora, no jornalismo digital<br>Propaga os atos do grande Comendador<\/p>\n\n\n\n<p>Na terra da Alegria<br>Em alto astral. Bis<br>Oscar Muller e a Cotia<br>No carnaval<\/p>\n","protected":false},"excerpt":{"rendered":"<p>O Carnaval de 2026 contar\u00e1 com uma homenagem especial ao jornalista Oscar M\u00fcller, que ser\u00e1&#8230;<\/p>\n","protected":false},"author":1,"featured_media":27620,"comment_status":"open","ping_status":"open","sticky":false,"template":"","format":"standard","meta":{"footnotes":""},"categories":[2],"tags":[],"featured_image_urls":{"full":["https:\/\/novosaopaulo.com.br\/n1\/wp-content\/uploads\/2026\/01\/WhatsApp-Image-2026-01-22-at-16.12.53.jpeg",972,1315,false],"thumbnail":["https:\/\/novosaopaulo.com.br\/n1\/wp-content\/uploads\/2026\/01\/WhatsApp-Image-2026-01-22-at-16.12.53-150x150.jpeg",150,150,true],"medium":["https:\/\/novosaopaulo.com.br\/n1\/wp-content\/uploads\/2026\/01\/WhatsApp-Image-2026-01-22-at-16.12.53-222x300.jpeg",222,300,true],"medium_large":["https:\/\/novosaopaulo.com.br\/n1\/wp-content\/uploads\/2026\/01\/WhatsApp-Image-2026-01-22-at-16.12.53-768x1039.jpeg",640,866,true],"large":["https:\/\/novosaopaulo.com.br\/n1\/wp-content\/uploads\/2026\/01\/WhatsApp-Image-2026-01-22-at-16.12.53-757x1024.jpeg",640,866,true],"1536x1536":["https:\/\/novosaopaulo.com.br\/n1\/wp-content\/uploads\/2026\/01\/WhatsApp-Image-2026-01-22-at-16.12.53.jpeg",972,1315,false],"2048x2048":["https:\/\/novosaopaulo.com.br\/n1\/wp-content\/uploads\/2026\/01\/WhatsApp-Image-2026-01-22-at-16.12.53.jpeg",972,1315,false],"newsever-slider-full":["https:\/\/novosaopaulo.com.br\/n1\/wp-content\/uploads\/2026\/01\/WhatsApp-Image-2026-01-22-at-16.12.53-972x845.jpeg",972,845,true],"newsever-featured":["https:\/\/novosaopaulo.com.br\/n1\/wp-content\/uploads\/2026\/01\/WhatsApp-Image-2026-01-22-at-16.12.53.jpeg",972,1315,false],"newsever-medium":["https:\/\/novosaopaulo.com.br\/n1\/wp-content\/uploads\/2026\/01\/WhatsApp-Image-2026-01-22-at-16.12.53-720x475.jpeg",720,475,true]},"author_info":{"display_name":"Reda\u00e7\u00e3o","author_link":"https:\/\/novosaopaulo.com.br\/n1\/author\/g5poa\/"},"category_info":"<a href=\"https:\/\/novosaopaulo.com.br\/n1\/category\/cidades\/\" rel=\"category tag\">Cidades<\/a>","tag_info":"Cidades","comment_count":"0","_links":{"self":[{"href":"https:\/\/novosaopaulo.com.br\/n1\/wp-json\/wp\/v2\/posts\/27619"}],"collection":[{"href":"https:\/\/novosaopaulo.com.br\/n1\/wp-json\/wp\/v2\/posts"}],"about":[{"href":"https:\/\/novosaopaulo.com.br\/n1\/wp-json\/wp\/v2\/types\/post"}],"author":[{"embeddable":true,"href":"https:\/\/novosaopaulo.com.br\/n1\/wp-json\/wp\/v2\/users\/1"}],"replies":[{"embeddable":true,"href":"https:\/\/novosaopaulo.com.br\/n1\/wp-json\/wp\/v2\/comments?post=27619"}],"version-history":[{"count":2,"href":"https:\/\/novosaopaulo.com.br\/n1\/wp-json\/wp\/v2\/posts\/27619\/revisions"}],"predecessor-version":[{"id":27626,"href":"https:\/\/novosaopaulo.com.br\/n1\/wp-json\/wp\/v2\/posts\/27619\/revisions\/27626"}],"wp:featuredmedia":[{"embeddable":true,"href":"https:\/\/novosaopaulo.com.br\/n1\/wp-json\/wp\/v2\/media\/27620"}],"wp:attachment":[{"href":"https:\/\/novosaopaulo.com.br\/n1\/wp-json\/wp\/v2\/media?parent=27619"}],"wp:term":[{"taxonomy":"category","embeddable":true,"href":"https:\/\/novosaopaulo.com.br\/n1\/wp-json\/wp\/v2\/categories?post=27619"},{"taxonomy":"post_tag","embeddable":true,"href":"https:\/\/novosaopaulo.com.br\/n1\/wp-json\/wp\/v2\/tags?post=27619"}],"curies":[{"name":"wp","href":"https:\/\/api.w.org\/{rel}","templated":true}]}}