{"id":27587,"date":"2026-01-19T18:22:04","date_gmt":"2026-01-19T21:22:04","guid":{"rendered":"https:\/\/novosaopaulo.com.br\/n1\/?p=27587"},"modified":"2026-01-19T18:22:04","modified_gmt":"2026-01-19T21:22:04","slug":"a-guerra-no-preparo-das-eleicoes","status":"publish","type":"post","link":"https:\/\/novosaopaulo.com.br\/n1\/a-guerra-no-preparo-das-eleicoes\/","title":{"rendered":"A \u201cguerra\u201d no preparo das elei\u00e7\u00f5es"},"content":{"rendered":"\n<pre class=\"wp-block-code\"><code>   O ano come\u00e7a agitado e, at\u00e9, amea\u00e7ador. Al\u00e9m de diferentes conflitos b\u00e9licos em diferentes pontos do planeta, temos aqui no quintal da Am\u00e9rica do Sul, os ataques dos Estados Unidos \u00e0 Venezuela, que insistem em depor o presidente Nicol\u00e1s Maduro e cujos desdobramentos ainda poder\u00e3o avan\u00e7ar sobre territ\u00f3rio brasileiro, principalmente se o presidente Lula insistir em fazer algo em defesa do seu colega e aliado venezuelano. Mas, n\u00e3o precisamos de desaven\u00e7as internacionais para manter o Brasil de cabe\u00e7a quente. As diverg\u00eancias entre os Tr\u00eas Poderes \u2013 Legislativo, Executivo e Judici\u00e1rio - s\u00e3o suficientes para preocupar a todos n\u00f3s e, principalmente, lan\u00e7ar incerteza sobre nosso futuro pol\u00edtico.\n\n                  A fervura pol\u00edtica vem desde o impeachment da presidente Dilma Rousseff (2016) e a pris\u00e3o do ent\u00e3o ex-presidente Lula (2018) e a radicaliza\u00e7\u00e3o que  envolveu Jair Bolsonaro a partir de sua elei\u00e7\u00e3o.  Esquerdistas, al\u00e9m de defender seu l\u00edder, partiram para o ataque \u00e0 direita e chegou ao ponto em que hoje nos encontramos. Bolsonaro e membros do seu governo encarcerados para cumprir elevadas penas, acusados de tentativa de golpe de Estado em 8 de janeiro de 2023. A palavra golpe vem povoando a cr\u00f4nica pol\u00edtica brasileira  desde o afastamento de Dilma, cujo processo seguiu rito normal, mas foi apelidado de \u201cgolpe\u201d por seus seguidores, que assim tamb\u00e9m classificaram a pris\u00e3o de Lula.\n\n                  Hoje temos Lula no governo adotando medidas populistas na tentativa de viabilizar-se e eleger-se para o quarto mandato presidencial nas elei\u00e7\u00f5es de outubro pr\u00f3ximo. Bolsonaro, impedido de participar da corrida, abdicou em favor do filho, senador Fl\u00e1vio Bolsonaro. Os institutos de pesquisas sobre prefer\u00eancia e possibilidade eleitoral divergem, uns atribuindo possibilidade de vit\u00f3ria a Lula e outros ao Bolsonaro da nova gera\u00e7\u00e3o. O Congresso Nacional  se agita com a possibilidade de tramita\u00e7\u00e3o do projeto de anistia aos envolvidos em 8 de janeiro (que o governo faz tudo para impedir o andamento) e outras medidas que, adotadas,  poder\u00e3o oxigenar a pol\u00edtica nacional.  A CPMI do roubo no INSS agita os congressistas e pode suspender o recesso de virada do ano. No Supremo Tribunal Federal os humores tamb\u00e9m s\u00e3o \u00e1cidos, envolvendo v\u00e1rios ministros e levando outros a preparar a liquida\u00e7\u00e3o do Banco e aposentadoria precoce. Tamb\u00e9m \u00e9 combust\u00edvel para a grande fogueira pol\u00edtica desse come\u00e7o de 2026, a liquida\u00e7\u00e3o do Banco Master \u2013 acusado de rombo milion\u00e1rio no sistema financeiro e as rela\u00e7\u00f5es do seu controlador com autoridades dos Tr\u00eas Poderes.\n\n                  Independente da vontade dos cidad\u00e3os, vivemos um Brasil de pol\u00edtica agitada. Figur\u00f5es denunciados (alguns condenados) por crimes que teriam cometido, segundo as den\u00fancias de seus advers\u00e1rios. \u00c9 nesse clima que estamos entrando no per\u00edodo em que come\u00e7ar\u00e3o a vencer os prazos do calend\u00e1rio eleitoral que conduzir\u00e1 a Na\u00e7\u00e3o a eleger (ou ainda reeleger pela \u00faltima vez) o presidente da Rep\u00fablica, os governadores dos Estados e do Distrito Federal, senadores e deputados federais e estaduais. Bom seria que cada um dos milhares de candidatos a esses postos tivesse a tranquilidade de fazer sua campanha e apresentar ao povo suas propostas de trabalho, sem a necessidade de empregar seu tempo na defesa de acusa\u00e7\u00f5es sofridas no embate da polariza\u00e7\u00e3o.\n\n                  Esperamos, sinceramente, que as brigas cessem e os pretendentes a posto eletivo possam levar sua mensagem ao eleitor. Se os Tr\u00eas Poderes tiverem condi\u00e7\u00e3o de diminuir o inc\u00eandio institucional que toma conta do Pa\u00eds, ser\u00e1 bom para todos. E as \u2018d\u00edvidas' que o candidato t\u00eam no cart\u00f3rio, poderiam ser cobradas depois das elei\u00e7\u00f5es.\n\n\n\n                  J\u00e1 passamos Natal e Ano Novo. Agora, a pr\u00f3xima festa popular brasileira ser\u00e1 o Carnaval que, neste ano, ocorrer\u00e1 de 14 a 17 de fevereiro. Que se cumpra o dito popular de que o ano s\u00f3 come\u00e7a depois do Carnaval e, a partir de ent\u00e3o, cessem as contendas, os candidatos possam transmitir suas mensagens e o eleitor seja bem informado e esteja capacitado para escolher os melhores. Se ocorrer, o comportamento poder\u00e1 ser qualificado, at\u00e9, como patri\u00f3tico...<\/code><\/pre>\n\n\n\n<p>Tenente Dirceu Cardoso Gon\u00e7alves &#8211; dirigente da ASPOMIL (Associa\u00e7\u00e3o de Assist. Social dos Policiais Militares de S\u00e3o Paulo).<\/p>\n","protected":false},"excerpt":{"rendered":"<p>Tenente Dirceu Cardoso Gon\u00e7alves &#8211; dirigente da ASPOMIL (Associa\u00e7\u00e3o de Assist. Social dos Policiais Militares&#8230;<\/p>\n","protected":false},"author":1,"featured_media":23327,"comment_status":"open","ping_status":"open","sticky":false,"template":"","format":"standard","meta":{"footnotes":""},"categories":[2],"tags":[],"featured_image_urls":{"full":["https:\/\/novosaopaulo.com.br\/n1\/wp-content\/uploads\/2025\/04\/Tenente-Dirceu-Cardoso-Goncalves.jpg",600,564,false],"thumbnail":["https:\/\/novosaopaulo.com.br\/n1\/wp-content\/uploads\/2025\/04\/Tenente-Dirceu-Cardoso-Goncalves-150x150.jpg",150,150,true],"medium":["https:\/\/novosaopaulo.com.br\/n1\/wp-content\/uploads\/2025\/04\/Tenente-Dirceu-Cardoso-Goncalves-300x282.jpg",300,282,true],"medium_large":["https:\/\/novosaopaulo.com.br\/n1\/wp-content\/uploads\/2025\/04\/Tenente-Dirceu-Cardoso-Goncalves.jpg",600,564,false],"large":["https:\/\/novosaopaulo.com.br\/n1\/wp-content\/uploads\/2025\/04\/Tenente-Dirceu-Cardoso-Goncalves.jpg",600,564,false],"1536x1536":["https:\/\/novosaopaulo.com.br\/n1\/wp-content\/uploads\/2025\/04\/Tenente-Dirceu-Cardoso-Goncalves.jpg",600,564,false],"2048x2048":["https:\/\/novosaopaulo.com.br\/n1\/wp-content\/uploads\/2025\/04\/Tenente-Dirceu-Cardoso-Goncalves.jpg",600,564,false],"newsever-slider-full":["https:\/\/novosaopaulo.com.br\/n1\/wp-content\/uploads\/2025\/04\/Tenente-Dirceu-Cardoso-Goncalves.jpg",600,564,false],"newsever-featured":["https:\/\/novosaopaulo.com.br\/n1\/wp-content\/uploads\/2025\/04\/Tenente-Dirceu-Cardoso-Goncalves.jpg",600,564,false],"newsever-medium":["https:\/\/novosaopaulo.com.br\/n1\/wp-content\/uploads\/2025\/04\/Tenente-Dirceu-Cardoso-Goncalves-600x475.jpg",600,475,true]},"author_info":{"display_name":"Reda\u00e7\u00e3o","author_link":"https:\/\/novosaopaulo.com.br\/n1\/author\/g5poa\/"},"category_info":"<a href=\"https:\/\/novosaopaulo.com.br\/n1\/category\/cidades\/\" rel=\"category tag\">Cidades<\/a>","tag_info":"Cidades","comment_count":"0","_links":{"self":[{"href":"https:\/\/novosaopaulo.com.br\/n1\/wp-json\/wp\/v2\/posts\/27587"}],"collection":[{"href":"https:\/\/novosaopaulo.com.br\/n1\/wp-json\/wp\/v2\/posts"}],"about":[{"href":"https:\/\/novosaopaulo.com.br\/n1\/wp-json\/wp\/v2\/types\/post"}],"author":[{"embeddable":true,"href":"https:\/\/novosaopaulo.com.br\/n1\/wp-json\/wp\/v2\/users\/1"}],"replies":[{"embeddable":true,"href":"https:\/\/novosaopaulo.com.br\/n1\/wp-json\/wp\/v2\/comments?post=27587"}],"version-history":[{"count":1,"href":"https:\/\/novosaopaulo.com.br\/n1\/wp-json\/wp\/v2\/posts\/27587\/revisions"}],"predecessor-version":[{"id":27588,"href":"https:\/\/novosaopaulo.com.br\/n1\/wp-json\/wp\/v2\/posts\/27587\/revisions\/27588"}],"wp:featuredmedia":[{"embeddable":true,"href":"https:\/\/novosaopaulo.com.br\/n1\/wp-json\/wp\/v2\/media\/23327"}],"wp:attachment":[{"href":"https:\/\/novosaopaulo.com.br\/n1\/wp-json\/wp\/v2\/media?parent=27587"}],"wp:term":[{"taxonomy":"category","embeddable":true,"href":"https:\/\/novosaopaulo.com.br\/n1\/wp-json\/wp\/v2\/categories?post=27587"},{"taxonomy":"post_tag","embeddable":true,"href":"https:\/\/novosaopaulo.com.br\/n1\/wp-json\/wp\/v2\/tags?post=27587"}],"curies":[{"name":"wp","href":"https:\/\/api.w.org\/{rel}","templated":true}]}}