{"id":27581,"date":"2026-01-19T18:20:42","date_gmt":"2026-01-19T21:20:42","guid":{"rendered":"https:\/\/novosaopaulo.com.br\/n1\/?p=27581"},"modified":"2026-01-19T18:20:43","modified_gmt":"2026-01-19T21:20:43","slug":"provao-paulista-governo-de-sao-paulo-divulga-1a-chamada-para-turmas-de-2026","status":"publish","type":"post","link":"https:\/\/novosaopaulo.com.br\/n1\/provao-paulista-governo-de-sao-paulo-divulga-1a-chamada-para-turmas-de-2026\/","title":{"rendered":"Prov\u00e3o Paulista: Governo de S\u00e3o Paulo divulga 1\u00aa chamada para turmas de 2026"},"content":{"rendered":"\n<p>Matr\u00edculas na USP, Unesp, Unicamp e Fatecs devem ser feitas nesta ter\u00e7a (20) e quarta-feira (21)<\/p>\n\n\n\n<p>Estudantes que conclu\u00edram o Ensino M\u00e9dio na rede p\u00fablica em 2025 j\u00e1 podem conferir o resultado do Prov\u00e3o Paulista Seriado. As matr\u00edculas dos aprovados na primeira chamada devem ser feitas entre esta ter\u00e7a-feira (20) e quarta-feira (21) na USP (Universidade de S\u00e3o Paulo), Unesp (Universidade Estadual Paulista), Unicamp (Universidade Estadual de Campinas) e Fatecs (Faculdades de Tecnologia do Estado de S\u00e3o Paulo).<\/p>\n\n\n\n<p>Os candidatos matriculados na 3\u00aa s\u00e9rie do Ensino M\u00e9dio das redes p\u00fablicas no ano passado ou na Educa\u00e7\u00e3o de Jovens e Adultos devem consultar o resultado no portal do Prov\u00e3o, o https:\/\/provaopaulistaseriado.vunesp.com.br\/.<\/p>\n\n\n\n<p>As instru\u00e7\u00f5es para matr\u00edculas em cada uma das universidades e faculdades tamb\u00e9m est\u00e3o dispon\u00edveis no portal do Prov\u00e3o.<\/p>\n\n\n\n<p>Para este ano, s\u00e3o mais de 15 mil vagas do Prov\u00e3o Paulista para as universidades e faculdades paulistas. Parte das vagas s\u00e3o destinadas para as turmas que t\u00eam in\u00edcio no segundo semestre, tanto nas Fatecs, como tamb\u00e9m na Univesp (Universidade Virtual do Estado de S\u00e3o Paulo).<\/p>\n\n\n\n<p>As vagas n\u00e3o preenchidas ser\u00e3o disponibilizadas na segunda chamada, na pr\u00f3xima segunda-feira (26).<\/p>\n\n\n\n<p>Confira as datas das pr\u00f3ximas etapas do Prov\u00e3o Paulista:<\/p>\n\n\n\n<p>19 de janeiro: Divulga\u00e7\u00e3o do resultado final e da 1\u00aa chamada para todas as institui\u00e7\u00f5es (USP, Unicamp, Unesp, Fatecs e Univesp)<br>20 e 21 de janeiro: Per\u00edodo de matr\u00edcula para os convocados na 1\u00aa chamada<br>26 de janeiro: Divulga\u00e7\u00e3o da 2\u00aa chamada<br>27 e 28 de janeiro: Per\u00edodo de matr\u00edcula para os convocados na 2\u00aa chamada<br>2 de fevereiro: Divulga\u00e7\u00e3o da 3\u00aa chamada<br>3 e 4 de fevereiro: Per\u00edodo de matr\u00edcula para os convocados na 3\u00aa chamada<\/p>\n\n\n\n<p>Passo a passo para as matr\u00edculas:<\/p>\n\n\n\n<p>Confira, abaixo, datas e informa\u00e7\u00f5es sobre as matr\u00edculas em cada institui\u00e7\u00e3o de ensino. Estudantes que n\u00e3o se matricularem dentro do prazo perdem direito \u00e0 vaga, que \u00e9 direcionada para outros alunos aprovados na chamada seguinte.<\/p>\n\n\n\n<p>Datas de matr\u00edcula<\/p>\n\n\n\n<p>Da 1\u00aa lista de chamada, divulgada no dia 19 de janeiro: 20 a 22 de janeiro de 2026<br>Da 2\u00aa lista de chamada, divulgada no dia 26 de janeiro: 27 a 29 de janeiro de 2026<br>Da 3\u00aa lista de chamada, divulgada no dia 2 de fevereiro: 3 a 5 de fevereiro de 2026<\/p>\n\n\n\n<p>USP<\/p>\n\n\n\n<p>Os candidatos s\u00e3o convocados por chamadas, conforme cronograma oficial divulgado do Prov\u00e3o Paulista. A matr\u00edcula \u00e9 obrigatoriamente feita em duas etapas virtuais, por meio do portal: https:\/\/uspdigital.usp.br\/jupiterweb\/graduacaoMatriculaIngressante<\/p>\n\n\n\n<p>Pr\u00e9-matr\u00edcula<br>Efetiva\u00e7\u00e3o da matr\u00edcula<br>As duas etapas s\u00f3 s\u00e3o conclu\u00eddas ap\u00f3s a valida\u00e7\u00e3o dos documentos pela USP. Quem n\u00e3o cumprir qualquer etapa, n\u00e3o enviar a documenta\u00e7\u00e3o ou perder os prazos perde o direito \u00e0 vaga.<\/p>\n\n\n\n<p>Certificado de conclus\u00e3o de curso do Ensino M\u00e9dio.<br>Documento de identidade oficial com foto.<br>Uma fotografia recente, com menos de um ano, n\u00edtida, individual, colorida, com fundo branco, que enquadre desde a cabe\u00e7a at\u00e9 os ombros, de rosto inteiro, sem o uso de \u00f3culos escuros e artigos de chapelaria como bon\u00e9, chap\u00e9u, viseira, gorro ou similares.<br>Autodeclara\u00e7\u00e3o de ra\u00e7a, no caso de candidatos que se declararam pretos, pardos ou ind\u00edgenas (PPI) e que, no momento da inscri\u00e7\u00e3o expressamente, optaram por concorrer \u00e0s vagas PPI.<\/p>\n\n\n\n<p>Para saber mais sobre a matr\u00edcula na Universidade de S\u00e3o Paulo (USP), acesse o link e veja o passo a passo: https:\/\/leginf.usp.br\/resolucoes\/resolucao-cog-no-8872-de-22-de-outubro-de-2025\/<\/p>\n\n\n\n<p>Unesp<\/p>\n\n\n\n<p>Para conferir todas as informa\u00e7\u00f5es sobre o processo de matr\u00edcula na Universidade Estadual Paulista (Unesp) acesse o link para o v\u00eddeo com passo a passo: Tutorial para matr\u00edcula on-line na Unesp | Ingressantes 2024 &#8211; YouTube<\/p>\n\n\n\n<p>Unicamp<\/p>\n\n\n\n<p>Matr\u00edcula online<\/p>\n\n\n\n<p>A matr\u00edcula \u00e9 obrigatoriamente online, conforme calend\u00e1rio do Prov\u00e3o Paulista.<\/p>\n\n\n\n<p>https:\/\/provaopaulistaseriado.vunesp.com.br\/. O candidato deve acessar:<\/p>\n\n\n\n<p>https:\/\/www.comvest.unicamp.br \u2192 menu Ingresso \u2192 Prov\u00e3o Paulista.<\/p>\n\n\n\n<p>Documentos exigidos no ato da matr\u00edcula:<\/p>\n\n\n\n<p>Certificado ou diploma de conclus\u00e3o do Ensino M\u00e9dio<br>Hist\u00f3rico escolar completo do Ensino M\u00e9dio, cursado integralmente em escola p\u00fablica brasileira<br>Foto digital padr\u00e3o 3&#215;4<\/p>\n\n\n\n<p>A Unicamp pode solicitar documenta\u00e7\u00e3o complementar para verifica\u00e7\u00e3o de identidade, se necess\u00e1rio. Para saber mais sobre a matr\u00edcula na Universidade Estadual de Campinas (Unicamp), acesse o link e veja o passo a passo: Matricula Unicamp.pdf<\/p>\n\n\n\n<p>Fatecs<\/p>\n\n\n\n<p>Onde fazer: A matr\u00edcula \u00e9 realizada exclusivamente online, pelo site:<\/p>\n\n\n\n<figure class=\"wp-block-embed\"><div class=\"wp-block-embed__wrapper\">\nhttps:\/\/siga.cps.sp.gov.br\/matricula\/matricularemota.aspx\n<\/div><\/figure>\n\n\n\n<p>Como acessar: Informe CPF e data de nascimento e siga as instru\u00e7\u00f5es do sistema.<\/p>\n\n\n\n<p>Documentos obrigat\u00f3rios (upload no sistema):<\/p>\n\n\n\n<p>Os arquivos devem ser enviados em formato PDF, JPG, JPEG ou PNG:<\/p>\n\n\n\n<p>Certificado de conclus\u00e3o do Ensino M\u00e9dio<br>Hist\u00f3rico escolar do Ensino M\u00e9dio<br>Documento de identidade (RG ou CIN)<br>CPF<br>Foto 3&#215;4 recente<br>Certificado de quita\u00e7\u00e3o militar (para candidatos do sexo masculino, quando obrigat\u00f3rio)<\/p>\n","protected":false},"excerpt":{"rendered":"<p>Matr\u00edculas na USP, Unesp, Unicamp e Fatecs devem ser feitas nesta ter\u00e7a (20) e quarta-feira&#8230;<\/p>\n","protected":false},"author":1,"featured_media":27579,"comment_status":"open","ping_status":"open","sticky":false,"template":"","format":"standard","meta":{"footnotes":""},"categories":[2],"tags":[],"featured_image_urls":{"full":["https:\/\/novosaopaulo.com.br\/n1\/wp-content\/uploads\/2026\/01\/WhatsApp-Image-2026-01-19-at-17.08.59.jpeg",799,532,false],"thumbnail":["https:\/\/novosaopaulo.com.br\/n1\/wp-content\/uploads\/2026\/01\/WhatsApp-Image-2026-01-19-at-17.08.59-150x150.jpeg",150,150,true],"medium":["https:\/\/novosaopaulo.com.br\/n1\/wp-content\/uploads\/2026\/01\/WhatsApp-Image-2026-01-19-at-17.08.59-300x200.jpeg",300,200,true],"medium_large":["https:\/\/novosaopaulo.com.br\/n1\/wp-content\/uploads\/2026\/01\/WhatsApp-Image-2026-01-19-at-17.08.59-768x511.jpeg",640,426,true],"large":["https:\/\/novosaopaulo.com.br\/n1\/wp-content\/uploads\/2026\/01\/WhatsApp-Image-2026-01-19-at-17.08.59.jpeg",640,426,false],"1536x1536":["https:\/\/novosaopaulo.com.br\/n1\/wp-content\/uploads\/2026\/01\/WhatsApp-Image-2026-01-19-at-17.08.59.jpeg",799,532,false],"2048x2048":["https:\/\/novosaopaulo.com.br\/n1\/wp-content\/uploads\/2026\/01\/WhatsApp-Image-2026-01-19-at-17.08.59.jpeg",799,532,false],"newsever-slider-full":["https:\/\/novosaopaulo.com.br\/n1\/wp-content\/uploads\/2026\/01\/WhatsApp-Image-2026-01-19-at-17.08.59.jpeg",799,532,false],"newsever-featured":["https:\/\/novosaopaulo.com.br\/n1\/wp-content\/uploads\/2026\/01\/WhatsApp-Image-2026-01-19-at-17.08.59.jpeg",799,532,false],"newsever-medium":["https:\/\/novosaopaulo.com.br\/n1\/wp-content\/uploads\/2026\/01\/WhatsApp-Image-2026-01-19-at-17.08.59-720x475.jpeg",720,475,true]},"author_info":{"display_name":"Reda\u00e7\u00e3o","author_link":"https:\/\/novosaopaulo.com.br\/n1\/author\/g5poa\/"},"category_info":"<a href=\"https:\/\/novosaopaulo.com.br\/n1\/category\/cidades\/\" rel=\"category tag\">Cidades<\/a>","tag_info":"Cidades","comment_count":"0","_links":{"self":[{"href":"https:\/\/novosaopaulo.com.br\/n1\/wp-json\/wp\/v2\/posts\/27581"}],"collection":[{"href":"https:\/\/novosaopaulo.com.br\/n1\/wp-json\/wp\/v2\/posts"}],"about":[{"href":"https:\/\/novosaopaulo.com.br\/n1\/wp-json\/wp\/v2\/types\/post"}],"author":[{"embeddable":true,"href":"https:\/\/novosaopaulo.com.br\/n1\/wp-json\/wp\/v2\/users\/1"}],"replies":[{"embeddable":true,"href":"https:\/\/novosaopaulo.com.br\/n1\/wp-json\/wp\/v2\/comments?post=27581"}],"version-history":[{"count":1,"href":"https:\/\/novosaopaulo.com.br\/n1\/wp-json\/wp\/v2\/posts\/27581\/revisions"}],"predecessor-version":[{"id":27585,"href":"https:\/\/novosaopaulo.com.br\/n1\/wp-json\/wp\/v2\/posts\/27581\/revisions\/27585"}],"wp:featuredmedia":[{"embeddable":true,"href":"https:\/\/novosaopaulo.com.br\/n1\/wp-json\/wp\/v2\/media\/27579"}],"wp:attachment":[{"href":"https:\/\/novosaopaulo.com.br\/n1\/wp-json\/wp\/v2\/media?parent=27581"}],"wp:term":[{"taxonomy":"category","embeddable":true,"href":"https:\/\/novosaopaulo.com.br\/n1\/wp-json\/wp\/v2\/categories?post=27581"},{"taxonomy":"post_tag","embeddable":true,"href":"https:\/\/novosaopaulo.com.br\/n1\/wp-json\/wp\/v2\/tags?post=27581"}],"curies":[{"name":"wp","href":"https:\/\/api.w.org\/{rel}","templated":true}]}}