{"id":27573,"date":"2026-01-19T16:26:52","date_gmt":"2026-01-19T19:26:52","guid":{"rendered":"https:\/\/novosaopaulo.com.br\/n1\/?p=27573"},"modified":"2026-01-19T16:26:52","modified_gmt":"2026-01-19T19:26:52","slug":"mercosul-e-uniao-europeia-selam-a-maior-area-de-livre-comercio","status":"publish","type":"post","link":"https:\/\/novosaopaulo.com.br\/n1\/mercosul-e-uniao-europeia-selam-a-maior-area-de-livre-comercio\/","title":{"rendered":"Mercosul e Uni\u00e3o Europ\u00e9ia, selam a maior \u00e1rea de livre com\u00e9rcio"},"content":{"rendered":"\n<p>L\u00edderes da Uni\u00e3o Europeia e do Mercosul assinaram no s\u00e1bado (17), em Assun\u00e7\u00e3o, capital do Paraguai, acordo comercial ap\u00f3s mais de 25 anos de negocia\u00e7\u00f5es. O tratado cria a maior \u00e1rea de livre com\u00e9rcio do mundo, com integra\u00e7\u00e3o de mercados, redu\u00e7\u00e3o de tarifas e est\u00edmulo a investimentos.<\/p>\n\n\n\n<p>\u00b7 A cerim\u00f4nia reuniu chefes de Estado e autoridades dos dois blocos.<\/p>\n\n\n\n<p>\u00b7 O presidente Lula n\u00e3o participou do evento, mas foi citado por l\u00edderes como essencial para a conclus\u00e3o do acordo. Para entrar em vigor, o texto ainda precisa ser aprovado pelos parlamentos nacionais e pelo Europeu.<\/p>\n\n\n\n<p>Segundo dados da Comiss\u00e3o Europeia, o Brasil responde por mais de 82% de todas as importa\u00e7\u00f5es europeias originadas no Mercosul e por cerca de 79% das exporta\u00e7\u00f5es do bloco sul-americano destinadas ao velho continente.<\/p>\n\n\n\n<p>Apesar da aus\u00eancia, Lula foi citado por diferentes l\u00edderes durante a cerim\u00f4nia. O presidente do Paraguai, Santiago Pe\u00f1a, afirmou que o acordo s\u00f3 foi poss\u00edvel gra\u00e7as \u00e0 atua\u00e7\u00e3o do presidente brasileiro e que Lula foi um dos principais impulsionadores do processo. \u201cN\u00e3o posso deixar de mencionar o nome de um grande e querido, hoje infelizmente ausente, que sem ele n\u00e3o ter\u00edamos chegado a este acordo. O presidente Luiz In\u00e1cio Lula da Silva foi um dos respons\u00e1veis fundamentais no processo de negocia\u00e7\u00e3o do acordo\u201d, afirmou Pe\u00f1a .<\/p>\n\n\n\n<p>J\u00e1 a presidente da Comiss\u00e3o Europeia, Ursula von der Leyen, agradeceu publicamente a lideran\u00e7a do brasileiro, afirmando que seu comprometimento foi essencial para a conclus\u00e3o do tratado. Lula recebeu von der Leyen na sexta-feira (16), no Rio de Janeiro. Na ocasi\u00e3o, classificou a demora para concluir o acordo como \u201c25 anos de sofrimento e tentativa de acordo\u201d, reiterando que o tratado re\u00fane cerca de 720 milh\u00f5es de pessoas e um Produto Interno Bruto (PIB) de US$ 22 trilh\u00f5es (R$ 118,4 trilh\u00f5es).<\/p>\n\n\n\n<p>&#8220;Essa \u00e9 uma parceria baseada no multilateralismo&#8221;, afirmou, arrematando que &#8220;Esse acordo de parceria vai al\u00e9m da dimens\u00e3o econ\u00f4mica. A UE e o Mercosul compartilham valores como respeito \u00e0 democracia, ao Estado de Direito e aos direitos humanos. Mais di\u00e1logo pol\u00edtico e mais coopera\u00e7\u00e3o v\u00e3o garantir padr\u00f5es elevados aos direitos trabalhistas e \u00e0 defesa do meio ambiente&#8221;, finalizou.<\/p>\n\n\n\n<p>O Mercosul tem como membros plenos Argentina, Brasil, Paraguai, Uruguai e Bol\u00edvia, que aderiu em 2024. Venezuela inscreveu-se mas est\u00e1 suspensa desde 2016. S\u00e3o membros associados Chile, Col\u00f4mbia, Equador, Guiana, Panam\u00e1, Peru e Suriname. Com produ\u00e7\u00e3o diversisicada, essas na\u00e7\u00f5es dever\u00e3o, no futuro, fazer grandes neg\u00f3cios com a Europa. No Brasil o primeiro setor que tem o objetivo de ampliar seu mercado com os europeus \u00e9 o Agro no segmento de frutas. Seus produtores est\u00e3o preparando o aumento das \u00e1reas cultivadas para atender \u00e0 nova clientela internacional.<\/p>\n\n\n\n<pre class=\"wp-block-code\"><code>  A geopol\u00edtica internacional dever\u00e1 influir bastante no desenvolvimento da parceria EU-Mercosul, apesar de alguns pa\u00edses *como a Fran\u00e7a) ter dificuldades para compatibilizar o mercado comum e os produtores locais, que temem a concorr\u00eancia internacional e protestam sempre que os acordos avan\u00e7am.<\/code><\/pre>\n\n\n\n<p>A Am\u00e9rica do Sul, onde o Mercosul est\u00e1 em sua maior extens\u00e3o, tem potencial para atender o mercado internacional tanto em alimentos quanto em manufaturados. As altera\u00e7\u00f5es pol\u00edticas que vem acontecendo no continente com o resultado das novas elei\u00e7\u00f5es tendem a facilitar as negocia\u00e7\u00f5es internacionais. Que tudo se concretize e as popula\u00e7\u00f5es possamter mais oportnidades de produ\u00e7\u00e3o, renda e vida\u2026<\/p>\n\n\n\n<p>\u00b7<\/p>\n\n\n\n<p>Tenente Dirceu Cardoso Gon\u00e7alves &#8211; dirigente da ASPOMIL (Associa\u00e7\u00e3o de Assist. Social dos Policiais Militares de S\u00e3o Paulo)<\/p>\n","protected":false},"excerpt":{"rendered":"<p>L\u00edderes da Uni\u00e3o Europeia e do Mercosul assinaram no s\u00e1bado (17), em Assun\u00e7\u00e3o, capital do&#8230;<\/p>\n","protected":false},"author":1,"featured_media":23327,"comment_status":"open","ping_status":"open","sticky":false,"template":"","format":"standard","meta":{"footnotes":""},"categories":[2],"tags":[],"featured_image_urls":{"full":["https:\/\/novosaopaulo.com.br\/n1\/wp-content\/uploads\/2025\/04\/Tenente-Dirceu-Cardoso-Goncalves.jpg",600,564,false],"thumbnail":["https:\/\/novosaopaulo.com.br\/n1\/wp-content\/uploads\/2025\/04\/Tenente-Dirceu-Cardoso-Goncalves-150x150.jpg",150,150,true],"medium":["https:\/\/novosaopaulo.com.br\/n1\/wp-content\/uploads\/2025\/04\/Tenente-Dirceu-Cardoso-Goncalves-300x282.jpg",300,282,true],"medium_large":["https:\/\/novosaopaulo.com.br\/n1\/wp-content\/uploads\/2025\/04\/Tenente-Dirceu-Cardoso-Goncalves.jpg",600,564,false],"large":["https:\/\/novosaopaulo.com.br\/n1\/wp-content\/uploads\/2025\/04\/Tenente-Dirceu-Cardoso-Goncalves.jpg",600,564,false],"1536x1536":["https:\/\/novosaopaulo.com.br\/n1\/wp-content\/uploads\/2025\/04\/Tenente-Dirceu-Cardoso-Goncalves.jpg",600,564,false],"2048x2048":["https:\/\/novosaopaulo.com.br\/n1\/wp-content\/uploads\/2025\/04\/Tenente-Dirceu-Cardoso-Goncalves.jpg",600,564,false],"newsever-slider-full":["https:\/\/novosaopaulo.com.br\/n1\/wp-content\/uploads\/2025\/04\/Tenente-Dirceu-Cardoso-Goncalves.jpg",600,564,false],"newsever-featured":["https:\/\/novosaopaulo.com.br\/n1\/wp-content\/uploads\/2025\/04\/Tenente-Dirceu-Cardoso-Goncalves.jpg",600,564,false],"newsever-medium":["https:\/\/novosaopaulo.com.br\/n1\/wp-content\/uploads\/2025\/04\/Tenente-Dirceu-Cardoso-Goncalves-600x475.jpg",600,475,true]},"author_info":{"display_name":"Reda\u00e7\u00e3o","author_link":"https:\/\/novosaopaulo.com.br\/n1\/author\/g5poa\/"},"category_info":"<a href=\"https:\/\/novosaopaulo.com.br\/n1\/category\/cidades\/\" rel=\"category tag\">Cidades<\/a>","tag_info":"Cidades","comment_count":"0","_links":{"self":[{"href":"https:\/\/novosaopaulo.com.br\/n1\/wp-json\/wp\/v2\/posts\/27573"}],"collection":[{"href":"https:\/\/novosaopaulo.com.br\/n1\/wp-json\/wp\/v2\/posts"}],"about":[{"href":"https:\/\/novosaopaulo.com.br\/n1\/wp-json\/wp\/v2\/types\/post"}],"author":[{"embeddable":true,"href":"https:\/\/novosaopaulo.com.br\/n1\/wp-json\/wp\/v2\/users\/1"}],"replies":[{"embeddable":true,"href":"https:\/\/novosaopaulo.com.br\/n1\/wp-json\/wp\/v2\/comments?post=27573"}],"version-history":[{"count":1,"href":"https:\/\/novosaopaulo.com.br\/n1\/wp-json\/wp\/v2\/posts\/27573\/revisions"}],"predecessor-version":[{"id":27574,"href":"https:\/\/novosaopaulo.com.br\/n1\/wp-json\/wp\/v2\/posts\/27573\/revisions\/27574"}],"wp:featuredmedia":[{"embeddable":true,"href":"https:\/\/novosaopaulo.com.br\/n1\/wp-json\/wp\/v2\/media\/23327"}],"wp:attachment":[{"href":"https:\/\/novosaopaulo.com.br\/n1\/wp-json\/wp\/v2\/media?parent=27573"}],"wp:term":[{"taxonomy":"category","embeddable":true,"href":"https:\/\/novosaopaulo.com.br\/n1\/wp-json\/wp\/v2\/categories?post=27573"},{"taxonomy":"post_tag","embeddable":true,"href":"https:\/\/novosaopaulo.com.br\/n1\/wp-json\/wp\/v2\/tags?post=27573"}],"curies":[{"name":"wp","href":"https:\/\/api.w.org\/{rel}","templated":true}]}}