{"id":27559,"date":"2026-01-16T18:02:34","date_gmt":"2026-01-16T21:02:34","guid":{"rendered":"https:\/\/novosaopaulo.com.br\/n1\/?p=27559"},"modified":"2026-01-16T18:02:49","modified_gmt":"2026-01-16T21:02:49","slug":"saulo-souza-acompanha-vistoria-das-obras-das-alcas-do-rodoanel-e-destaca-avancos-historicos-para-poa","status":"publish","type":"post","link":"https:\/\/novosaopaulo.com.br\/n1\/saulo-souza-acompanha-vistoria-das-obras-das-alcas-do-rodoanel-e-destaca-avancos-historicos-para-poa\/","title":{"rendered":"Saulo Souza acompanha vistoria das obras das al\u00e7as do Rodoanel e destaca avan\u00e7os hist\u00f3ricos para Po\u00e1"},"content":{"rendered":"\n<p>Prefeito de Po\u00e1 esteve no canteiro de Po\u00e1 e de Suzano, onde acompanhou o visita do governador Tarc\u00edsio de Freitas ao Complexo Vi\u00e1rio do Alto Tiet\u00ea<\/p>\n\n\n\n<p>O prefeito de Po\u00e1, Saulo Souza, participou na \u00faltima quinta-feira (15) da vistoria \u00e0s obras do Complexo Vi\u00e1rio do Alto Tiet\u00ea, realizada pelo governador Tarc\u00edsio de Freitas, e comemorou o andamento do projeto, que come\u00e7a a sair do papel e \u00e9 considerado estrat\u00e9gico para transformar a mobilidade urbana e o desenvolvimento econ\u00f4mico da cidade.<br>Ao lado da primeira-dama Flavia Souza, do governador, demais prefeitos da regi\u00e3o, deputados, vereadores e do secret\u00e1rio de Estado de Parcerias e Investimentos, Rafael Benini, o chefe do Executivo poaense esteve na divisa de Suzano com Po\u00e1, em um dos trechos onde as obras das al\u00e7as de entrada e sa\u00edda do Trecho Leste do Rodoanel M\u00e1rio Covas est\u00e3o em andamento, e afirmou que a execu\u00e7\u00e3o desse projeto \u00e9 um momento hist\u00f3rico para o munic\u00edpio e para o Alto Tiet\u00ea, uma vez que novos acessos v\u00e3o reduzir o tempo de deslocamento, melhorar a fluidez do tr\u00e2nsito e impulsionar a gera\u00e7\u00e3o de empregos na cidade e em toda a regi\u00e3o.<br>\u201cAs sonhadas al\u00e7as do Rodoanel come\u00e7am a se tornar uma realidade aqui em Po\u00e1. \u00c9 um sonho antigo da nossa popula\u00e7\u00e3o que agora sai do papel. Esse complexo vai trazer mais emprego e renda, melhorar a mobilidade urbana, gerar desenvolvimento e mudar a hist\u00f3ria da nossa regi\u00e3o. \u00c9 Po\u00e1 e o Alto Tiet\u00ea no pr\u00f3ximo n\u00edvel\u201d, afirmou o prefeito, que tamb\u00e9m visitou o trecho em obra no munic\u00edpio, na regi\u00e3o da Estrada Padre Eust\u00e1quio.<br>O empreendimento prev\u00ea a implanta\u00e7\u00e3o de novas al\u00e7as de acesso ao trecho Leste do Rodoanel M\u00e1rio Covas (SP-021), beneficiando diretamente os munic\u00edpios de Po\u00e1 e Suzano e impactando positivamente cerca de 1,6 milh\u00e3o de moradores do Alto Tiet\u00ea. De acordo com o governo Estadual, o investimento ultrapassa R$ 2 bilh\u00e3o, com previs\u00e3o de conclus\u00e3o para novembro de 2027, al\u00e9m da gera\u00e7\u00e3o estimada de milhares empregos diretos e indiretos durante o per\u00edodo de obras.<br>De acordo com o governador Tarc\u00edsio de Freitas, o complexo \u00e9 fundamental para a log\u00edstica e fluidez do tr\u00e2nsito regional. \u201cEssa \u00e9 uma obra estrat\u00e9gica para garantir melhores acessos ao Rodoanel, melhorar a malha vi\u00e1ria local e eliminar gargalos nas cidades do Alto Tiet\u00ea\u201d, destacou.<br>Benini enfatizou os benef\u00edcios que o Complexo Vi\u00e1rio ir\u00e1 trazer. &#8220;O objetivo \u00e9 aumentar a seguran\u00e7a, melhorar a fluidez do tr\u00e2nsito urbano dos munic\u00edpios da regi\u00e3o e oferecer mais conforto aos motoristas. Os novos acessos tamb\u00e9m devem ampliar a capilaridade log\u00edstica ao possibilitar a liga\u00e7\u00e3o direta entre bairros e \u00e1reas industriais ao anel vi\u00e1rio, reduzindo a dist\u00e2ncia e tempo de deslocamento\u201d, explicou o secret\u00e1rio estadual de Parcerias em Investimentos.<\/p>\n\n\n\n<p>Benef\u00edcios diretos para Po\u00e1<br>Em Po\u00e1, o projeto contempla a constru\u00e7\u00e3o de dois viadutos de acesso ao Rodoanel: um com cerca de 900 metros de extens\u00e3o, sobre o Rodoanel, e outro com aproximadamente 850 metros, ao longo da pista interna. A rotat\u00f3ria de acesso ao munic\u00edpio ser\u00e1 totalmente remodelada, juntamente com a adequa\u00e7\u00e3o das vias locais para receber o novo fluxo de ve\u00edculos.<br>O pacote de obras inclui ainda a implanta\u00e7\u00e3o de marginal paralela \u00e0 pista externa do Rodoanel, com 1,7 quil\u00f4metro de viadutos sobre a V\u00e1rzea do Rio Tiet\u00ea, al\u00e9m de passarela para pedestres e ciclovias, ampliando a seguran\u00e7a vi\u00e1ria e a mobilidade urbana.<\/p>\n\n\n\n<p>Fotos: Irineu J\u00fanior<\/p>\n","protected":false},"excerpt":{"rendered":"<p>Prefeito de Po\u00e1 esteve no canteiro de Po\u00e1 e de Suzano, onde acompanhou o visita&#8230;<\/p>\n","protected":false},"author":1,"featured_media":27560,"comment_status":"open","ping_status":"open","sticky":false,"template":"","format":"standard","meta":{"footnotes":""},"categories":[8],"tags":[],"featured_image_urls":{"full":["https:\/\/novosaopaulo.com.br\/n1\/wp-content\/uploads\/2026\/01\/WhatsApp-Image-2026-01-16-at-17.14.47.jpeg",720,1280,false],"thumbnail":["https:\/\/novosaopaulo.com.br\/n1\/wp-content\/uploads\/2026\/01\/WhatsApp-Image-2026-01-16-at-17.14.47-150x150.jpeg",150,150,true],"medium":["https:\/\/novosaopaulo.com.br\/n1\/wp-content\/uploads\/2026\/01\/WhatsApp-Image-2026-01-16-at-17.14.47-169x300.jpeg",169,300,true],"medium_large":["https:\/\/novosaopaulo.com.br\/n1\/wp-content\/uploads\/2026\/01\/WhatsApp-Image-2026-01-16-at-17.14.47.jpeg",640,1138,false],"large":["https:\/\/novosaopaulo.com.br\/n1\/wp-content\/uploads\/2026\/01\/WhatsApp-Image-2026-01-16-at-17.14.47-576x1024.jpeg",576,1024,true],"1536x1536":["https:\/\/novosaopaulo.com.br\/n1\/wp-content\/uploads\/2026\/01\/WhatsApp-Image-2026-01-16-at-17.14.47.jpeg",720,1280,false],"2048x2048":["https:\/\/novosaopaulo.com.br\/n1\/wp-content\/uploads\/2026\/01\/WhatsApp-Image-2026-01-16-at-17.14.47.jpeg",720,1280,false],"newsever-slider-full":["https:\/\/novosaopaulo.com.br\/n1\/wp-content\/uploads\/2026\/01\/WhatsApp-Image-2026-01-16-at-17.14.47-720x845.jpeg",720,845,true],"newsever-featured":["https:\/\/novosaopaulo.com.br\/n1\/wp-content\/uploads\/2026\/01\/WhatsApp-Image-2026-01-16-at-17.14.47.jpeg",720,1280,false],"newsever-medium":["https:\/\/novosaopaulo.com.br\/n1\/wp-content\/uploads\/2026\/01\/WhatsApp-Image-2026-01-16-at-17.14.47-720x475.jpeg",720,475,true]},"author_info":{"display_name":"Reda\u00e7\u00e3o","author_link":"https:\/\/novosaopaulo.com.br\/n1\/author\/g5poa\/"},"category_info":"<a href=\"https:\/\/novosaopaulo.com.br\/n1\/category\/poa\/\" rel=\"category tag\">Po\u00e1<\/a>","tag_info":"Po\u00e1","comment_count":"0","_links":{"self":[{"href":"https:\/\/novosaopaulo.com.br\/n1\/wp-json\/wp\/v2\/posts\/27559"}],"collection":[{"href":"https:\/\/novosaopaulo.com.br\/n1\/wp-json\/wp\/v2\/posts"}],"about":[{"href":"https:\/\/novosaopaulo.com.br\/n1\/wp-json\/wp\/v2\/types\/post"}],"author":[{"embeddable":true,"href":"https:\/\/novosaopaulo.com.br\/n1\/wp-json\/wp\/v2\/users\/1"}],"replies":[{"embeddable":true,"href":"https:\/\/novosaopaulo.com.br\/n1\/wp-json\/wp\/v2\/comments?post=27559"}],"version-history":[{"count":2,"href":"https:\/\/novosaopaulo.com.br\/n1\/wp-json\/wp\/v2\/posts\/27559\/revisions"}],"predecessor-version":[{"id":27562,"href":"https:\/\/novosaopaulo.com.br\/n1\/wp-json\/wp\/v2\/posts\/27559\/revisions\/27562"}],"wp:featuredmedia":[{"embeddable":true,"href":"https:\/\/novosaopaulo.com.br\/n1\/wp-json\/wp\/v2\/media\/27560"}],"wp:attachment":[{"href":"https:\/\/novosaopaulo.com.br\/n1\/wp-json\/wp\/v2\/media?parent=27559"}],"wp:term":[{"taxonomy":"category","embeddable":true,"href":"https:\/\/novosaopaulo.com.br\/n1\/wp-json\/wp\/v2\/categories?post=27559"},{"taxonomy":"post_tag","embeddable":true,"href":"https:\/\/novosaopaulo.com.br\/n1\/wp-json\/wp\/v2\/tags?post=27559"}],"curies":[{"name":"wp","href":"https:\/\/api.w.org\/{rel}","templated":true}]}}