{"id":27513,"date":"2026-01-13T17:44:57","date_gmt":"2026-01-13T20:44:57","guid":{"rendered":"https:\/\/novosaopaulo.com.br\/n1\/?p=27513"},"modified":"2026-01-13T17:44:58","modified_gmt":"2026-01-13T20:44:58","slug":"secretaria-de-desenvolvimento-economico-e-sebrae-aqui-oferecem-atendimento-especial-para-meis-em-poa","status":"publish","type":"post","link":"https:\/\/novosaopaulo.com.br\/n1\/secretaria-de-desenvolvimento-economico-e-sebrae-aqui-oferecem-atendimento-especial-para-meis-em-poa\/","title":{"rendered":"Secretaria de Desenvolvimento Econ\u00f4mico e SEBRAE Aqui oferecem atendimento especial para MEIs em Po\u00e1"},"content":{"rendered":"\n<p>A\u00e7\u00e3o destinada aos Microempreendedores Individuais ser\u00e1 realizada entre os dias 19 e 23 de janeiro com o objetivo de objetivo orientar, regularizar e fortalecer os pequenos neg\u00f3cios do munic\u00edpio<\/p>\n\n\n\n<p>A Secretaria de Desenvolvimento Econ\u00f4mico e Inova\u00e7\u00e3o de Po\u00e1, por meio do posto do SEBRAE Aqui, realizar\u00e1 um atendimento especial voltado aos Microempreendedores Individuais (MEIs) entre os dias 19 e 23 de janeiro. A a\u00e7\u00e3o tem como objetivo orientar, regularizar e fortalecer os pequenos neg\u00f3cios do munic\u00edpio.<\/p>\n\n\n\n<p>Durante a semana, os empreendedores poder\u00e3o contar com diversos servi\u00e7os essenciais, como apoio na entrega da Declara\u00e7\u00e3o Anual do MEI, orienta\u00e7\u00f5es sobre d\u00e9bitos e pend\u00eancias financeiras, impress\u00e3o de guias de pagamento e esclarecimentos sobre enquadramento e desenquadramento no regime de Microempreendedor Individual.<\/p>\n\n\n\n<p>O atendimento ser\u00e1 realizado presencialmente, das 9h \u00e0s 16h, na sede do SEBRAE Aqui Po\u00e1, localizada na Rua Vinte e Seis de Mar\u00e7o, n\u00ba 372, no Centro da cidade. A iniciativa segue alinhamento com o escrit\u00f3rio regional do SEBRAE Alto Tiet\u00ea e busca ampliar o suporte aos empreendedores locais, contribuindo para a organiza\u00e7\u00e3o e o crescimento dos neg\u00f3cios.<\/p>\n\n\n\n<p>\u201cEsta \u00e9 uma excelente oportunidade para que os microempreendedores de Po\u00e1 possam regularizar e fortalecer seus neg\u00f3cios, para que sigam o ano de 2026 com tudo em ordem. Estamos comprometidos em oferecer o suporte necess\u00e1rio para o crescimento e a sustentabilidade das microempresas da nossa cidade\u201d, destacou a secret\u00e1ria de Desenvolvimento Econ\u00f4mico e Inova\u00e7\u00e3o, Jeruza Reis.<\/p>\n\n\n\n<p>A Prefeitura de Po\u00e1 refor\u00e7a a import\u00e2ncia de os MEIs manterem suas obriga\u00e7\u00f5es em dia e aproveitarem a oportunidade para esclarecer d\u00favidas e evitar irregularidades. Para mais informa\u00e7\u00f5es, os interessados podem entrar em contato com a pasta respons\u00e1vel pelo telefone 11 4639-3146 (ramal 8932).<\/p>\n\n\n\n<p>Foto: Nivaldo Alves<\/p>\n","protected":false},"excerpt":{"rendered":"<p>A\u00e7\u00e3o destinada aos Microempreendedores Individuais ser\u00e1 realizada entre os dias 19 e 23 de janeiro&#8230;<\/p>\n","protected":false},"author":1,"featured_media":27514,"comment_status":"open","ping_status":"open","sticky":false,"template":"","format":"standard","meta":{"footnotes":""},"categories":[8],"tags":[],"featured_image_urls":{"full":["https:\/\/novosaopaulo.com.br\/n1\/wp-content\/uploads\/2026\/01\/WhatsApp-Image-2026-01-13-at-17.35.29.jpeg",960,540,false],"thumbnail":["https:\/\/novosaopaulo.com.br\/n1\/wp-content\/uploads\/2026\/01\/WhatsApp-Image-2026-01-13-at-17.35.29-150x150.jpeg",150,150,true],"medium":["https:\/\/novosaopaulo.com.br\/n1\/wp-content\/uploads\/2026\/01\/WhatsApp-Image-2026-01-13-at-17.35.29-300x169.jpeg",300,169,true],"medium_large":["https:\/\/novosaopaulo.com.br\/n1\/wp-content\/uploads\/2026\/01\/WhatsApp-Image-2026-01-13-at-17.35.29-768x432.jpeg",640,360,true],"large":["https:\/\/novosaopaulo.com.br\/n1\/wp-content\/uploads\/2026\/01\/WhatsApp-Image-2026-01-13-at-17.35.29.jpeg",640,360,false],"1536x1536":["https:\/\/novosaopaulo.com.br\/n1\/wp-content\/uploads\/2026\/01\/WhatsApp-Image-2026-01-13-at-17.35.29.jpeg",960,540,false],"2048x2048":["https:\/\/novosaopaulo.com.br\/n1\/wp-content\/uploads\/2026\/01\/WhatsApp-Image-2026-01-13-at-17.35.29.jpeg",960,540,false],"newsever-slider-full":["https:\/\/novosaopaulo.com.br\/n1\/wp-content\/uploads\/2026\/01\/WhatsApp-Image-2026-01-13-at-17.35.29.jpeg",960,540,false],"newsever-featured":["https:\/\/novosaopaulo.com.br\/n1\/wp-content\/uploads\/2026\/01\/WhatsApp-Image-2026-01-13-at-17.35.29.jpeg",960,540,false],"newsever-medium":["https:\/\/novosaopaulo.com.br\/n1\/wp-content\/uploads\/2026\/01\/WhatsApp-Image-2026-01-13-at-17.35.29-720x475.jpeg",720,475,true]},"author_info":{"display_name":"Reda\u00e7\u00e3o","author_link":"https:\/\/novosaopaulo.com.br\/n1\/author\/g5poa\/"},"category_info":"<a href=\"https:\/\/novosaopaulo.com.br\/n1\/category\/poa\/\" rel=\"category tag\">Po\u00e1<\/a>","tag_info":"Po\u00e1","comment_count":"0","_links":{"self":[{"href":"https:\/\/novosaopaulo.com.br\/n1\/wp-json\/wp\/v2\/posts\/27513"}],"collection":[{"href":"https:\/\/novosaopaulo.com.br\/n1\/wp-json\/wp\/v2\/posts"}],"about":[{"href":"https:\/\/novosaopaulo.com.br\/n1\/wp-json\/wp\/v2\/types\/post"}],"author":[{"embeddable":true,"href":"https:\/\/novosaopaulo.com.br\/n1\/wp-json\/wp\/v2\/users\/1"}],"replies":[{"embeddable":true,"href":"https:\/\/novosaopaulo.com.br\/n1\/wp-json\/wp\/v2\/comments?post=27513"}],"version-history":[{"count":1,"href":"https:\/\/novosaopaulo.com.br\/n1\/wp-json\/wp\/v2\/posts\/27513\/revisions"}],"predecessor-version":[{"id":27515,"href":"https:\/\/novosaopaulo.com.br\/n1\/wp-json\/wp\/v2\/posts\/27513\/revisions\/27515"}],"wp:featuredmedia":[{"embeddable":true,"href":"https:\/\/novosaopaulo.com.br\/n1\/wp-json\/wp\/v2\/media\/27514"}],"wp:attachment":[{"href":"https:\/\/novosaopaulo.com.br\/n1\/wp-json\/wp\/v2\/media?parent=27513"}],"wp:term":[{"taxonomy":"category","embeddable":true,"href":"https:\/\/novosaopaulo.com.br\/n1\/wp-json\/wp\/v2\/categories?post=27513"},{"taxonomy":"post_tag","embeddable":true,"href":"https:\/\/novosaopaulo.com.br\/n1\/wp-json\/wp\/v2\/tags?post=27513"}],"curies":[{"name":"wp","href":"https:\/\/api.w.org\/{rel}","templated":true}]}}