{"id":27507,"date":"2026-01-13T16:12:40","date_gmt":"2026-01-13T19:12:40","guid":{"rendered":"https:\/\/novosaopaulo.com.br\/n1\/?p=27507"},"modified":"2026-01-13T16:12:41","modified_gmt":"2026-01-13T19:12:41","slug":"poa-abre-inscricoes-para-curso-gratuito-de-banho-e-tosa-oferecido-pelo-programa-caminho-da-capacitacao","status":"publish","type":"post","link":"https:\/\/novosaopaulo.com.br\/n1\/poa-abre-inscricoes-para-curso-gratuito-de-banho-e-tosa-oferecido-pelo-programa-caminho-da-capacitacao\/","title":{"rendered":"Po\u00e1 abre inscri\u00e7\u00f5es para curso gratuito de Banho e Tosa oferecido pelo programa Caminho da Capacita\u00e7\u00e3o"},"content":{"rendered":"\n<p>Iniciativa do Fundo Social de S\u00e3o Paulo oferece qualifica\u00e7\u00e3o profissional, gera\u00e7\u00e3o de renda e autonomia financeira para pessoas em situa\u00e7\u00e3o de vulnerabilidade social<\/p>\n\n\n\n<p>A Prefeitura de Po\u00e1, em parceria com o Fundo Social de S\u00e3o Paulo, abre inscri\u00e7\u00f5es para o curso gratuito de qualifica\u00e7\u00e3o profissional de Banho e Tosa para animais de pequeno e m\u00e9dio porte. O programa visa ampliar oportunidades de emprego, fomentar a gera\u00e7\u00e3o de renda e promover maior independ\u00eancia financeira.<br>As inscri\u00e7\u00f5es seguem abertas at\u00e9 16 de janeiro ou enquanto houver vagas dispon\u00edveis e podem ser realizadas pelo site www.cursofussp.sp.gov.br. As aulas acontecer\u00e3o entre os dias 19 e 30 de janeiro, com op\u00e7\u00f5es de turno da manh\u00e3 (8h \u00e0s 12h), da tarde (13h \u00e0s 17h) ou da noite (18h \u00e0s 22h). As atividades ser\u00e3o realizadas na Pra\u00e7a de Eventos, localizada na Avenida Antonio Massa, 150, onde a carreta do Fundo Social de SP estar\u00e1 estacionada.<br>O curso capacitar\u00e1 os alunos para auxiliar o tosador em todas as etapas do atendimento a c\u00e3es de pequeno e m\u00e9dio porte. O participante aprender\u00e1 a preparar os animais para a tosa, assegurando higiene, conforto e seguran\u00e7a. Entre as atividades, est\u00e3o o banho, a secagem, a escova\u00e7\u00e3o, o corte de unhas e a tosa higi\u00eanica. O conte\u00fado tamb\u00e9m incluir\u00e1 no\u00e7\u00f5es sobre organiza\u00e7\u00e3o do ambiente de trabalho e legisla\u00e7\u00e3o vigente.<br>O prefeito de Po\u00e1, Saulo Souza, destaca a import\u00e2ncia da iniciativa para a cidade. \u201cO programa Caminho da Capacita\u00e7\u00e3o representa mais uma oportunidade de transformar a vida de muitos poaenses. Com essa qualifica\u00e7\u00e3o, estamos ajudando a promover uma mudan\u00e7a real, seja no mercado de trabalho ou na gera\u00e7\u00e3o de renda para muitas fam\u00edlias.\u201d<br>Para a primeira-dama e presidente do Fundo Social de Po\u00e1, Flavia Souza, o programa oferece um caminho para a autonomia. \u201cEste curso \u00e9 uma porta aberta para o futuro. Vamos continuar investindo em iniciativas que proporcionem autonomia e dignidade a quem mais precisa.\u201d<br>Sobre o programa<br>O Caminho da Capacita\u00e7\u00e3o \u00e9 uma iniciativa do Fundo Social de S\u00e3o Paulo e integra o Supera\u00e7\u00e3o SP, programa do Governo do Estado que tem como meta retirar mais de 100 mil fam\u00edlias da linha da pobreza at\u00e9 2026.<br>Com carretas tem\u00e1ticas e cursos gratuitos certificados, o programa percorre o Estado ampliando o acesso \u00e0 qualifica\u00e7\u00e3o profissional e fortalecendo a empregabilidade. Em 2025, a iniciativa passou por mais de 160 munic\u00edpios e encerrou o ano com mais de 8 mil pessoas qualificadas.<br>Mais informa\u00e7\u00f5es sobre cursos, locais e cronogramas est\u00e3o dispon\u00edveis em www.caminhodacapacitacao.sp.gov.br.<\/p>\n\n\n\n<p>Foto: Irineu J\u00fanior<\/p>\n","protected":false},"excerpt":{"rendered":"<p>Iniciativa do Fundo Social de S\u00e3o Paulo oferece qualifica\u00e7\u00e3o profissional, gera\u00e7\u00e3o de renda e autonomia&#8230;<\/p>\n","protected":false},"author":1,"featured_media":27508,"comment_status":"open","ping_status":"open","sticky":false,"template":"","format":"standard","meta":{"footnotes":""},"categories":[8],"tags":[],"featured_image_urls":{"full":["https:\/\/novosaopaulo.com.br\/n1\/wp-content\/uploads\/2026\/01\/WhatsApp-Image-2026-01-13-at-16.04.26.jpeg",1280,720,false],"thumbnail":["https:\/\/novosaopaulo.com.br\/n1\/wp-content\/uploads\/2026\/01\/WhatsApp-Image-2026-01-13-at-16.04.26-150x150.jpeg",150,150,true],"medium":["https:\/\/novosaopaulo.com.br\/n1\/wp-content\/uploads\/2026\/01\/WhatsApp-Image-2026-01-13-at-16.04.26-300x169.jpeg",300,169,true],"medium_large":["https:\/\/novosaopaulo.com.br\/n1\/wp-content\/uploads\/2026\/01\/WhatsApp-Image-2026-01-13-at-16.04.26-768x432.jpeg",640,360,true],"large":["https:\/\/novosaopaulo.com.br\/n1\/wp-content\/uploads\/2026\/01\/WhatsApp-Image-2026-01-13-at-16.04.26-1024x576.jpeg",640,360,true],"1536x1536":["https:\/\/novosaopaulo.com.br\/n1\/wp-content\/uploads\/2026\/01\/WhatsApp-Image-2026-01-13-at-16.04.26.jpeg",1280,720,false],"2048x2048":["https:\/\/novosaopaulo.com.br\/n1\/wp-content\/uploads\/2026\/01\/WhatsApp-Image-2026-01-13-at-16.04.26.jpeg",1280,720,false],"newsever-slider-full":["https:\/\/novosaopaulo.com.br\/n1\/wp-content\/uploads\/2026\/01\/WhatsApp-Image-2026-01-13-at-16.04.26.jpeg",1280,720,false],"newsever-featured":["https:\/\/novosaopaulo.com.br\/n1\/wp-content\/uploads\/2026\/01\/WhatsApp-Image-2026-01-13-at-16.04.26-1024x576.jpeg",1024,576,true],"newsever-medium":["https:\/\/novosaopaulo.com.br\/n1\/wp-content\/uploads\/2026\/01\/WhatsApp-Image-2026-01-13-at-16.04.26-720x475.jpeg",720,475,true]},"author_info":{"display_name":"Reda\u00e7\u00e3o","author_link":"https:\/\/novosaopaulo.com.br\/n1\/author\/g5poa\/"},"category_info":"<a href=\"https:\/\/novosaopaulo.com.br\/n1\/category\/poa\/\" rel=\"category tag\">Po\u00e1<\/a>","tag_info":"Po\u00e1","comment_count":"0","_links":{"self":[{"href":"https:\/\/novosaopaulo.com.br\/n1\/wp-json\/wp\/v2\/posts\/27507"}],"collection":[{"href":"https:\/\/novosaopaulo.com.br\/n1\/wp-json\/wp\/v2\/posts"}],"about":[{"href":"https:\/\/novosaopaulo.com.br\/n1\/wp-json\/wp\/v2\/types\/post"}],"author":[{"embeddable":true,"href":"https:\/\/novosaopaulo.com.br\/n1\/wp-json\/wp\/v2\/users\/1"}],"replies":[{"embeddable":true,"href":"https:\/\/novosaopaulo.com.br\/n1\/wp-json\/wp\/v2\/comments?post=27507"}],"version-history":[{"count":1,"href":"https:\/\/novosaopaulo.com.br\/n1\/wp-json\/wp\/v2\/posts\/27507\/revisions"}],"predecessor-version":[{"id":27509,"href":"https:\/\/novosaopaulo.com.br\/n1\/wp-json\/wp\/v2\/posts\/27507\/revisions\/27509"}],"wp:featuredmedia":[{"embeddable":true,"href":"https:\/\/novosaopaulo.com.br\/n1\/wp-json\/wp\/v2\/media\/27508"}],"wp:attachment":[{"href":"https:\/\/novosaopaulo.com.br\/n1\/wp-json\/wp\/v2\/media?parent=27507"}],"wp:term":[{"taxonomy":"category","embeddable":true,"href":"https:\/\/novosaopaulo.com.br\/n1\/wp-json\/wp\/v2\/categories?post=27507"},{"taxonomy":"post_tag","embeddable":true,"href":"https:\/\/novosaopaulo.com.br\/n1\/wp-json\/wp\/v2\/tags?post=27507"}],"curies":[{"name":"wp","href":"https:\/\/api.w.org\/{rel}","templated":true}]}}