{"id":27491,"date":"2026-01-12T17:15:36","date_gmt":"2026-01-12T20:15:36","guid":{"rendered":"https:\/\/novosaopaulo.com.br\/n1\/?p=27491"},"modified":"2026-01-12T17:15:36","modified_gmt":"2026-01-12T20:15:36","slug":"medica-do-imot-faz-alerta-sobre-relacao-entre-sobrepeso-das-criancas-e-doencas-futuras","status":"publish","type":"post","link":"https:\/\/novosaopaulo.com.br\/n1\/medica-do-imot-faz-alerta-sobre-relacao-entre-sobrepeso-das-criancas-e-doencas-futuras\/","title":{"rendered":"M\u00e9dica do Imot faz alerta sobre rela\u00e7\u00e3o entre sobrepeso das crian\u00e7as e doen\u00e7as futuras"},"content":{"rendered":"\n<p>Segundo a pediatra e nutr\u00f3loga Paloma Secomandi, com as f\u00e9rias escolares chegando os pais e respons\u00e1veis devem ficar atentos com os h\u00e1bitos alimentares das fam\u00edlias e incentivar a atividade f\u00edsica<\/p>\n\n\n\n<p>As f\u00e9rias escolares chegaram e muitas fam\u00edlias brasileiras costumam mudar a rotina nesse per\u00edodo. A m\u00e9dica pediatra e nutr\u00f3loga do Imot de Mogi das Cruzes, Paloma Secomandi, refor\u00e7a a necessidade de promo\u00e7\u00e3o de h\u00e1bitos saud\u00e1veis, em especial quanto \u00e0 alimenta\u00e7\u00e3o das crian\u00e7as. Nos \u00faltimos anos, o n\u00famero de casos de obesidade infantil sofreu aumento significativo. De acordo com o Atlas Mundial da Obesidade 2024, a estimativa \u00e9 de que at\u00e9 2035 metade das crian\u00e7as brasileiras ter\u00e3o sobrepeso e, com ele, risco de desenvolver v\u00e1rias doen\u00e7as.<\/p>\n\n\n\n<p>Ainda segundo este levantamento, entre as consequ\u00eancias da obesidade est\u00e3o press\u00e3o arterial elevada, hiperglicemia e colesterol HDL baixo. De acordo com a pediatra, que atua no Imot Care, cl\u00ednica no Imot que oferece cuidados inter e multidisciplinares, \u00e9 not\u00f3rio o aumento de crian\u00e7as com sobrepeso nos consult\u00f3rios:<\/p>\n\n\n\n<p>\u201cOs pais precisam estar atentos aos sinais e levar a crian\u00e7a para uma consulta m\u00e9dica para que seja verificada a curva de crescimento e o \u00cdndice de Massa Corp\u00f3rea (IMC)\u201d, cita a m\u00e9dica.<\/p>\n\n\n\n<p>Segundo Paloma, h\u00e1 condutas que podem come\u00e7ar desde a introdu\u00e7\u00e3o alimentar. Entre elas, n\u00e3o adicionar sal na alimenta\u00e7\u00e3o dos beb\u00eas at\u00e9 um ano de idade e a\u00e7\u00facar at\u00e9 dois anos:<\/p>\n\n\n\n<p>\u201cAo adicionar sal desde muito cedo, h\u00e1 maiores chances desta crian\u00e7a desenvolver hipertens\u00e3o no futuro, quando for mais velha. J\u00e1 o a\u00e7\u00facar contribui para que seja constru\u00eddo um paladar mais adocicado e pode ter tamb\u00e9m consequ\u00eancias quando na idade adulta\u201d, explica.<\/p>\n\n\n\n<p>Entretanto, para al\u00e9m do olhar sobre a crian\u00e7a, \u00e9 preciso que a fam\u00edlia, como um todo, tamb\u00e9m tenha h\u00e1bitos saud\u00e1veis. Isso vai desde a alimenta\u00e7\u00e3o at\u00e9 a pr\u00e1tica de atividades f\u00edsicas. No per\u00edodo de f\u00e9rias escolares \u00e9 preciso redobrar a aten\u00e7\u00e3o para evitar muita exposi\u00e7\u00e3o \u00e0s telas e maior ingest\u00e3o de alimentos.<\/p>\n\n\n\n<p>\u201cRepetir a refei\u00e7\u00e3o, comer dois p\u00e3es, salgadinhos, bolachas recheadas, esses s\u00e3o alguns h\u00e1bitos da fam\u00edlia. E os filhos espelham os pais. Ent\u00e3o, o ideal \u00e9 uma mudan\u00e7a de padr\u00e3o que envolva a todos\u201d, apontou a m\u00e9dica.<\/p>\n\n\n\n<p>O sobrepeso afeta n\u00e3o somente a sa\u00fade f\u00edsica, mas tamb\u00e9m a psicol\u00f3gica. Na fase da adolesc\u00eancia, tende a interferir na percep\u00e7\u00e3o que se tem da sua pr\u00f3pria imagem e afetar o conv\u00edvio social, depress\u00e3o e at\u00e9 casos de bullying. A preven\u00e7\u00e3o, portanto, deve come\u00e7ar cedo, para a qualidade de vida como um todo.<\/p>\n\n\n\n<p>Sobre o Imot<br>Fundado em 1976, o Imot \u00e9 um dos maiores institutos especializados em ortopedia e traumatologia do Brasil, com pronto atendimento diariamente na unidade de Mogi das Cruzes, consultas, fisioterapia e diversos tratamentos especializados, al\u00e9m da Imot Care, com cuidados inter e multidisciplinares, e o Imot MovSa\u00fade, com servi\u00e7os exclusivos e inovadores.<\/p>\n\n\n\n<p>O Imot fica na rua Otto Unger, 433, Centro, Mogi das Cruzes. Mais informa\u00e7\u00f5es: telefone (11) 4728-3420, no site e redes sociais (@clinicaimot). Em Suzano, o endere\u00e7o \u00e9 rua Augusta Aparecida Carvalho Morais, 250 Jardim Santa Helena. Telefone (11) 4741-3333.<\/p>\n","protected":false},"excerpt":{"rendered":"<p>Segundo a pediatra e nutr\u00f3loga Paloma Secomandi, com as f\u00e9rias escolares chegando os pais e&#8230;<\/p>\n","protected":false},"author":1,"featured_media":27492,"comment_status":"open","ping_status":"open","sticky":false,"template":"","format":"standard","meta":{"footnotes":""},"categories":[2],"tags":[],"featured_image_urls":{"full":["https:\/\/novosaopaulo.com.br\/n1\/wp-content\/uploads\/2026\/01\/WhatsApp-Image-2026-01-12-at-15.07.14.jpeg",1280,853,false],"thumbnail":["https:\/\/novosaopaulo.com.br\/n1\/wp-content\/uploads\/2026\/01\/WhatsApp-Image-2026-01-12-at-15.07.14-150x150.jpeg",150,150,true],"medium":["https:\/\/novosaopaulo.com.br\/n1\/wp-content\/uploads\/2026\/01\/WhatsApp-Image-2026-01-12-at-15.07.14-300x200.jpeg",300,200,true],"medium_large":["https:\/\/novosaopaulo.com.br\/n1\/wp-content\/uploads\/2026\/01\/WhatsApp-Image-2026-01-12-at-15.07.14-768x512.jpeg",640,427,true],"large":["https:\/\/novosaopaulo.com.br\/n1\/wp-content\/uploads\/2026\/01\/WhatsApp-Image-2026-01-12-at-15.07.14-1024x682.jpeg",640,426,true],"1536x1536":["https:\/\/novosaopaulo.com.br\/n1\/wp-content\/uploads\/2026\/01\/WhatsApp-Image-2026-01-12-at-15.07.14.jpeg",1280,853,false],"2048x2048":["https:\/\/novosaopaulo.com.br\/n1\/wp-content\/uploads\/2026\/01\/WhatsApp-Image-2026-01-12-at-15.07.14.jpeg",1280,853,false],"newsever-slider-full":["https:\/\/novosaopaulo.com.br\/n1\/wp-content\/uploads\/2026\/01\/WhatsApp-Image-2026-01-12-at-15.07.14-1280x845.jpeg",1280,845,true],"newsever-featured":["https:\/\/novosaopaulo.com.br\/n1\/wp-content\/uploads\/2026\/01\/WhatsApp-Image-2026-01-12-at-15.07.14-1024x682.jpeg",1024,682,true],"newsever-medium":["https:\/\/novosaopaulo.com.br\/n1\/wp-content\/uploads\/2026\/01\/WhatsApp-Image-2026-01-12-at-15.07.14-720x475.jpeg",720,475,true]},"author_info":{"display_name":"Reda\u00e7\u00e3o","author_link":"https:\/\/novosaopaulo.com.br\/n1\/author\/g5poa\/"},"category_info":"<a href=\"https:\/\/novosaopaulo.com.br\/n1\/category\/cidades\/\" rel=\"category tag\">Cidades<\/a>","tag_info":"Cidades","comment_count":"0","_links":{"self":[{"href":"https:\/\/novosaopaulo.com.br\/n1\/wp-json\/wp\/v2\/posts\/27491"}],"collection":[{"href":"https:\/\/novosaopaulo.com.br\/n1\/wp-json\/wp\/v2\/posts"}],"about":[{"href":"https:\/\/novosaopaulo.com.br\/n1\/wp-json\/wp\/v2\/types\/post"}],"author":[{"embeddable":true,"href":"https:\/\/novosaopaulo.com.br\/n1\/wp-json\/wp\/v2\/users\/1"}],"replies":[{"embeddable":true,"href":"https:\/\/novosaopaulo.com.br\/n1\/wp-json\/wp\/v2\/comments?post=27491"}],"version-history":[{"count":1,"href":"https:\/\/novosaopaulo.com.br\/n1\/wp-json\/wp\/v2\/posts\/27491\/revisions"}],"predecessor-version":[{"id":27493,"href":"https:\/\/novosaopaulo.com.br\/n1\/wp-json\/wp\/v2\/posts\/27491\/revisions\/27493"}],"wp:featuredmedia":[{"embeddable":true,"href":"https:\/\/novosaopaulo.com.br\/n1\/wp-json\/wp\/v2\/media\/27492"}],"wp:attachment":[{"href":"https:\/\/novosaopaulo.com.br\/n1\/wp-json\/wp\/v2\/media?parent=27491"}],"wp:term":[{"taxonomy":"category","embeddable":true,"href":"https:\/\/novosaopaulo.com.br\/n1\/wp-json\/wp\/v2\/categories?post=27491"},{"taxonomy":"post_tag","embeddable":true,"href":"https:\/\/novosaopaulo.com.br\/n1\/wp-json\/wp\/v2\/tags?post=27491"}],"curies":[{"name":"wp","href":"https:\/\/api.w.org\/{rel}","templated":true}]}}