{"id":27485,"date":"2026-01-12T17:14:00","date_gmt":"2026-01-12T20:14:00","guid":{"rendered":"https:\/\/novosaopaulo.com.br\/n1\/?p=27485"},"modified":"2026-01-12T17:14:01","modified_gmt":"2026-01-12T20:14:01","slug":"de-grandes-hits-a-palcos-lotados-avine-vinny-fecha-2025-em-alta-e-projeta-novos-passos-para-2026","status":"publish","type":"post","link":"https:\/\/novosaopaulo.com.br\/n1\/de-grandes-hits-a-palcos-lotados-avine-vinny-fecha-2025-em-alta-e-projeta-novos-passos-para-2026\/","title":{"rendered":"De grandes hits a palcos lotados: \u00c1vine Vinny fecha 2025 em alta e projeta novos passos para 2026"},"content":{"rendered":"\n<p>Entre lan\u00e7amentos de sucesso, projetos audiovisuais, participa\u00e7\u00f5es especiais e uma agenda intensa de shows pelo Brasil, o cantor consolida um dos anos mais marcantes da carreira<\/p>\n\n\n\n<p>O ano de 2025 marcou um per\u00edodo de consolida\u00e7\u00e3o, expans\u00e3o e conquistas importantes na trajet\u00f3ria de \u00c1vine Vinny. Um dos principais nomes do forr\u00f3 e do forronejo da atualidade, o artista encerra o ano em alta ap\u00f3s uma sequ\u00eancia de lan\u00e7amentos, projetos audiovisuais de grande repercuss\u00e3o, parcerias de peso e uma agenda robusta de apresenta\u00e7\u00f5es por todo o Brasil.<\/p>\n\n\n\n<p>No primeiro semestre, \u00c1vine deu continuidade ao projeto Quebra Cabe\u00e7a, gravado em Recife, apresentando singles, dois EPs e, em 29 de maio, o \u00e1lbum completo com nove faixas. O trabalho reuniu hits que transitam entre o romantismo, a sofr\u00eancia e o forr\u00f3 dan\u00e7ante, al\u00e9m de participa\u00e7\u00f5es de Henry Freitas, Grego, Raphaela Santos e Kak\u00e1 e Pedrinho. Em agosto, o \u00e1lbum ganhou uma vers\u00e3o deluxe com a faixa b\u00f4nus \u201c171\u201d, em parceria com o grupo Di Prop\u00f3sito.<\/p>\n\n\n\n<p>Nos palcos, o cantor confirmou seu impacto ao vivo. Durante o Carnaval, realizou uma maratona de 11 shows pelo Nordeste e Norte. J\u00e1 no S\u00e3o Jo\u00e3o, protagonizou uma das agendas mais intensas do per\u00edodo, com mais de 25 apresenta\u00e7\u00f5es em sete estados nordestinos e p\u00fablico estimado em mais de 1 milh\u00e3o de pessoas, levando aos festejos o espet\u00e1culo \u201cO Forr\u00f3 Mudou a Minha Vida\u201d. Al\u00e9m das datas sazonais, o cantor manteve uma agenda constante de shows ao longo do ano em diferentes regi\u00f5es do Brasil.<\/p>\n\n\n\n<p>O segundo semestre foi marcado por novos encontros musicais e projetos especiais. Em julho, o cantor integrou o Filtr Collab, da Sony Music, ao lado de MC Gabzin, promovendo uma fus\u00e3o entre forr\u00f3 e funk. Em setembro, gravou o projeto Fogo &amp; Gasolina, em Fortaleza, em formato aberto e popular, reunindo grande p\u00fablico e participa\u00e7\u00f5es de Tarc\u00edsio do Acordeon, Z\u00e9 Cantor, Guilherme Dantas, Manim Vaqueiro, Vit\u00f3ria Freitas e Talita Mel.<\/p>\n\n\n\n<p>Lan\u00e7ado oficialmente em outubro, Fogo &amp; Gasolina inaugurou uma nova era na carreira de \u00c1vine. O single \u201cAceita Que Me Ama\u201d, parceria com Tarc\u00edsio do Acordeon, viralizou nas redes sociais e ultrapassou 11 milh\u00f5es de visualiza\u00e7\u00f5es no YouTube em menos de um m\u00eas. Em dezembro, o projeto ganhou continuidade com as in\u00e9ditas \u201cSolteiro Cruel\u201d, feat com Rey Vaqueiro, e \u201cMeu V\u00edcio\u201d.<\/p>\n\n\n\n<p>\u00c1vine Vinny tamb\u00e9m ampliou sua presen\u00e7a na m\u00eddia nacional, participando de programas de grande repercuss\u00e3o. O cantor esteve no Programa Silvio Santos, no SBT, integrando o quadro \u201cN\u00e3o Erre a Letra\u201d, apresentado por Patr\u00edcia Abravanel. \u00c1vine tamb\u00e9m foi convidado do Podpah, um dos maiores podcasts do pa\u00eds, al\u00e9m de participar do A\u00f4\u00f4h Resenha, da LeoDias TV.<\/p>\n\n\n\n<p>Encerrando o ano com n\u00fameros expressivos, palcos lotados e projetos bem-sucedidos, \u00c1vine Vinny j\u00e1 mira os pr\u00f3ximos passos.<\/p>\n\n\n\n<p>\u201cSou muito grato por tudo o que venho vivendo e pelo carinho do p\u00fablico. Para 2026, a expectativa \u00e9 seguir criando, levando minha m\u00fasica ainda mais longe e vivendo coisas novas junto com os f\u00e3s. Tem muita hist\u00f3ria boa para ser escrita!\u201d, afirma \u00c1vine Vinny.<\/p>\n\n\n\n<p>Com uma trajet\u00f3ria marcada por reinven\u00e7\u00e3o, conex\u00e3o popular e respeito \u00e0s ra\u00edzes, \u00c1vine Vinny fecha 2025 reafirmando seu protagonismo na m\u00fasica brasileira e abrindo caminho para novos cap\u00edtulos em 2026.<\/p>\n\n\n\n<p>Sobre \u00c1vine Vinny<\/p>\n\n\n\n<p>Cantor e compositor, \u00c1vine Vinny \u00e9 um dos principais nomes do forr\u00f3 e do forronejo na m\u00fasica brasileira, somando mais de 1 bilh\u00e3o de streams nas plataformas digitais. Natural de Sobral, no Cear\u00e1, o artista conquistou uma legi\u00e3o de f\u00e3s ao reinventar o g\u00eanero, sempre inovando e experimentando novos conceitos. Em 2021, viralizou com o hit \u201cCora\u00e7\u00e3o Cachorro\u201d, que alcan\u00e7ou o Top 01 nas principais plataformas digitais e se tornou um dos maiores sucessos do forr\u00f3 moderno.<\/p>\n\n\n\n<p>Em 2023, lan\u00e7ou o DVD Ao Vivo em Sobral, uma homenagem aos 250 anos de sua cidade natal, celebrando suas ra\u00edzes e a conex\u00e3o afetiva com o p\u00fablico. O projeto marcou mais um cap\u00edtulo importante de sua carreira e demonstrou sua capacidade de traduzir a brasilidade e a energia do Nordeste em sua m\u00fasica.<\/p>\n\n\n\n<p>Em 2024 e 2025, \u00c1vine apresentou o projeto audiovisual Quebra Cabe\u00e7a, gravado em Recife, que reuniu singles, EPs, o \u00e1lbum completo e uma vers\u00e3o deluxe. Com participa\u00e7\u00f5es de Henry Freitas, Grego, Kak\u00e1 e Pedrinho, Raphaela Santos e Di Prop\u00f3sito, o trabalho mostrou a versatilidade do artista ao explorar diferentes sonoridades dentro do forr\u00f3 e consolidou seu espa\u00e7o como um dos nomes mais criativos do g\u00eanero.<\/p>\n\n\n\n<p>Ainda em 2025, \u00c1vine iniciou uma nova fase com o projeto Fogo &amp; Gasolina, gravado em Fortaleza em formato aberto e popular. O projeto aproximou o artista do p\u00fablico, trazendo lan\u00e7amentos como \u201cAceita Que Me Ama\u201d, parceria com Tarc\u00edsio do Acordeon, e as in\u00e9ditas \u201cSolteiro Cruel\u201d, com Rey Vaqueiro, e \u201cMeu V\u00edcio\u201d, refor\u00e7ando o forr\u00f3 moderno e a intera\u00e7\u00e3o direta com quem acompanha sua m\u00fasica.<\/p>\n\n\n\n<p>Com uma trajet\u00f3ria marcada por reinven\u00e7\u00e3o, respeito \u00e0s ra\u00edzes nordestinas e forte presen\u00e7a ao vivo, \u00c1vine Vinny segue ampliando sua influ\u00eancia e consolidando sua carreira nacionalmente, mantendo uma rela\u00e7\u00e3o pr\u00f3xima com f\u00e3s e mostrando sua for\u00e7a dentro do cen\u00e1rio musical brasileiro.<\/p>\n\n\n\n<p>\u00c1vine Vinny em n\u00fameros:<\/p>\n\n\n\n<p>Instagram: 1,7M de seguidores<br>Tiktok: 398 mil seguidores<br>YouTube: 1,42M de inscritos<br>Spotify: 2,1M de ouvintes mensais<\/p>\n\n\n\n<p>Mais sobre \u00c1vine Vinny<\/p>\n\n\n\n<p>Instagram: https:\/\/www.instagram.com\/avinevinny\/<br>Tiktok: https:\/\/www.tiktok.com\/@avinevinny<br>YouTube: https:\/\/www.youtube.com\/@AvineVinny<br>Spotify: https:\/\/open.spotify.com\/intl-pt\/artist\/4KDxYlnGZEiS60pAnfZf4W?si=-L-q1ITLTG&#8211;O5LwERxt9A<\/p>\n","protected":false},"excerpt":{"rendered":"<p>Entre lan\u00e7amentos de sucesso, projetos audiovisuais, participa\u00e7\u00f5es especiais e uma agenda intensa de shows pelo&#8230;<\/p>\n","protected":false},"author":1,"featured_media":27486,"comment_status":"open","ping_status":"open","sticky":false,"template":"","format":"standard","meta":{"footnotes":""},"categories":[2],"tags":[],"featured_image_urls":{"full":["https:\/\/novosaopaulo.com.br\/n1\/wp-content\/uploads\/2026\/01\/Sem-titulo.jpg",532,322,false],"thumbnail":["https:\/\/novosaopaulo.com.br\/n1\/wp-content\/uploads\/2026\/01\/Sem-titulo-150x150.jpg",150,150,true],"medium":["https:\/\/novosaopaulo.com.br\/n1\/wp-content\/uploads\/2026\/01\/Sem-titulo-300x182.jpg",300,182,true],"medium_large":["https:\/\/novosaopaulo.com.br\/n1\/wp-content\/uploads\/2026\/01\/Sem-titulo.jpg",532,322,false],"large":["https:\/\/novosaopaulo.com.br\/n1\/wp-content\/uploads\/2026\/01\/Sem-titulo.jpg",532,322,false],"1536x1536":["https:\/\/novosaopaulo.com.br\/n1\/wp-content\/uploads\/2026\/01\/Sem-titulo.jpg",532,322,false],"2048x2048":["https:\/\/novosaopaulo.com.br\/n1\/wp-content\/uploads\/2026\/01\/Sem-titulo.jpg",532,322,false],"newsever-slider-full":["https:\/\/novosaopaulo.com.br\/n1\/wp-content\/uploads\/2026\/01\/Sem-titulo.jpg",532,322,false],"newsever-featured":["https:\/\/novosaopaulo.com.br\/n1\/wp-content\/uploads\/2026\/01\/Sem-titulo.jpg",532,322,false],"newsever-medium":["https:\/\/novosaopaulo.com.br\/n1\/wp-content\/uploads\/2026\/01\/Sem-titulo.jpg",532,322,false]},"author_info":{"display_name":"Reda\u00e7\u00e3o","author_link":"https:\/\/novosaopaulo.com.br\/n1\/author\/g5poa\/"},"category_info":"<a href=\"https:\/\/novosaopaulo.com.br\/n1\/category\/cidades\/\" rel=\"category tag\">Cidades<\/a>","tag_info":"Cidades","comment_count":"0","_links":{"self":[{"href":"https:\/\/novosaopaulo.com.br\/n1\/wp-json\/wp\/v2\/posts\/27485"}],"collection":[{"href":"https:\/\/novosaopaulo.com.br\/n1\/wp-json\/wp\/v2\/posts"}],"about":[{"href":"https:\/\/novosaopaulo.com.br\/n1\/wp-json\/wp\/v2\/types\/post"}],"author":[{"embeddable":true,"href":"https:\/\/novosaopaulo.com.br\/n1\/wp-json\/wp\/v2\/users\/1"}],"replies":[{"embeddable":true,"href":"https:\/\/novosaopaulo.com.br\/n1\/wp-json\/wp\/v2\/comments?post=27485"}],"version-history":[{"count":1,"href":"https:\/\/novosaopaulo.com.br\/n1\/wp-json\/wp\/v2\/posts\/27485\/revisions"}],"predecessor-version":[{"id":27487,"href":"https:\/\/novosaopaulo.com.br\/n1\/wp-json\/wp\/v2\/posts\/27485\/revisions\/27487"}],"wp:featuredmedia":[{"embeddable":true,"href":"https:\/\/novosaopaulo.com.br\/n1\/wp-json\/wp\/v2\/media\/27486"}],"wp:attachment":[{"href":"https:\/\/novosaopaulo.com.br\/n1\/wp-json\/wp\/v2\/media?parent=27485"}],"wp:term":[{"taxonomy":"category","embeddable":true,"href":"https:\/\/novosaopaulo.com.br\/n1\/wp-json\/wp\/v2\/categories?post=27485"},{"taxonomy":"post_tag","embeddable":true,"href":"https:\/\/novosaopaulo.com.br\/n1\/wp-json\/wp\/v2\/tags?post=27485"}],"curies":[{"name":"wp","href":"https:\/\/api.w.org\/{rel}","templated":true}]}}