{"id":27454,"date":"2026-01-06T23:06:49","date_gmt":"2026-01-07T02:06:49","guid":{"rendered":"https:\/\/novosaopaulo.com.br\/n1\/?p=27454"},"modified":"2026-01-06T23:06:49","modified_gmt":"2026-01-07T02:06:49","slug":"saulo-souza-lanca-programa-inedito-para-garantir-alimentacao-dos-alunos-nas-ferias-escolares","status":"publish","type":"post","link":"https:\/\/novosaopaulo.com.br\/n1\/saulo-souza-lanca-programa-inedito-para-garantir-alimentacao-dos-alunos-nas-ferias-escolares\/","title":{"rendered":"Saulo Souza lan\u00e7a programa in\u00e9dito para garantir alimenta\u00e7\u00e3o dos alunos nas f\u00e9rias escolares"},"content":{"rendered":"\n<p>&#8220;F\u00e9rias Sem Fome\u201d distribuir\u00e1 mais de 15 mil kits a partir desta quarta-feira (07), em Po\u00e1; retirada ser\u00e1 na pr\u00f3pria escola da Rede Municipal de Ensino onde o estudante estava matriculado em 2025<\/p>\n\n\n\n<p>O prefeito de Po\u00e1 Saulo Souza anunciou a distribui\u00e7\u00e3o de aproximadamente 15 mil kits de alimento para todos os alunos matriculados na Rede Municipal de Ensino, por meio do programa F\u00e9rias Sem Fome. A iniciativa in\u00e9dita na cidade ser\u00e1 executada pela Secretaria de Educa\u00e7\u00e3o e tem como objetivo assegurar a alimenta\u00e7\u00e3o adequada de crian\u00e7as e adolescentes, inclusive aqueles que apresentam restri\u00e7\u00f5es alimentares, tamb\u00e9m fora da sala de aula. A entrega das cestas ser\u00e1 feita a partir desta quarta-feira (7) e segue at\u00e9 o dia 9 de janeiro, nas pr\u00f3prias escolas onde os alunos estavam matriculados at\u00e9 dezembro de 2025.<br>O Programa F\u00e9rias Sem Fome nasce com a proposta de garantir que nenhuma crian\u00e7a fique sem acesso \u00e0 alimenta\u00e7\u00e3o adequada no per\u00edodo de recesso escolar, refor\u00e7ando o compromisso do Poder P\u00fablico com o bem-estar social. Os kits s\u00e3o compostos por itens como macarr\u00e3o, arroz, feij\u00e3o, dois tipos de prote\u00edna, \u00f3leo, leite, bolachas, torradas, suco e achocolatado.<br>O prefeito Saulo Souza destacou a import\u00e2ncia da iniciativa para assegurar a continuidade da alimenta\u00e7\u00e3o das crian\u00e7as durante as f\u00e9rias, especialmente para aquelas que dependem das refei\u00e7\u00f5es oferecidas diariamente nas escolas. Segundo ele, a a\u00e7\u00e3o refor\u00e7a o papel social da educa\u00e7\u00e3o e a preocupa\u00e7\u00e3o do munic\u00edpio com a prote\u00e7\u00e3o das crian\u00e7as. \u201cDurante o ano, milhares de estudantes t\u00eam na merenda escolar uma base importante da sua alimenta\u00e7\u00e3o. E quando chegam as f\u00e9rias, muitas fam\u00edlias sentem o impacto dessa aus\u00eancia. Foi ouvindo essas realidades que nasceu o Programa F\u00e9rias Sem Fome, onde alunos da rede municipal v\u00e3o receber os kits, inclusive com itens diferenciados para aqueles que possuem restri\u00e7\u00e3o alimentar, garantindo seguran\u00e7a alimentar mesmo fora da sala de aula&#8221;, refor\u00e7ou.<br>Para o secret\u00e1rio de Educa\u00e7\u00e3o de Po\u00e1, Diego Moreira, a iniciativa representa um avan\u00e7o importante na pol\u00edtica educacional e social de Po\u00e1. &#8220;Essa a\u00e7\u00e3o amplia o cuidado com os nossos alunos para al\u00e9m do per\u00edodo de aulas. Sabemos que, para muitas crian\u00e7as, a alimenta\u00e7\u00e3o oferecida na escola \u00e9 fundamental para o desenvolvimento saud\u00e1vel. Por isso, estruturamos essa a\u00e7\u00e3o com planejamento e responsabilidade, garantindo que o apoio chegue diretamente aos estudantes, nas pr\u00f3prias unidades escolares, durante o recesso. A entrega come\u00e7a nesta quarta-feira, das 8 \u00e0s 17 horas, e pedimos que, se poss\u00edvel, os pais ou respons\u00e1veis fa\u00e7am a retirada no per\u00edodo escolar do aluno\u201d, destacou.<br>Restri\u00e7\u00f5es alimentares<br>Um dos diferenciais do Programa F\u00e9rias Sem Fome \u00e9 a aten\u00e7\u00e3o dedicada \u00e0s necessidades espec\u00edficas dos estudantes com restri\u00e7\u00f5es alimentares. As cestas b\u00e1sicas foram cuidadosamente preparadas para atender estudantes com diferentes condi\u00e7\u00f5es de sa\u00fade e escolhas alimentares, respeitando laudos m\u00e9dicos e orienta\u00e7\u00f5es nutricionais j\u00e1 cadastradas na rede municipal.<\/p>\n\n\n\n<p>Foto: Irineu J\u00fanior<\/p>\n","protected":false},"excerpt":{"rendered":"<p>&#8220;F\u00e9rias Sem Fome\u201d distribuir\u00e1 mais de 15 mil kits a partir desta quarta-feira (07), em&#8230;<\/p>\n","protected":false},"author":1,"featured_media":27455,"comment_status":"open","ping_status":"open","sticky":false,"template":"","format":"standard","meta":{"footnotes":""},"categories":[8],"tags":[],"featured_image_urls":{"full":["https:\/\/novosaopaulo.com.br\/n1\/wp-content\/uploads\/2026\/01\/WhatsApp-Image-2026-01-06-at-20.18.33.jpeg",1280,720,false],"thumbnail":["https:\/\/novosaopaulo.com.br\/n1\/wp-content\/uploads\/2026\/01\/WhatsApp-Image-2026-01-06-at-20.18.33-150x150.jpeg",150,150,true],"medium":["https:\/\/novosaopaulo.com.br\/n1\/wp-content\/uploads\/2026\/01\/WhatsApp-Image-2026-01-06-at-20.18.33-300x169.jpeg",300,169,true],"medium_large":["https:\/\/novosaopaulo.com.br\/n1\/wp-content\/uploads\/2026\/01\/WhatsApp-Image-2026-01-06-at-20.18.33-768x432.jpeg",640,360,true],"large":["https:\/\/novosaopaulo.com.br\/n1\/wp-content\/uploads\/2026\/01\/WhatsApp-Image-2026-01-06-at-20.18.33-1024x576.jpeg",640,360,true],"1536x1536":["https:\/\/novosaopaulo.com.br\/n1\/wp-content\/uploads\/2026\/01\/WhatsApp-Image-2026-01-06-at-20.18.33.jpeg",1280,720,false],"2048x2048":["https:\/\/novosaopaulo.com.br\/n1\/wp-content\/uploads\/2026\/01\/WhatsApp-Image-2026-01-06-at-20.18.33.jpeg",1280,720,false],"newsever-slider-full":["https:\/\/novosaopaulo.com.br\/n1\/wp-content\/uploads\/2026\/01\/WhatsApp-Image-2026-01-06-at-20.18.33.jpeg",1280,720,false],"newsever-featured":["https:\/\/novosaopaulo.com.br\/n1\/wp-content\/uploads\/2026\/01\/WhatsApp-Image-2026-01-06-at-20.18.33-1024x576.jpeg",1024,576,true],"newsever-medium":["https:\/\/novosaopaulo.com.br\/n1\/wp-content\/uploads\/2026\/01\/WhatsApp-Image-2026-01-06-at-20.18.33-720x475.jpeg",720,475,true]},"author_info":{"display_name":"Reda\u00e7\u00e3o","author_link":"https:\/\/novosaopaulo.com.br\/n1\/author\/g5poa\/"},"category_info":"<a href=\"https:\/\/novosaopaulo.com.br\/n1\/category\/poa\/\" rel=\"category tag\">Po\u00e1<\/a>","tag_info":"Po\u00e1","comment_count":"0","_links":{"self":[{"href":"https:\/\/novosaopaulo.com.br\/n1\/wp-json\/wp\/v2\/posts\/27454"}],"collection":[{"href":"https:\/\/novosaopaulo.com.br\/n1\/wp-json\/wp\/v2\/posts"}],"about":[{"href":"https:\/\/novosaopaulo.com.br\/n1\/wp-json\/wp\/v2\/types\/post"}],"author":[{"embeddable":true,"href":"https:\/\/novosaopaulo.com.br\/n1\/wp-json\/wp\/v2\/users\/1"}],"replies":[{"embeddable":true,"href":"https:\/\/novosaopaulo.com.br\/n1\/wp-json\/wp\/v2\/comments?post=27454"}],"version-history":[{"count":1,"href":"https:\/\/novosaopaulo.com.br\/n1\/wp-json\/wp\/v2\/posts\/27454\/revisions"}],"predecessor-version":[{"id":27456,"href":"https:\/\/novosaopaulo.com.br\/n1\/wp-json\/wp\/v2\/posts\/27454\/revisions\/27456"}],"wp:featuredmedia":[{"embeddable":true,"href":"https:\/\/novosaopaulo.com.br\/n1\/wp-json\/wp\/v2\/media\/27455"}],"wp:attachment":[{"href":"https:\/\/novosaopaulo.com.br\/n1\/wp-json\/wp\/v2\/media?parent=27454"}],"wp:term":[{"taxonomy":"category","embeddable":true,"href":"https:\/\/novosaopaulo.com.br\/n1\/wp-json\/wp\/v2\/categories?post=27454"},{"taxonomy":"post_tag","embeddable":true,"href":"https:\/\/novosaopaulo.com.br\/n1\/wp-json\/wp\/v2\/tags?post=27454"}],"curies":[{"name":"wp","href":"https:\/\/api.w.org\/{rel}","templated":true}]}}