{"id":27445,"date":"2026-01-05T20:33:47","date_gmt":"2026-01-05T23:33:47","guid":{"rendered":"https:\/\/novosaopaulo.com.br\/n1\/?p=27445"},"modified":"2026-01-05T20:33:48","modified_gmt":"2026-01-05T23:33:48","slug":"venezuela-caiu-cuidem-se-os-demais-para-nao-cair-tambem","status":"publish","type":"post","link":"https:\/\/novosaopaulo.com.br\/n1\/venezuela-caiu-cuidem-se-os-demais-para-nao-cair-tambem\/","title":{"rendered":"Venezuela caiu. Cuidem-se os demais para n\u00e3o cair tamb\u00e9m"},"content":{"rendered":"\n<p>Embora todo o Mundo esperasse para qualquer instante &#8211; especialmente ap\u00f3s o bloqueio mar\u00edtimo e a\u00e9reo no Mar do Caribe, na \u00e1rea equiatorial do Oceano Pac\u00edfico e ao tr\u00e1fego a\u00e9reo sobre o territ\u00f3rio nacional, os ataques dos Estados Unidos sobre a Venezuela colocaram toda a humanidade em estado de alerta. Tivemos s\u00e1bado e domingo de incertezas, n\u00e3o com rela\u00e7\u00e3o \u00e0 pris\u00e3o do governante venezuelano Nicol\u00e1s Maduro e sua mulher, mas sobre o que se seguir\u00e1 como medidas de normaliza\u00e7\u00e3o do vizinho pa\u00eds que, pela l\u00f3gica, dever\u00e3o ocorrer nos pr\u00f3ximos dias, semanas ou meses, talvez.<\/p>\n\n\n\n<pre class=\"wp-block-code\"><code>  O ocorrido provoca rea\u00e7\u00f5es cautelosas do mundo todo. Afinal, os EUA constituem a maior pot\u00eancia econ\u00f4mica e b\u00e9lica do planeta. R\u00fassia e China, parceiros da Venezuela protestaram, mas n\u00e3o parece ter disposi\u00e7\u00e3o para sair do terreno diplom\u00e1tico. O mesmo ocorre com os pa\u00edses da regi\u00e3o, que devem estar mais preocupados com o pr\u00f3prio territ\u00f3rio do que com a sorte da Venezuela e dos venezuelanos.  O \u00e1cido Donald Trump j\u00e1 sugeriu ataques \u00e0 Col\u00f4mbia, M\u00e9xico, Cuba e outras na\u00e7\u00f5es latino-americanas com governos de orienta\u00e7\u00e3o \u00e0 esquerda e\/ou tomadas total ou parcialmente pelo narcotr\u00e1fico. Todos temem que isso venha a ocorrer, especialmente depois de ver que as bravatas e amea\u00e7as de Maduro em nada mudaram o destino da Venezuela se nem o livraram da derrubada do poder, da pris\u00e3o e dos processo que responder\u00e1 em territ\u00f3rio norte-americano, onde chega-se a propor pena de morte para seus delitos.\n\n  A Venezuela vive uma situa\u00e7\u00e3o singular. At\u00e9 os anos 60 foi o mais rico dos pa\u00edses latino de-americanos. Depois que caiu nas garras do caricato coronel Hugo Ch\u00e1vez, sua economia foi levada \u00e0 bancarrota e o povo passa fome ao mesmo tempo em que os aliados do governo vivem faustosamente. Com a queda de Nicol\u00e1s Maduro - que sucedeu Ch\u00e1vez na sua morte \u2013 tudo deve mudar.\n\n  Os l\u00edderes esquerdistas da regi\u00e3o foram ousados e imprevidentes ao criar, em 1990, o Foro de S\u00e3o Paulo, fundado entre outros pelo cubano Fidel Castro e o brasileiro Lula da Silva. A id\u00e9ia era unificar os pa\u00edses da \u00e1rea e fundar em territ\u00f3rio latino-americano uma rep\u00fablica comunista nos moldes da Uni\u00e3o Sovi\u00e9tica. Ao levarem em considera\u00e7\u00e3o que, mesmo existindo desde 1917 e atuando como pot\u00eancia, os sovi\u00e9ticos se fragmentaram como institui\u00e7\u00e3o pol\u00edtico-governamental. O resultado foi a inviabiliza\u00e7\u00e3o do projeto de Castro e Lula, que s\u00f3 serviu para ajudar nas elei\u00e7\u00f5es de candidatos de esquerda nos pa\u00edses sob essa influ\u00eancia.\n\n  Mesmo tendo sido um dos membros do Foro de SP mais bem sucedidos \u2013 afinal, j\u00e1 est\u00e1 no terceiro mandato presidencial e foi pe\u00e7a fundamental para a elei\u00e7\u00e3o e reelei\u00e7\u00e3o de Dilma Rousseff, Lula enfrenta hoje grandes dificuldades pol\u00edticas e econ\u00f4micas, al\u00e9m do peso dos 80 anos de idade.\n\n  O ocorrido na Venezuela mexe com a pol\u00edtica global. Inteligentemente, Lula protestou por Maduro, mas n\u00e3o agravou Trump, de quem tamb\u00e9m depende para acordos pol\u00edticos e econ\u00f4micos. Al\u00e9m de pot\u00eancia, os EUA est\u00e3o entre os maiores parceiros comerciais do Brasil e a perda ou altera\u00e7\u00e3o profunda desse mercado seria gravosa.\n\n  Apesar dos seus la\u00e7os pr\u00f3ximos de Maduro, aguarda-se que Lula compreenda que tentar ajud\u00e1-lo a essa altura dos acontecimentos pode ser uma empreitada extremamente perigosa. O mais indicado \u00e9 que o Brasil recorra \u00e0 sua tradicional neutralidade nos conflitos internacionais e s\u00f3 entre no territ\u00f3rio das disputas quando puder atuar pacifica e humanit\u00e1riamente. Nosso Pa\u00eds n\u00e3o pode correr o risco de \u201cmorrer abra\u00e7ado\u201d com Nicol\u00e1s Maduro. Afinal, todo o Mundo sabe o que pesa sogre as cosas do ex-presidente vsnszudelano. Esta segunda-feira, o Minist\u00e9rio P\u00fablico de Nova York o est\u00e1 acusando de crimes como trafico de milhares de tibnekadas de drogas, trafico de armas e outros crimes. Na pr\u00f3pria Venezuela o denunciam como fraudados das elei\u00e7\u00f5es em que participou e declarou-se vencedor. Parceria dessa ordem \u00e9 um perigo.\n\n  Tamb\u00e9m \u00e9 desej\u00e1vel que a diplomacia e o governo brasileiro busque a melhor forma de acordo com os Estados Unidos tanto na \u00e1rea econ\u00f4mica quanto na pol\u00edtica e dos direitos humanos. S\u00f3 entendimentos bem costurados poder\u00e3o preservgar a amizade de mais de dois s\u00e9culos Brasil-EUA. Com as rela\u00e7\u00f5es bem azeitadas poderemos at\u00e9 contar com a ajuda norte-americana para o combate ao crime organizado que hoje eclipsam consider\u00e1vel parcela da economia nacional e, se n\u00e3o devidamente cuidade, ainda poder\u00e3o levar o Brasil ao mesmo caminho em quecaiu a Venezuela.\n\n  Somos partid\u00e1rios da independ\u00eancia entre as na\u00e7\u00f5es. A forma\u00e7\u00e3o de blocos como o pretendido pelo Foro de S\u00e3o Paulo \u2013 sejam eles de esquerda ou de direita (n\u00e3o importa) s\u00f3 serviria para alavancar o atraso e, at=e, promover a fome do povo.<\/code><\/pre>\n\n\n\n<p>Tenente Dirceu Cardoso Gon\u00e7alves &#8211; dirigente da ASPOMIL (Associa\u00e7\u00e3o de Assist. Social dos Policiais Militares de S\u00e3o Paulo).<\/p>\n","protected":false},"excerpt":{"rendered":"<p>Embora todo o Mundo esperasse para qualquer instante &#8211; especialmente ap\u00f3s o bloqueio mar\u00edtimo e&#8230;<\/p>\n","protected":false},"author":1,"featured_media":23327,"comment_status":"open","ping_status":"open","sticky":false,"template":"","format":"standard","meta":{"footnotes":""},"categories":[2],"tags":[],"featured_image_urls":{"full":["https:\/\/novosaopaulo.com.br\/n1\/wp-content\/uploads\/2025\/04\/Tenente-Dirceu-Cardoso-Goncalves.jpg",600,564,false],"thumbnail":["https:\/\/novosaopaulo.com.br\/n1\/wp-content\/uploads\/2025\/04\/Tenente-Dirceu-Cardoso-Goncalves-150x150.jpg",150,150,true],"medium":["https:\/\/novosaopaulo.com.br\/n1\/wp-content\/uploads\/2025\/04\/Tenente-Dirceu-Cardoso-Goncalves-300x282.jpg",300,282,true],"medium_large":["https:\/\/novosaopaulo.com.br\/n1\/wp-content\/uploads\/2025\/04\/Tenente-Dirceu-Cardoso-Goncalves.jpg",600,564,false],"large":["https:\/\/novosaopaulo.com.br\/n1\/wp-content\/uploads\/2025\/04\/Tenente-Dirceu-Cardoso-Goncalves.jpg",600,564,false],"1536x1536":["https:\/\/novosaopaulo.com.br\/n1\/wp-content\/uploads\/2025\/04\/Tenente-Dirceu-Cardoso-Goncalves.jpg",600,564,false],"2048x2048":["https:\/\/novosaopaulo.com.br\/n1\/wp-content\/uploads\/2025\/04\/Tenente-Dirceu-Cardoso-Goncalves.jpg",600,564,false],"newsever-slider-full":["https:\/\/novosaopaulo.com.br\/n1\/wp-content\/uploads\/2025\/04\/Tenente-Dirceu-Cardoso-Goncalves.jpg",600,564,false],"newsever-featured":["https:\/\/novosaopaulo.com.br\/n1\/wp-content\/uploads\/2025\/04\/Tenente-Dirceu-Cardoso-Goncalves.jpg",600,564,false],"newsever-medium":["https:\/\/novosaopaulo.com.br\/n1\/wp-content\/uploads\/2025\/04\/Tenente-Dirceu-Cardoso-Goncalves-600x475.jpg",600,475,true]},"author_info":{"display_name":"Reda\u00e7\u00e3o","author_link":"https:\/\/novosaopaulo.com.br\/n1\/author\/g5poa\/"},"category_info":"<a href=\"https:\/\/novosaopaulo.com.br\/n1\/category\/cidades\/\" rel=\"category tag\">Cidades<\/a>","tag_info":"Cidades","comment_count":"0","_links":{"self":[{"href":"https:\/\/novosaopaulo.com.br\/n1\/wp-json\/wp\/v2\/posts\/27445"}],"collection":[{"href":"https:\/\/novosaopaulo.com.br\/n1\/wp-json\/wp\/v2\/posts"}],"about":[{"href":"https:\/\/novosaopaulo.com.br\/n1\/wp-json\/wp\/v2\/types\/post"}],"author":[{"embeddable":true,"href":"https:\/\/novosaopaulo.com.br\/n1\/wp-json\/wp\/v2\/users\/1"}],"replies":[{"embeddable":true,"href":"https:\/\/novosaopaulo.com.br\/n1\/wp-json\/wp\/v2\/comments?post=27445"}],"version-history":[{"count":1,"href":"https:\/\/novosaopaulo.com.br\/n1\/wp-json\/wp\/v2\/posts\/27445\/revisions"}],"predecessor-version":[{"id":27446,"href":"https:\/\/novosaopaulo.com.br\/n1\/wp-json\/wp\/v2\/posts\/27445\/revisions\/27446"}],"wp:featuredmedia":[{"embeddable":true,"href":"https:\/\/novosaopaulo.com.br\/n1\/wp-json\/wp\/v2\/media\/23327"}],"wp:attachment":[{"href":"https:\/\/novosaopaulo.com.br\/n1\/wp-json\/wp\/v2\/media?parent=27445"}],"wp:term":[{"taxonomy":"category","embeddable":true,"href":"https:\/\/novosaopaulo.com.br\/n1\/wp-json\/wp\/v2\/categories?post=27445"},{"taxonomy":"post_tag","embeddable":true,"href":"https:\/\/novosaopaulo.com.br\/n1\/wp-json\/wp\/v2\/tags?post=27445"}],"curies":[{"name":"wp","href":"https:\/\/api.w.org\/{rel}","templated":true}]}}