{"id":27442,"date":"2026-01-05T20:32:39","date_gmt":"2026-01-05T23:32:39","guid":{"rendered":"https:\/\/novosaopaulo.com.br\/n1\/?p=27442"},"modified":"2026-01-05T20:32:40","modified_gmt":"2026-01-05T23:32:40","slug":"governar-para-todos-gestao-saulo-souza-consolida-avancos-em-inclusao-e-acessibilidade","status":"publish","type":"post","link":"https:\/\/novosaopaulo.com.br\/n1\/governar-para-todos-gestao-saulo-souza-consolida-avancos-em-inclusao-e-acessibilidade\/","title":{"rendered":"Governar para todos: Gest\u00e3o Saulo Souza consolida avan\u00e7os em inclus\u00e3o e acessibilidade"},"content":{"rendered":"\n<p>A\u00e7\u00f5es in\u00e9ditas e concretas garantem dignidade, acolhimento e oportunidades para pessoas com defici\u00eancia e crian\u00e7as at\u00edpicas da cidade<\/p>\n\n\n\n<p>Po\u00e1 vive um novo momento quando o assunto \u00e9 inclus\u00e3o. Sob a lideran\u00e7a do prefeito Saulo Souza e com o apoio direto da primeira-dama e presidente do Fundo Social, Flavia Souza, a cidade tem colocado o cuidado com as pessoas, o respeito \u00e0s diferen\u00e7as e a acessibilidade como prioridades no governo municipal.<br>Com iniciativas pioneiras, como a abertura da ala de especialidades em Neurologia e Psiquiatria (para adultos e crian\u00e7as), al\u00e9m da cria\u00e7\u00e3o da Sala Sensorial no Centro Municipal de Especialidades (CEME), e a inaugura\u00e7\u00e3o do Parque Inclusivo na Pra\u00e7a da B\u00edblia, a administra\u00e7\u00e3o promove acolhimento, dignidade e oportunidades para pessoas com defici\u00eancia, crian\u00e7as at\u00edpicas e suas fam\u00edlias, abrangendo \u00e1reas como sa\u00fade, lazer, cultura e meio ambiente.<br>Desde o in\u00edcio da atual gest\u00e3o, a inclus\u00e3o deixou de ser apenas um discurso e passou a ser incorporada \u00e0 pr\u00e1tica di\u00e1ria do governo. A proposta \u00e9 clara: governar para todos, sem exce\u00e7\u00f5es, garantindo que cada cidad\u00e3o se sinta pertencente e respeitado. O resultado \u00e9 um conjunto de a\u00e7\u00f5es concretas que reposiciona Po\u00e1 como refer\u00eancia em pol\u00edticas p\u00fablicas inclusivas, com impactos diretos na qualidade de vida da popula\u00e7\u00e3o.<br>Atendimento especializado<br>Um dos principais marcos dessa nova fase foi a inaugura\u00e7\u00e3o da ala de especialidades em Neurologia e Psiquiatria (para adultos e crian\u00e7as), al\u00e9m da Sala Sensorial, no CEME, realizada em fevereiro de 2025. O servi\u00e7o \u00e9 in\u00e9dito em Po\u00e1 e representa um avan\u00e7o significativo no atendimento \u00e0s pessoas com Transtorno do Espectro Autista (TEA), S\u00edndrome de Down e defici\u00eancias ocultas.<br>A estrutura foi planejada para oferecer atendimento cont\u00ednuo e humanizado, com ambientes que proporcionam conforto emocional, est\u00edmulos sensoriais controlados e acolhimento n\u00e3o apenas aos pacientes, mas tamb\u00e9m \u00e0s suas fam\u00edlias. A implanta\u00e7\u00e3o desse servi\u00e7o responde a uma demanda hist\u00f3rica da popula\u00e7\u00e3o, que, muitas vezes, precisava buscar atendimento especializado em outros munic\u00edpios. Agora, Po\u00e1 oferece esse cuidado dentro da pr\u00f3pria rede municipal, reduzindo deslocamentos, fortalecendo v\u00ednculos e ampliando o acesso \u00e0 sa\u00fade de qualidade.<br>Parque Inclusivo<br>No lazer, a Prefeitura de Po\u00e1 deu um passo importante ao entregar o Parque Inclusivo da Pra\u00e7a da B\u00edblia, inaugurado durante as comemora\u00e7\u00f5es do Dia das Crian\u00e7as. O espa\u00e7o foi projetado para garantir que todas as crian\u00e7as possam brincar juntas, independentemente de limita\u00e7\u00f5es f\u00edsicas ou sensoriais.<br>O parque conta com brinquedos adaptados, como balan\u00e7os e gira-giras inclusivos, permitindo que crian\u00e7as com e sem defici\u00eancia compartilhem o mesmo espa\u00e7o de forma segura e acolhedora. A iniciativa fortalece a inclus\u00e3o desde a inf\u00e2ncia, promovendo a conviv\u00eancia, o respeito \u00e0s diferen\u00e7as e o direito ao lazer para todos.<br>Eventos com inclus\u00e3o<br>Outro avan\u00e7o significativo da atual gest\u00e3o est\u00e1 na forma como os grandes eventos da cidade passaram a ser organizados. Desde o in\u00edcio do governo Saulo Souza, todas as celebra\u00e7\u00f5es promovidas pela Prefeitura de Po\u00e1 contam com a \u00c1rea da Inclus\u00e3o, um espa\u00e7o especialmente preparado para garantir conforto, seguran\u00e7a e acessibilidade \u00e0s pessoas com defici\u00eancia.<br>Eventos tradicionais, como o Po\u00e1 Fest, Rock na Pra\u00e7a e Orqu\u00eddea Fest Po\u00e1 2025, passaram a oferecer espa\u00e7os adaptados na frente do palco, com estruturas como abafadores de ru\u00eddo para pessoas com sensibilidade auditiva e a presen\u00e7a de int\u00e9rpretes de Libras, assegurando a participa\u00e7\u00e3o plena da comunidade surda.<br>Essas medidas ampliam o acesso \u00e0 cultura e ao entretenimento, refor\u00e7ando a ideia de que a inclus\u00e3o deve estar presente tamb\u00e9m nos momentos de celebra\u00e7\u00e3o. A proposta \u00e9 simples: ningu\u00e9m fica de fora. Todos t\u00eam o direito de participar, se divertir e ocupar os espa\u00e7os p\u00fablicos da cidade.<br>Jardim Sensorial<br>Na \u00e1rea do Meio Ambiente, a grande conquista foi a inaugura\u00e7\u00e3o do Jardim Sensorial, instalado na sede da Secretaria de Meio Ambiente e Recursos H\u00eddricos, no Jardim Nova Po\u00e1. O espa\u00e7o, que marca mais um avan\u00e7o na constru\u00e7\u00e3o de uma cidade mais inclusiva, acess\u00edvel e ambientalmente consciente, atende crian\u00e7as at\u00edpicas e pessoas com defici\u00eancia, estimulando o contato direto com a natureza.<br>A iniciativa in\u00e9dita na regi\u00e3o tem o prop\u00f3sito de integrar crian\u00e7as at\u00edpicas ao meio ambiente por meio da estimula\u00e7\u00e3o dos sentidos, como tato, olfato, audi\u00e7\u00e3o e equil\u00edbrio. O ambiente foi planejado para despertar os cinco sentidos, com caminhos de pedras, cascalho, areia e serragem, uma variedade de plantas arom\u00e1ticas e comest\u00edveis, como hortel\u00e3, al\u00e9m de flores com diferentes formas, cores e texturas.<br>Nova forma de governar<br>Para o prefeito Saulo Souza, as a\u00e7\u00f5es implementadas refletem uma mudan\u00e7a profunda na forma de governar Po\u00e1. \u201cDesde o primeiro dia da nossa gest\u00e3o, assumimos o compromisso de cuidar das pessoas e governar pensando em todos, sem deixar ningu\u00e9m para tr\u00e1s. A inclus\u00e3o n\u00e3o \u00e9 um detalhe, \u00e9 um princ\u00edpio que orienta cada decis\u00e3o, seja na sa\u00fade, no lazer, no meio ambiente ou nos eventos da cidade. Defendemos a inclus\u00e3o em todos os ambientes e em todos os lugares. Estamos construindo uma Po\u00e1 mais humana, acess\u00edvel e acolhedora, com a\u00e7\u00f5es concretas que garantem respeito, dignidade e oportunidades para todos\u201d, destacou.<br>Olhar para as fam\u00edlias<br>O envolvimento direto da primeira-dama e presidente do Fundo Social, Flavia Souza, tem sido fundamental para consolidar esse novo tempo de inclus\u00e3o em Po\u00e1. \u201cCada a\u00e7\u00e3o que realizamos pensando na inclus\u00e3o nasce do cuidado com as pessoas e do olhar atento \u00e0s fam\u00edlias que mais precisam de acolhimento. Como m\u00e3e, esposa e primeira-dama, acredito que uma cidade s\u00f3 \u00e9 verdadeiramente justa quando abra\u00e7a todas as diferen\u00e7as com amor e respeito. Ver espa\u00e7os preparados para receber crian\u00e7as at\u00edpicas, pessoas com defici\u00eancia e suas fam\u00edlias \u00e9 a certeza de que estamos construindo uma Po\u00e1 mais humana, onde ningu\u00e9m se sente invis\u00edvel\u201d, acrescentou.<br>Projetos futuros<br>Um dos grandes compromissos da gest\u00e3o de Saulo Souza, anunciado ainda durante a campanha, \u00e9 a instala\u00e7\u00e3o da Cl\u00ednica TEA, em Calmon Viana. A obra, que est\u00e1 em andamento e deve ser conclu\u00edda em 2026, visa oferecer atendimento especializado e cont\u00ednuo para pessoas com Transtorno do Espectro Autista, ampliando o acesso a servi\u00e7os de sa\u00fade, psicologia e terapias diversas. A cl\u00ednica ser\u00e1 um marco importante para Po\u00e1, pois atender\u00e1 uma demanda crescente na cidade, proporcionando um atendimento especializado e humanizado.<\/p>\n","protected":false},"excerpt":{"rendered":"<p>A\u00e7\u00f5es in\u00e9ditas e concretas garantem dignidade, acolhimento e oportunidades para pessoas com defici\u00eancia e crian\u00e7as&#8230;<\/p>\n","protected":false},"author":1,"featured_media":27443,"comment_status":"open","ping_status":"open","sticky":false,"template":"","format":"standard","meta":{"footnotes":""},"categories":[8],"tags":[],"featured_image_urls":{"full":["https:\/\/novosaopaulo.com.br\/n1\/wp-content\/uploads\/2026\/01\/WhatsApp-Image-2026-01-05-at-19.29.27.jpeg",780,439,false],"thumbnail":["https:\/\/novosaopaulo.com.br\/n1\/wp-content\/uploads\/2026\/01\/WhatsApp-Image-2026-01-05-at-19.29.27-150x150.jpeg",150,150,true],"medium":["https:\/\/novosaopaulo.com.br\/n1\/wp-content\/uploads\/2026\/01\/WhatsApp-Image-2026-01-05-at-19.29.27-300x169.jpeg",300,169,true],"medium_large":["https:\/\/novosaopaulo.com.br\/n1\/wp-content\/uploads\/2026\/01\/WhatsApp-Image-2026-01-05-at-19.29.27-768x432.jpeg",640,360,true],"large":["https:\/\/novosaopaulo.com.br\/n1\/wp-content\/uploads\/2026\/01\/WhatsApp-Image-2026-01-05-at-19.29.27.jpeg",640,360,false],"1536x1536":["https:\/\/novosaopaulo.com.br\/n1\/wp-content\/uploads\/2026\/01\/WhatsApp-Image-2026-01-05-at-19.29.27.jpeg",780,439,false],"2048x2048":["https:\/\/novosaopaulo.com.br\/n1\/wp-content\/uploads\/2026\/01\/WhatsApp-Image-2026-01-05-at-19.29.27.jpeg",780,439,false],"newsever-slider-full":["https:\/\/novosaopaulo.com.br\/n1\/wp-content\/uploads\/2026\/01\/WhatsApp-Image-2026-01-05-at-19.29.27.jpeg",780,439,false],"newsever-featured":["https:\/\/novosaopaulo.com.br\/n1\/wp-content\/uploads\/2026\/01\/WhatsApp-Image-2026-01-05-at-19.29.27.jpeg",780,439,false],"newsever-medium":["https:\/\/novosaopaulo.com.br\/n1\/wp-content\/uploads\/2026\/01\/WhatsApp-Image-2026-01-05-at-19.29.27-720x439.jpeg",720,439,true]},"author_info":{"display_name":"Reda\u00e7\u00e3o","author_link":"https:\/\/novosaopaulo.com.br\/n1\/author\/g5poa\/"},"category_info":"<a href=\"https:\/\/novosaopaulo.com.br\/n1\/category\/poa\/\" rel=\"category tag\">Po\u00e1<\/a>","tag_info":"Po\u00e1","comment_count":"0","_links":{"self":[{"href":"https:\/\/novosaopaulo.com.br\/n1\/wp-json\/wp\/v2\/posts\/27442"}],"collection":[{"href":"https:\/\/novosaopaulo.com.br\/n1\/wp-json\/wp\/v2\/posts"}],"about":[{"href":"https:\/\/novosaopaulo.com.br\/n1\/wp-json\/wp\/v2\/types\/post"}],"author":[{"embeddable":true,"href":"https:\/\/novosaopaulo.com.br\/n1\/wp-json\/wp\/v2\/users\/1"}],"replies":[{"embeddable":true,"href":"https:\/\/novosaopaulo.com.br\/n1\/wp-json\/wp\/v2\/comments?post=27442"}],"version-history":[{"count":1,"href":"https:\/\/novosaopaulo.com.br\/n1\/wp-json\/wp\/v2\/posts\/27442\/revisions"}],"predecessor-version":[{"id":27444,"href":"https:\/\/novosaopaulo.com.br\/n1\/wp-json\/wp\/v2\/posts\/27442\/revisions\/27444"}],"wp:featuredmedia":[{"embeddable":true,"href":"https:\/\/novosaopaulo.com.br\/n1\/wp-json\/wp\/v2\/media\/27443"}],"wp:attachment":[{"href":"https:\/\/novosaopaulo.com.br\/n1\/wp-json\/wp\/v2\/media?parent=27442"}],"wp:term":[{"taxonomy":"category","embeddable":true,"href":"https:\/\/novosaopaulo.com.br\/n1\/wp-json\/wp\/v2\/categories?post=27442"},{"taxonomy":"post_tag","embeddable":true,"href":"https:\/\/novosaopaulo.com.br\/n1\/wp-json\/wp\/v2\/tags?post=27442"}],"curies":[{"name":"wp","href":"https:\/\/api.w.org\/{rel}","templated":true}]}}