{"id":27427,"date":"2025-12-30T18:39:38","date_gmt":"2025-12-30T21:39:38","guid":{"rendered":"https:\/\/novosaopaulo.com.br\/n1\/?p=27427"},"modified":"2025-12-30T18:39:39","modified_gmt":"2025-12-30T21:39:39","slug":"progresso-poa-retoma-o-protagonismo-com-investimento-historico-para-alcas-do-rodoanel-e-obras-estruturantes","status":"publish","type":"post","link":"https:\/\/novosaopaulo.com.br\/n1\/progresso-poa-retoma-o-protagonismo-com-investimento-historico-para-alcas-do-rodoanel-e-obras-estruturantes\/","title":{"rendered":"Progresso: Po\u00e1 retoma o protagonismo com investimento hist\u00f3rico para al\u00e7as do Rodoanel e obras estruturantes"},"content":{"rendered":"\n<p>Primeiro ano da gest\u00e3o Saulo Souza consolida parcerias, avan\u00e7a em infraestrutura, fortalece empreendedorismo e projeta a cidade para o futuro<\/p>\n\n\n\n<p>Po\u00e1 voltou a ter um ciclo consistente de desenvolvimento e progresso em 2025. Sob a lideran\u00e7a do prefeito Saulo Souza, o munic\u00edpio retomou protagonismo regional com um conjunto de investimentos hist\u00f3ricos que n\u00e3o eram vistos h\u00e1 anos na cidade. As a\u00e7\u00f5es abrangem \u00e1reas estrat\u00e9gicas como mobilidade urbana e infraestrutura vi\u00e1ria, com assinatura de conv\u00eanio com o Governo do Estado para constru\u00e7\u00e3o de novas al\u00e7as para o Trecho Leste do Rodoanel M\u00e1rio Covas, saneamento b\u00e1sico, desenvolvimento econ\u00f4mico, sustentabilidade e combate \u00e0s enchentes, promovendo impactos diretos na qualidade de vida da popula\u00e7\u00e3o.<br>No final do primeiro semestre, a Prefeitura de Po\u00e1 consolidou parcerias institucionais e firmou conv\u00eanios estaduais que garantiram cerca de R$ 2 bilh\u00f5es em investimentos para obras estruturantes. Trata-se de um volume expressivo de recursos que reposiciona, de forma definitiva, o munic\u00edpio no mapa do desenvolvimento do Alto Tiet\u00ea e cria bases s\u00f3lidas para um crescimento planejado e sustent\u00e1vel.<br>Um dos principais eixos da retomada do desenvolvimento em Po\u00e1 est\u00e1 na mobilidade urbana e na infraestrutura vi\u00e1ria. Entre os projetos viabilizados por meio do conv\u00eanio est\u00e3o a constru\u00e7\u00e3o de al\u00e7as de acesso ao Trecho Leste do Rodoanel, obra estrat\u00e9gica que deve melhorar significativamente a liga\u00e7\u00e3o do munic\u00edpio com outras regi\u00f5es da Grande S\u00e3o Paulo, reduzir o tr\u00e1fego pesado em vias urbanas e impulsionar o desenvolvimento econ\u00f4mico local.<br>Outro destaque \u00e9 a implanta\u00e7\u00e3o do novo Complexo Vi\u00e1rio do Alto Tiet\u00ea, que promete reorganizar o fluxo de ve\u00edculos, ampliar a capacidade das vias com a constru\u00e7\u00e3o de um novo viaduto de acesso \u00e0 cidade, al\u00e9m de oferecer mais seguran\u00e7a para motoristas e pedestres. O pacote de investimentos tamb\u00e9m contempla a reforma do Viaduto da Vila Varela, melhorias em rodovias, adequa\u00e7\u00f5es vi\u00e1rias e interven\u00e7\u00f5es que visam modernizar a malha urbana de Po\u00e1.<br>Esta\u00e7\u00f5es e passarelas<br>No campo do transporte ferrovi\u00e1rio, o conv\u00eanio assinado abrange um amplo projeto de moderniza\u00e7\u00e3o do sistema. Est\u00e3o previstas a reforma, moderniza\u00e7\u00e3o e revitaliza\u00e7\u00e3o das esta\u00e7\u00f5es Po\u00e1 e Calmon Viana e das passarelas urbanas. As interven\u00e7\u00f5es buscam oferecer mais conforto, acessibilidade e seguran\u00e7a aos usu\u00e1rios do transporte p\u00fablico, impactando positivamente a rotina de milhares de moradores que dependem diariamente do trem e dos pedestres.<br>Saneamento b\u00e1sico<br>Outro marco importante do primeiro ano de gest\u00e3o do prefeito Saulo Souza foi o avan\u00e7o hist\u00f3rico no saneamento b\u00e1sico. Po\u00e1 deu passos concretos rumo \u00e0 universaliza\u00e7\u00e3o do abastecimento de \u00e1gua com a instala\u00e7\u00e3o de mais de 700 novas liga\u00e7\u00f5es na Vila S\u00e3o Francisco, beneficiando mais de 4 mil moradores.<br>O investimento de R$ 1,2 milh\u00e3o garante mais dignidade, sa\u00fade e qualidade de vida \u00e0s fam\u00edlias da regi\u00e3o, que aguardavam h\u00e1 d\u00e9cadas pelo servi\u00e7o. A iniciativa consolida Po\u00e1 como refer\u00eancia regional em saneamento e abre caminho para a pr\u00f3xima etapa do projeto, que prev\u00ea a implanta\u00e7\u00e3o da rede de esgoto no bairro.<br>Obras na rua Uni\u00e3o<br>O enfrentamento aos alagamentos, um dos principais desafios urbanos de Po\u00e1, tamb\u00e9m avan\u00e7ou de forma significativa. A implanta\u00e7\u00e3o do programa \u00c1gua pra Baixo resultou em obras estruturantes de drenagem que come\u00e7am a mudar a realidade de bairros historicamente afetados por enchentes.<br>Na Rua Uni\u00e3o, no Jardim Am\u00e9rica, por exemplo, foram instalados mais de um quil\u00f4metro de tubula\u00e7\u00f5es de grande porte, com investimento superior a R$ 2 milh\u00f5es. Al\u00e9m da drenagem, a via recebeu recapeamento asf\u00e1ltico, nova sinaliza\u00e7\u00e3o e revitaliza\u00e7\u00e3o completa, encerrando um problema cr\u00f4nico de alagamentos que causava preju\u00edzos a moradores e comerciantes.<br>Reconhecimento nacional<br>O desenvolvimento de Po\u00e1 no primeiro ano da atual administra\u00e7\u00e3o tamb\u00e9m se refletiu no campo institucional. De forma in\u00e9dita, o munic\u00edpio conquistou o Selo Caixa Gest\u00e3o Sustent\u00e1vel \u2013 n\u00edvel Cristal, um reconhecimento nacional concedido a cidades que se destacam por boas pr\u00e1ticas de governan\u00e7a, responsabilidade socioambiental e pol\u00edticas p\u00fablicas alinhadas aos pilares ambiental, social, clim\u00e1tico e de transpar\u00eancia.<br>A certifica\u00e7\u00e3o refor\u00e7a o compromisso da Prefeitura com um crescimento respons\u00e1vel, planejado e sustent\u00e1vel, al\u00e9m de demonstrar a capacidade t\u00e9cnica e administrativa da gest\u00e3o do prefeito Saulo Souza em implementar pol\u00edticas p\u00fablicas eficientes. O selo tamb\u00e9m amplia a credibilidade institucional do munic\u00edpio, facilitando o acesso a novos conv\u00eanios e financiamentos.<br>Fortalecimento do empreendedorismo<br>A Prefeitura tamb\u00e9m inaugurou a nova sede da Secretaria de Desenvolvimento Econ\u00f4mico e Inova\u00e7\u00e3o, em um espa\u00e7o mais moderno, acess\u00edvel e integrado na rua Vinte Seis de Mar\u00e7o, 372. A mudan\u00e7a tem como objetivo melhorar o atendimento ao p\u00fablico, fortalecer pol\u00edticas de incentivo ao empreendedorismo e criar um ambiente mais favor\u00e1vel \u00e0 inova\u00e7\u00e3o.<br>Vis\u00e3o de futuro<br>Para o prefeito Saulo Souza, os avan\u00e7os registrados no primeiro ano de mandato refletem uma mudan\u00e7a clara de rumo que visam levar Po\u00e1 para o pr\u00f3ximo n\u00edvel. Segundo ele, o foco da gest\u00e3o \u00e9 recolocar a cidade no caminho do desenvolvimento, com planejamento, responsabilidade e foco nas pessoas.<br>\u201cDesde o primeiro dia do nosso mandato, assumimos o compromisso de recolocar Po\u00e1 no caminho do desenvolvimento e do progresso. Estamos falando de grandes obras de mobilidade, investimentos hist\u00f3ricos, \u00e1gua encanada chegando a quem esperou por d\u00e9cadas, combate aos alagamentos, reconhecimento de uma gest\u00e3o que funciona e fortalecimento da economia local. Tudo isso mostra que Po\u00e1 voltou a avan\u00e7ar. Esse \u00e9 apenas o come\u00e7o de uma transforma\u00e7\u00e3o planejada, respons\u00e1vel e que coloca as pessoas no centro das decis\u00f5es. Nosso trabalho \u00e9 di\u00e1rio para garantir que o desenvolvimento chegue a todos os bairros e que a cidade evolua mais e mais a cada dia\u201d, destacou o prefeito.<\/p>\n\n\n\n<figure class=\"wp-block-image size-full\"><img fetchpriority=\"high\" decoding=\"async\" width=\"800\" height=\"450\" src=\"https:\/\/novosaopaulo.com.br\/n1\/wp-content\/uploads\/2025\/12\/WhatsApp-Image-2025-12-30-at-18.19.10-1.jpeg\" alt=\"\" class=\"wp-image-27429\" srcset=\"https:\/\/novosaopaulo.com.br\/n1\/wp-content\/uploads\/2025\/12\/WhatsApp-Image-2025-12-30-at-18.19.10-1.jpeg 800w, https:\/\/novosaopaulo.com.br\/n1\/wp-content\/uploads\/2025\/12\/WhatsApp-Image-2025-12-30-at-18.19.10-1-300x169.jpeg 300w, https:\/\/novosaopaulo.com.br\/n1\/wp-content\/uploads\/2025\/12\/WhatsApp-Image-2025-12-30-at-18.19.10-1-768x432.jpeg 768w\" sizes=\"(max-width: 800px) 100vw, 800px\" \/><\/figure>\n","protected":false},"excerpt":{"rendered":"<p>Primeiro ano da gest\u00e3o Saulo Souza consolida parcerias, avan\u00e7a em infraestrutura, fortalece empreendedorismo e projeta&#8230;<\/p>\n","protected":false},"author":1,"featured_media":27428,"comment_status":"open","ping_status":"open","sticky":false,"template":"","format":"standard","meta":{"footnotes":""},"categories":[8],"tags":[],"featured_image_urls":{"full":["https:\/\/novosaopaulo.com.br\/n1\/wp-content\/uploads\/2025\/12\/WhatsApp-Image-2025-12-30-at-18.19.10.jpeg",1170,658,false],"thumbnail":["https:\/\/novosaopaulo.com.br\/n1\/wp-content\/uploads\/2025\/12\/WhatsApp-Image-2025-12-30-at-18.19.10-150x150.jpeg",150,150,true],"medium":["https:\/\/novosaopaulo.com.br\/n1\/wp-content\/uploads\/2025\/12\/WhatsApp-Image-2025-12-30-at-18.19.10-300x169.jpeg",300,169,true],"medium_large":["https:\/\/novosaopaulo.com.br\/n1\/wp-content\/uploads\/2025\/12\/WhatsApp-Image-2025-12-30-at-18.19.10-768x432.jpeg",640,360,true],"large":["https:\/\/novosaopaulo.com.br\/n1\/wp-content\/uploads\/2025\/12\/WhatsApp-Image-2025-12-30-at-18.19.10-1024x576.jpeg",640,360,true],"1536x1536":["https:\/\/novosaopaulo.com.br\/n1\/wp-content\/uploads\/2025\/12\/WhatsApp-Image-2025-12-30-at-18.19.10.jpeg",1170,658,false],"2048x2048":["https:\/\/novosaopaulo.com.br\/n1\/wp-content\/uploads\/2025\/12\/WhatsApp-Image-2025-12-30-at-18.19.10.jpeg",1170,658,false],"newsever-slider-full":["https:\/\/novosaopaulo.com.br\/n1\/wp-content\/uploads\/2025\/12\/WhatsApp-Image-2025-12-30-at-18.19.10.jpeg",1170,658,false],"newsever-featured":["https:\/\/novosaopaulo.com.br\/n1\/wp-content\/uploads\/2025\/12\/WhatsApp-Image-2025-12-30-at-18.19.10-1024x576.jpeg",1024,576,true],"newsever-medium":["https:\/\/novosaopaulo.com.br\/n1\/wp-content\/uploads\/2025\/12\/WhatsApp-Image-2025-12-30-at-18.19.10-720x475.jpeg",720,475,true]},"author_info":{"display_name":"Reda\u00e7\u00e3o","author_link":"https:\/\/novosaopaulo.com.br\/n1\/author\/g5poa\/"},"category_info":"<a href=\"https:\/\/novosaopaulo.com.br\/n1\/category\/poa\/\" rel=\"category tag\">Po\u00e1<\/a>","tag_info":"Po\u00e1","comment_count":"0","_links":{"self":[{"href":"https:\/\/novosaopaulo.com.br\/n1\/wp-json\/wp\/v2\/posts\/27427"}],"collection":[{"href":"https:\/\/novosaopaulo.com.br\/n1\/wp-json\/wp\/v2\/posts"}],"about":[{"href":"https:\/\/novosaopaulo.com.br\/n1\/wp-json\/wp\/v2\/types\/post"}],"author":[{"embeddable":true,"href":"https:\/\/novosaopaulo.com.br\/n1\/wp-json\/wp\/v2\/users\/1"}],"replies":[{"embeddable":true,"href":"https:\/\/novosaopaulo.com.br\/n1\/wp-json\/wp\/v2\/comments?post=27427"}],"version-history":[{"count":1,"href":"https:\/\/novosaopaulo.com.br\/n1\/wp-json\/wp\/v2\/posts\/27427\/revisions"}],"predecessor-version":[{"id":27430,"href":"https:\/\/novosaopaulo.com.br\/n1\/wp-json\/wp\/v2\/posts\/27427\/revisions\/27430"}],"wp:featuredmedia":[{"embeddable":true,"href":"https:\/\/novosaopaulo.com.br\/n1\/wp-json\/wp\/v2\/media\/27428"}],"wp:attachment":[{"href":"https:\/\/novosaopaulo.com.br\/n1\/wp-json\/wp\/v2\/media?parent=27427"}],"wp:term":[{"taxonomy":"category","embeddable":true,"href":"https:\/\/novosaopaulo.com.br\/n1\/wp-json\/wp\/v2\/categories?post=27427"},{"taxonomy":"post_tag","embeddable":true,"href":"https:\/\/novosaopaulo.com.br\/n1\/wp-json\/wp\/v2\/tags?post=27427"}],"curies":[{"name":"wp","href":"https:\/\/api.w.org\/{rel}","templated":true}]}}