{"id":27407,"date":"2025-12-26T18:20:04","date_gmt":"2025-12-26T21:20:04","guid":{"rendered":"https:\/\/novosaopaulo.com.br\/n1\/?p=27407"},"modified":"2025-12-26T18:20:04","modified_gmt":"2025-12-26T21:20:04","slug":"cuidado-com-as-pessoas-gestao-saulo-souza-amplia-politicas-publicas-voltadas-as-mulheres-familias-e-aos-mais-vulneraveis","status":"publish","type":"post","link":"https:\/\/novosaopaulo.com.br\/n1\/cuidado-com-as-pessoas-gestao-saulo-souza-amplia-politicas-publicas-voltadas-as-mulheres-familias-e-aos-mais-vulneraveis\/","title":{"rendered":"Cuidado com as pessoas: Gest\u00e3o Saulo Souza amplia pol\u00edticas p\u00fablicas voltadas \u00e0s mulheres, fam\u00edlias e aos mais vulner\u00e1veis"},"content":{"rendered":"\n<p>Inaugura\u00e7\u00e3o do Sa\u00fade da Mulher Poaense, realiza\u00e7\u00e3o da caminhada Outubro Rosa, do projeto \u201cM\u00e3os que Fazem\u201d e do Mega Bazar Social s\u00e3o algumas das a\u00e7\u00f5es desenvolvidas ao longo deste ano<\/p>\n\n\n\n<p>A Prefeitura de Po\u00e1 tem consolidado, desde o in\u00edcio da atual gest\u00e3o, uma pol\u00edtica p\u00fablica pautada no cuidado com as pessoas, com a amplia\u00e7\u00e3o de servi\u00e7os nas \u00e1reas da sa\u00fade, assist\u00eancia social e prote\u00e7\u00e3o aos mais vulner\u00e1veis. Sob a lideran\u00e7a do prefeito Saulo Souza, com o apoio da primeira-dama e presidente do Fundo Social, Flavia Souza, o munic\u00edpio registra avan\u00e7os significativos na aten\u00e7\u00e3o \u00e0 sa\u00fade feminina, como a inaugura\u00e7\u00e3o do Sa\u00fade da Mulher Poeanse Vanessa Valente, no fortalecimento das fam\u00edlias poaenses e no acolhimento humanizado de quem mais precisa.<br>Um dos principais marcos da gest\u00e3o, o servi\u00e7o destinado \u00e0 sa\u00fade das mulheres foi inaugurado em outubro com padr\u00e3o de cl\u00ednica particular, sendo um equipamento in\u00e9dito no munic\u00edpio, criado para oferecer atendimento integral \u00e0 popula\u00e7\u00e3o feminina em todas as fases da vida. A unidade re\u00fane, em um \u00fanico espa\u00e7o, consultas especializadas, al\u00e9m da oferta permanente de exames preventivos, como mamografia e ultrassonografia, bem como acompanhamento psicol\u00f3gico e aten\u00e7\u00e3o espec\u00edfica \u00e0 gesta\u00e7\u00e3o de alto risco.<br>O Centro representa um avan\u00e7o importante na pol\u00edtica de sa\u00fade p\u00fablica local, especialmente no enfrentamento ao c\u00e2ncer e a outras doen\u00e7as que afetam diretamente o p\u00fablico feminino. A centraliza\u00e7\u00e3o dos servi\u00e7os facilita o acesso, reduz o tempo de espera e garante um atendimento mais humanizado, com estrutura adequada e profissionais capacitados. \u201cQuando a mulher est\u00e1 bem, a fam\u00edlia est\u00e1 bem, por isso sua sa\u00fade \u00e9 uma prioridade para n\u00f3s. Em Po\u00e1 o c\u00e2ncer n\u00e3o tem vez e a mortalidade infantil e materna tamb\u00e9m n\u00e3o. Hoje nossas mulheres t\u00eam um acompanhamento eficiente e humanizado das gesta\u00e7\u00f5es, especialmente de risco\u201d, pontuou o prefeito.<\/p>\n\n\n\n<p>Caminhada Outubro Rosa<br>Al\u00e9m da amplia\u00e7\u00e3o da rede assistencial, a gest\u00e3o municipal tamb\u00e9m investiu em a\u00e7\u00f5es de conscientiza\u00e7\u00e3o e preven\u00e7\u00e3o. Um exemplo foi a realiza\u00e7\u00e3o da maior Caminhada do Outubro Rosa da hist\u00f3ria de Po\u00e1, que reuniu milhares de pessoas no centro da cidade. A mobiliza\u00e7\u00e3o, que reuniu pessoas de diferentes regi\u00f5es da cidade, refor\u00e7ou a import\u00e2ncia da preven\u00e7\u00e3o, do diagn\u00f3stico precoce e do cuidado cont\u00ednuo com a sa\u00fade da mulher, ampliando o alcance das campanhas educativas junto \u00e0 popula\u00e7\u00e3o.<\/p>\n\n\n\n<p>Bronquiolite<br>Al\u00e9m da sa\u00fade da mulher, o cuidado com a vida em Po\u00e1 come\u00e7a antes mesmo do nascimento. A administra\u00e7\u00e3o municipal implantou a vacina\u00e7\u00e3o gratuita de gestantes contra a bronquiolite, garantindo mais prote\u00e7\u00e3o aos rec\u00e9m-nascidos, especialmente nos primeiros meses de vida. A iniciativa fortalece a preven\u00e7\u00e3o de doen\u00e7as respirat\u00f3rias graves e refor\u00e7a a aten\u00e7\u00e3o \u00e0 sa\u00fade materno-infantil.<\/p>\n\n\n\n<p>Projeto Gestantes<br>Paralelamente, programas voltados ao fortalecimento das fam\u00edlias v\u00eam sendo ampliados. O Projeto Gestante oferece apoio direto \u00e0s futuras mam\u00e3es, com orienta\u00e7\u00f5es, acompanhamento e a entrega de kits completos de enxoval. A a\u00e7\u00e3o contribui para a redu\u00e7\u00e3o da vulnerabilidade social, promove mais tranquilidade durante a gesta\u00e7\u00e3o e fortalece o v\u00ednculo familiar desde os primeiros momentos.<\/p>\n\n\n\n<p>M\u00e3o que Fazem<br>Outro destaque \u00e9 o programa \u201cM\u00e3os que Fazem\u201d, que promove capacita\u00e7\u00e3o profissional e incentiva a autonomia financeira, especialmente entre mulheres em situa\u00e7\u00e3o de vulnerabilidade. A iniciativa vai al\u00e9m da assist\u00eancia imediata ao oferecer oportunidades de gera\u00e7\u00e3o de renda e fortalecimento da independ\u00eancia econ\u00f4mica, contribuindo para a transforma\u00e7\u00e3o social a longo prazo.<\/p>\n\n\n\n<p>Bazar Social<br>Na \u00e1rea social, a Prefeitura de Po\u00e1 intensificou as a\u00e7\u00f5es de acolhimento \u00e0s fam\u00edlias em situa\u00e7\u00e3o de vulnerabilidade. O Mega Bazar Social impactou milhares de pessoas com a distribui\u00e7\u00e3o de roupas, cobertores e itens essenciais, garantindo dignidade e apoio, especialmente em per\u00edodos de maior necessidade.<\/p>\n\n\n\n<p>Opera\u00e7\u00e3o Inverno<br>Com a chegada do frio, em junho a gest\u00e3o refor\u00e7ou a Opera\u00e7\u00e3o Inverno, voltada \u00e0 popula\u00e7\u00e3o em situa\u00e7\u00e3o de rua. Al\u00e9m de abrigo, alimenta\u00e7\u00e3o e kits de higiene, a a\u00e7\u00e3o trouxe um diferencial in\u00e9dito no munic\u00edpio: o acolhimento tamb\u00e9m dos animais de estima\u00e7\u00e3o das pessoas atendidas. A medida reconhece o v\u00ednculo entre tutores e seus pets, amplia a ades\u00e3o ao servi\u00e7o e torna o atendimento mais humanizado e eficaz.<\/p>\n\n\n\n<p>Doa\u00e7\u00e3o de carros oficiais<br>O olhar atento da administra\u00e7\u00e3o municipal tamb\u00e9m alcan\u00e7a os pacientes em tratamento contra o c\u00e2ncer. Neste ano, a Prefeitura de Po\u00e1 disponibilizou ve\u00edculos exclusivos do gabinete do prefeito para o transporte de pacientes oncol\u00f3gicos que precisam se deslocar para outras cidades em busca de tratamento especializado.<br>A iniciativa garante mais conforto, seguran\u00e7a e dignidade aos poaenses, reduzindo o desgaste f\u00edsico e emocional causado pelas longas viagens. O transporte adequado representa um suporte fundamental para quem enfrenta um momento delicado de sa\u00fade, refor\u00e7ando o compromisso da gest\u00e3o com o cuidado em todas as etapas da vida.<\/p>\n\n\n\n<p>Gest\u00e3o pautada no cuidado<br>Para o prefeito Saulo Souza, todas as a\u00e7\u00f5es desenvolvidas pela administra\u00e7\u00e3o municipal partem de um princ\u00edpio fundamental: o cuidado com as pessoas. Segundo ele, desde o primeiro dia de governo, a prioridade foi atender quem mais necessita da aten\u00e7\u00e3o do poder p\u00fablico.<br>\u201cQuando assumimos a Prefeitura, sab\u00edamos que era preciso olhar para a sa\u00fade da mulher, para as gestantes, para as crian\u00e7as, para quem enfrenta o c\u00e2ncer, para as fam\u00edlias em vulnerabilidade e para aqueles que vivem nas ruas. Por isso, entregamos o Centro de Sa\u00fade da Mulher, uma linda cl\u00ednica particular que vem revolucionando os servi\u00e7os na cidade, al\u00e9m da preven\u00e7\u00e3o com campanhas como o Outubro Rosa. Tamb\u00e9m investimos na capacita\u00e7\u00e3o e no acolhimento das fam\u00edlias, protegemos quem mais sofre no frio, inclusive os animais, e garantimos dignidade aos pacientes oncol\u00f3gicos. Governar \u00e9 estar presente, acolher, proteger e construir uma cidade mais humana para todos\u201d, destacou o prefeito.<\/p>\n\n\n\n<p>Fotos: Irineu J\u00fanior<\/p>\n\n\n\n<p><\/p>\n","protected":false},"excerpt":{"rendered":"<p>Inaugura\u00e7\u00e3o do Sa\u00fade da Mulher Poaense, realiza\u00e7\u00e3o da caminhada Outubro Rosa, do projeto \u201cM\u00e3os que&#8230;<\/p>\n","protected":false},"author":1,"featured_media":27408,"comment_status":"open","ping_status":"open","sticky":false,"template":"","format":"standard","meta":{"footnotes":""},"categories":[8],"tags":[],"featured_image_urls":{"full":["https:\/\/novosaopaulo.com.br\/n1\/wp-content\/uploads\/2025\/12\/WhatsApp-Image-2025-12-26-at-15.15.08.jpeg",1280,720,false],"thumbnail":["https:\/\/novosaopaulo.com.br\/n1\/wp-content\/uploads\/2025\/12\/WhatsApp-Image-2025-12-26-at-15.15.08-150x150.jpeg",150,150,true],"medium":["https:\/\/novosaopaulo.com.br\/n1\/wp-content\/uploads\/2025\/12\/WhatsApp-Image-2025-12-26-at-15.15.08-300x169.jpeg",300,169,true],"medium_large":["https:\/\/novosaopaulo.com.br\/n1\/wp-content\/uploads\/2025\/12\/WhatsApp-Image-2025-12-26-at-15.15.08-768x432.jpeg",640,360,true],"large":["https:\/\/novosaopaulo.com.br\/n1\/wp-content\/uploads\/2025\/12\/WhatsApp-Image-2025-12-26-at-15.15.08-1024x576.jpeg",640,360,true],"1536x1536":["https:\/\/novosaopaulo.com.br\/n1\/wp-content\/uploads\/2025\/12\/WhatsApp-Image-2025-12-26-at-15.15.08.jpeg",1280,720,false],"2048x2048":["https:\/\/novosaopaulo.com.br\/n1\/wp-content\/uploads\/2025\/12\/WhatsApp-Image-2025-12-26-at-15.15.08.jpeg",1280,720,false],"newsever-slider-full":["https:\/\/novosaopaulo.com.br\/n1\/wp-content\/uploads\/2025\/12\/WhatsApp-Image-2025-12-26-at-15.15.08.jpeg",1280,720,false],"newsever-featured":["https:\/\/novosaopaulo.com.br\/n1\/wp-content\/uploads\/2025\/12\/WhatsApp-Image-2025-12-26-at-15.15.08-1024x576.jpeg",1024,576,true],"newsever-medium":["https:\/\/novosaopaulo.com.br\/n1\/wp-content\/uploads\/2025\/12\/WhatsApp-Image-2025-12-26-at-15.15.08-720x475.jpeg",720,475,true]},"author_info":{"display_name":"Reda\u00e7\u00e3o","author_link":"https:\/\/novosaopaulo.com.br\/n1\/author\/g5poa\/"},"category_info":"<a href=\"https:\/\/novosaopaulo.com.br\/n1\/category\/poa\/\" rel=\"category tag\">Po\u00e1<\/a>","tag_info":"Po\u00e1","comment_count":"0","_links":{"self":[{"href":"https:\/\/novosaopaulo.com.br\/n1\/wp-json\/wp\/v2\/posts\/27407"}],"collection":[{"href":"https:\/\/novosaopaulo.com.br\/n1\/wp-json\/wp\/v2\/posts"}],"about":[{"href":"https:\/\/novosaopaulo.com.br\/n1\/wp-json\/wp\/v2\/types\/post"}],"author":[{"embeddable":true,"href":"https:\/\/novosaopaulo.com.br\/n1\/wp-json\/wp\/v2\/users\/1"}],"replies":[{"embeddable":true,"href":"https:\/\/novosaopaulo.com.br\/n1\/wp-json\/wp\/v2\/comments?post=27407"}],"version-history":[{"count":1,"href":"https:\/\/novosaopaulo.com.br\/n1\/wp-json\/wp\/v2\/posts\/27407\/revisions"}],"predecessor-version":[{"id":27409,"href":"https:\/\/novosaopaulo.com.br\/n1\/wp-json\/wp\/v2\/posts\/27407\/revisions\/27409"}],"wp:featuredmedia":[{"embeddable":true,"href":"https:\/\/novosaopaulo.com.br\/n1\/wp-json\/wp\/v2\/media\/27408"}],"wp:attachment":[{"href":"https:\/\/novosaopaulo.com.br\/n1\/wp-json\/wp\/v2\/media?parent=27407"}],"wp:term":[{"taxonomy":"category","embeddable":true,"href":"https:\/\/novosaopaulo.com.br\/n1\/wp-json\/wp\/v2\/categories?post=27407"},{"taxonomy":"post_tag","embeddable":true,"href":"https:\/\/novosaopaulo.com.br\/n1\/wp-json\/wp\/v2\/tags?post=27407"}],"curies":[{"name":"wp","href":"https:\/\/api.w.org\/{rel}","templated":true}]}}