{"id":27359,"date":"2025-12-19T14:49:49","date_gmt":"2025-12-19T17:49:49","guid":{"rendered":"https:\/\/novosaopaulo.com.br\/n1\/?p=27359"},"modified":"2025-12-19T14:49:50","modified_gmt":"2025-12-19T17:49:50","slug":"dra-marina-carvalho-e-a-importancia-da-etica-na-estetica-profissional","status":"publish","type":"post","link":"https:\/\/novosaopaulo.com.br\/n1\/dra-marina-carvalho-e-a-importancia-da-etica-na-estetica-profissional\/","title":{"rendered":"Dra. Marina Carvalho e a import\u00e2ncia da \u00e9tica na est\u00e9tica profissional"},"content":{"rendered":"\n<p>Biom\u00e9dica esteta, educadora e perita judicial construiu uma carreira marcada por inova\u00e7\u00e3o, ci\u00eancia e forma\u00e7\u00e3o de mais de 20 mil profissionais ao redor do mundo<\/p>\n\n\n\n<p>A hist\u00f3ria profissional da Dra. Marina Carvalho \u00e9 um exemplo de como paix\u00e3o, estudo cont\u00ednuo e vis\u00e3o estrat\u00e9gica podem transformar uma carreira e impactar milhares de vidas. Com mais de 16 anos de atua\u00e7\u00e3o no universo da est\u00e9tica, ela construiu um caminho s\u00f3lido que a levou da micropigmenta\u00e7\u00e3o \u00e0 biomedicina est\u00e9tica, consolidando-se tamb\u00e9m como educadora e perita judicial em um dos mercados que mais crescem na \u00e1rea da sa\u00fade e bem-estar.<\/p>\n\n\n\n<p>Uma voca\u00e7\u00e3o que come\u00e7ou cedo<\/p>\n\n\n\n<p>O interesse de Marina pela est\u00e9tica surgiu ainda na inf\u00e2ncia. Fascinada por maquiagem desde pequena e encantada pelo universo da tatuagem na adolesc\u00eancia, ela encontrou, aos 18 anos, a oportunidade de unir essas duas paix\u00f5es ao conhecer a ent\u00e3o chamada \u201cmaquiagem definitiva\u201d, hoje conhecida como micropigmenta\u00e7\u00e3o. Poucos dias ap\u00f3s completar a maioridade, concluiu seu primeiro curso na \u00e1rea e, no mesmo ano, finalizou a forma\u00e7\u00e3o em Est\u00e9tica Facial.<br>J\u00e1 atuando com design de sobrancelhas desde os 16 anos, seu talento se destacou rapidamente. A busca constante por excel\u00eancia a levou a investir em especializa\u00e7\u00f5es avan\u00e7adas e cursos internacionais com refer\u00eancias mundiais como Phi Brows, Daria Chuprys e David Brown, al\u00e9m de aprofundamentos t\u00e9cnicos em colorimetria, fios realistas e outras t\u00e9cnicas est\u00e9ticas.<\/p>\n\n\n\n<p>O olhar t\u00e9cnico que abriu novos caminhos<\/p>\n\n\n\n<p>A pr\u00e1tica cl\u00ednica trouxe questionamentos que mudariam o rumo da sua carreira. Muitas pacientes desejavam sobrancelhas com arqueamento acentuado, algo que n\u00e3o respeitava a anatomia facial. Foi nesse momento que Marina compreendeu a import\u00e2ncia de entender profundamente m\u00fasculos, tecidos e fisiologia, o que a motivou a ingressar na faculdade de Biomedicina, em 2018.<\/p>\n\n\n\n<p>Esse passo ampliou sua vis\u00e3o sobre a est\u00e9tica como \u00e1rea da sa\u00fade e abriu portas para novas possibilidades profissionais. Mas foi em 2019 que sua trajet\u00f3ria ganhou proje\u00e7\u00e3o nacional e internacional.<\/p>\n\n\n\n<p>A virada internacional e o reconhecimento no mercado<\/p>\n\n\n\n<p>No in\u00edcio de 2019, Marina viajou \u00e0 Coreia do Sul para aprender uma t\u00e9cnica inovadora chamada BB Glow. Ao descobrir o potencial real do procedimento \u2014 focado em tratamento e qualidade da pele \u2014 trouxe a novidade para o Brasil e rapidamente se tornou refer\u00eancia. O reconhecimento veio com convites para palestras em grandes eventos do setor, entrevistas e a forma\u00e7\u00e3o de centenas de alunas em poucos meses.<\/p>\n\n\n\n<p>Pouco tempo depois, apresentou ao mercado brasileiro a t\u00e9cnica da caneta pressurizada Hyaluron Pen, que injeta ativos na pele por press\u00e3o, sem o uso de agulhas. A inova\u00e7\u00e3o teve crescimento exponencial e consolidou Marina como uma das principais educadoras da \u00e1rea, formando mais de 3 mil alunas, ministrando aulas em todos os estados do Brasil e tamb\u00e9m no exterior, incluindo Portugal.<\/p>\n\n\n\n<p>Seu trabalho cient\u00edfico tamb\u00e9m ganhou destaque. Convidada pela Seven Publica\u00e7\u00f5es, escreveu artigos cient\u00edficos sobre a aplica\u00e7\u00e3o da caneta pressurizada na est\u00e9tica facial e corporal, publicados na revista Ci\u00eancias da Sa\u00fade e suas Descobertas Cient\u00edficas, refor\u00e7ando a import\u00e2ncia da est\u00e9tica baseada em evid\u00eancias.<\/p>\n\n\n\n<p>Est\u00e9tica avan\u00e7ada: sa\u00fade, bem-estar e acesso<\/p>\n\n\n\n<p>Para a Dra. Marina, a est\u00e9tica avan\u00e7ada representa uma evolu\u00e7\u00e3o tanto para profissionais quanto para pacientes. Do ponto de vista profissional, possibilita rentabilidade real e reconhecimento, j\u00e1 que os procedimentos oferecem resultados vis\u00edveis em curto prazo. Para os pacientes, significa acesso a tratamentos eficazes que melhoram a qualidade da pele, reposicionam tecidos e retardam o envelhecimento, muitas vezes evitando procedimentos cir\u00fargicos.<\/p>\n\n\n\n<p>Com tecnologias como bioestimuladores de col\u00e1geno, fios de PDO e preenchedores, \u00e9 poss\u00edvel promover sa\u00fade e bem-estar de forma segura, natural e com excelente custo-benef\u00edcio, ampliando o acesso da popula\u00e7\u00e3o a cuidados antes restritos a cirurgias.<\/p>\n\n\n\n<p>Desafios, resili\u00eancia e identidade<\/p>\n\n\n\n<p>A consolida\u00e7\u00e3o no mercado n\u00e3o veio sem desafios. M\u00e3e solo desde os 19 anos, Marina precisou conciliar maternidade, estudos, trabalho, gest\u00e3o de carreira e presen\u00e7a digital. Enfrentou negativas, tentativas de desvaloriza\u00e7\u00e3o e obst\u00e1culos comuns a quem cresce sem grandes investimentos iniciais.<br>Determinada e com valores bem definidos, encontrou na resili\u00eancia e na clareza de prop\u00f3sito a for\u00e7a para seguir. Para ela, desistir nunca foi uma op\u00e7\u00e3o \u2014 o caminho sempre foi estudo, preparo, trabalho e consist\u00eancia.<\/p>\n\n\n\n<p>Biomedicina est\u00e9tica e per\u00edcia judicial<\/p>\n\n\n\n<p>A forma\u00e7\u00e3o em Biomedicina Est\u00e9tica, conclu\u00edda em 2023, ampliou ainda mais sua atua\u00e7\u00e3o, trazendo seguran\u00e7a jur\u00eddica, reconhecimento profissional e liberdade financeira. Al\u00e9m disso, Marina atua como perita judicial, colocando seu conhecimento t\u00e9cnico a servi\u00e7o da Justi\u00e7a em processos relacionados \u00e0 est\u00e9tica.<\/p>\n\n\n\n<p>Ela defende que a presen\u00e7a de profissionais qualificados como peritos \u00e9 fundamental para fortalecer o mercado, refor\u00e7ando a est\u00e9tica como \u00e1rea da sa\u00fade e alertando para os riscos de procedimentos mal executados.<\/p>\n\n\n\n<p>Ensino que transforma vidas ao redor do mundo<\/p>\n\n\n\n<p>A atua\u00e7\u00e3o educacional surgiu da escuta atenta \u00e0s necessidades das alunas. Diante da demanda por forma\u00e7\u00f5es mais longas e acess\u00edveis, Marina estruturou seus cursos online, lan\u00e7ados em 2020, que cresceram significativamente durante a pandemia. Hoje, seus conte\u00fados est\u00e3o dispon\u00edveis em portugu\u00eas, espanhol, ingl\u00eas e alem\u00e3o, somando mais de 20 mil alunas formadas em todo o mundo.<\/p>\n\n\n\n<p>\u00c0 frente da Merani Academy e da Merani Clinic, ela conta com equipes especializadas que garantem excel\u00eancia no ensino, suporte cont\u00ednuo e qualidade na pr\u00e1tica cl\u00ednica, mantendo um faturamento mensal acima de seis d\u00edgitos.<\/p>\n\n\n\n<p>Projetos e expectativas para 2026<\/p>\n\n\n\n<p>Com a carreira consolidada nacional e internacionalmente, Marina direciona seus esfor\u00e7os para expans\u00e3o estrat\u00e9gica. Na cl\u00ednica, o foco \u00e9 ampliar o quadro de colaboradoras e aumentar o faturamento. Na \u00e1rea educacional, o destaque \u00e9 a plataforma Hof Prime, que re\u00fane cursos completos com acesso anual, suporte direto e novos lan\u00e7amentos programados a cada dois meses.<\/p>\n\n\n\n<p>Para 2026, o objetivo \u00e9 democratizar ainda mais o ensino de qualidade, levando conhecimento t\u00e9cnico, did\u00e1tico e acess\u00edvel a profissionais da est\u00e9tica em diferentes partes do mundo.<\/p>\n\n\n\n<p>Mais do que resultados financeiros, a Dra. Marina Carvalho se define como algu\u00e9m que se descobriu professora ao longo da pr\u00f3pria trajet\u00f3ria. Sua maior realiza\u00e7\u00e3o est\u00e1 em acompanhar a evolu\u00e7\u00e3o de suas alunas e perceber o impacto que um ensino pautado na clareza, na \u00e9tica e na responsabilidade pode gerar. Para ela, a est\u00e9tica vai al\u00e9m dos procedimentos: quando bem ensinada, torna-se uma poderosa ferramenta de transforma\u00e7\u00e3o profissional e pessoal. Atualmente, a especialista conta com uma equipe formada por sete colaboradores, que atuam de forma integrada no desenvolvimento de seus projetos e na forma\u00e7\u00e3o de novos profissionais.<\/p>\n\n\n\n<p>Saiba mais sobre a especialista no Instagram: @dra_marinacarvalho<\/p>\n","protected":false},"excerpt":{"rendered":"<p>Biom\u00e9dica esteta, educadora e perita judicial construiu uma carreira marcada por inova\u00e7\u00e3o, ci\u00eancia e forma\u00e7\u00e3o&#8230;<\/p>\n","protected":false},"author":1,"featured_media":27360,"comment_status":"open","ping_status":"open","sticky":false,"template":"","format":"standard","meta":{"footnotes":""},"categories":[38],"tags":[],"featured_image_urls":{"full":["https:\/\/novosaopaulo.com.br\/n1\/wp-content\/uploads\/2025\/12\/WhatsApp-Image-2025-12-19-at-09.12.42.jpeg",800,582,false],"thumbnail":["https:\/\/novosaopaulo.com.br\/n1\/wp-content\/uploads\/2025\/12\/WhatsApp-Image-2025-12-19-at-09.12.42-150x150.jpeg",150,150,true],"medium":["https:\/\/novosaopaulo.com.br\/n1\/wp-content\/uploads\/2025\/12\/WhatsApp-Image-2025-12-19-at-09.12.42-300x218.jpeg",300,218,true],"medium_large":["https:\/\/novosaopaulo.com.br\/n1\/wp-content\/uploads\/2025\/12\/WhatsApp-Image-2025-12-19-at-09.12.42-768x559.jpeg",640,466,true],"large":["https:\/\/novosaopaulo.com.br\/n1\/wp-content\/uploads\/2025\/12\/WhatsApp-Image-2025-12-19-at-09.12.42.jpeg",640,466,false],"1536x1536":["https:\/\/novosaopaulo.com.br\/n1\/wp-content\/uploads\/2025\/12\/WhatsApp-Image-2025-12-19-at-09.12.42.jpeg",800,582,false],"2048x2048":["https:\/\/novosaopaulo.com.br\/n1\/wp-content\/uploads\/2025\/12\/WhatsApp-Image-2025-12-19-at-09.12.42.jpeg",800,582,false],"newsever-slider-full":["https:\/\/novosaopaulo.com.br\/n1\/wp-content\/uploads\/2025\/12\/WhatsApp-Image-2025-12-19-at-09.12.42.jpeg",800,582,false],"newsever-featured":["https:\/\/novosaopaulo.com.br\/n1\/wp-content\/uploads\/2025\/12\/WhatsApp-Image-2025-12-19-at-09.12.42.jpeg",800,582,false],"newsever-medium":["https:\/\/novosaopaulo.com.br\/n1\/wp-content\/uploads\/2025\/12\/WhatsApp-Image-2025-12-19-at-09.12.42-720x475.jpeg",720,475,true]},"author_info":{"display_name":"Reda\u00e7\u00e3o","author_link":"https:\/\/novosaopaulo.com.br\/n1\/author\/g5poa\/"},"category_info":"<a href=\"https:\/\/novosaopaulo.com.br\/n1\/category\/joao-costa\/\" rel=\"category tag\">Jo\u00e3o Costa<\/a>","tag_info":"Jo\u00e3o Costa","comment_count":"0","_links":{"self":[{"href":"https:\/\/novosaopaulo.com.br\/n1\/wp-json\/wp\/v2\/posts\/27359"}],"collection":[{"href":"https:\/\/novosaopaulo.com.br\/n1\/wp-json\/wp\/v2\/posts"}],"about":[{"href":"https:\/\/novosaopaulo.com.br\/n1\/wp-json\/wp\/v2\/types\/post"}],"author":[{"embeddable":true,"href":"https:\/\/novosaopaulo.com.br\/n1\/wp-json\/wp\/v2\/users\/1"}],"replies":[{"embeddable":true,"href":"https:\/\/novosaopaulo.com.br\/n1\/wp-json\/wp\/v2\/comments?post=27359"}],"version-history":[{"count":1,"href":"https:\/\/novosaopaulo.com.br\/n1\/wp-json\/wp\/v2\/posts\/27359\/revisions"}],"predecessor-version":[{"id":27361,"href":"https:\/\/novosaopaulo.com.br\/n1\/wp-json\/wp\/v2\/posts\/27359\/revisions\/27361"}],"wp:featuredmedia":[{"embeddable":true,"href":"https:\/\/novosaopaulo.com.br\/n1\/wp-json\/wp\/v2\/media\/27360"}],"wp:attachment":[{"href":"https:\/\/novosaopaulo.com.br\/n1\/wp-json\/wp\/v2\/media?parent=27359"}],"wp:term":[{"taxonomy":"category","embeddable":true,"href":"https:\/\/novosaopaulo.com.br\/n1\/wp-json\/wp\/v2\/categories?post=27359"},{"taxonomy":"post_tag","embeddable":true,"href":"https:\/\/novosaopaulo.com.br\/n1\/wp-json\/wp\/v2\/tags?post=27359"}],"curies":[{"name":"wp","href":"https:\/\/api.w.org\/{rel}","templated":true}]}}