{"id":27283,"date":"2025-12-12T21:02:47","date_gmt":"2025-12-13T00:02:47","guid":{"rendered":"https:\/\/novosaopaulo.com.br\/n1\/?p=27283"},"modified":"2025-12-12T21:02:48","modified_gmt":"2025-12-13T00:02:48","slug":"saulo-souza-inaugura-estacao-natal-2025-e-abre-oficialmente-as-celebracoes-natalinas-em-poa","status":"publish","type":"post","link":"https:\/\/novosaopaulo.com.br\/n1\/saulo-souza-inaugura-estacao-natal-2025-e-abre-oficialmente-as-celebracoes-natalinas-em-poa\/","title":{"rendered":"Saulo Souza inaugura Esta\u00e7\u00e3o Natal 2025 e abre oficialmente as celebra\u00e7\u00f5es natalinas em Po\u00e1"},"content":{"rendered":"\n<p>Programa\u00e7\u00e3o segue at\u00e9 23 de dezembro com atra\u00e7\u00f5es gratuitas, decora\u00e7\u00e3o tem\u00e1tica e trenzinho natalino<\/p>\n\n\n\n<p>A Esta\u00e7\u00e3o Natal Po\u00e1 2025 foi oficialmente inaugurada nesta sexta-feira (12), na Pra\u00e7a de Eventos Luc\u00edlia Gomes Felippe, pelo prefeito Saulo Souza e pela primeira-dama e presidente do Fundo Social, Flavia Souza, para marcar a retomada das celebra\u00e7\u00f5es natalinas do munic\u00edpio. At\u00e9 23 de dezembro, sempre das 15 \u00e0s 20 horas, a cidade receber\u00e1 uma programa\u00e7\u00e3o especial que inclui a Vila de Natal, Casa do Papai Noel, decora\u00e7\u00e3o tem\u00e1tica, brinquedos infl\u00e1veis, atra\u00e7\u00f5es culturais gratuitas e o trenzinho natalino que percorre diversos pontos da cidade. J\u00e1 a Pra\u00e7a da B\u00edblia abriga a maior \u00e1rvore de Natal j\u00e1 instalada em Po\u00e1, refor\u00e7ando o brilho especial desta edi\u00e7\u00e3o.<\/p>\n\n\n\n<p>O p\u00fablico se emocionou com as performances que abriram oficialmente a Esta\u00e7\u00e3o Natal Po\u00e1. A cerim\u00f4nia contou uma cantata composta por alunos das Embs Professora Cybele de Paiva Valsecchi, Professora Solange de Jesus Martins, Professor Vereador C\u00e2ndido Jos\u00e9 Balazaima, Professora Ant\u00f4nia Mello Regianni, Emeb Professora Walkiria Janonni Vieira, Dr. Jo\u00e3o Pedro de Almeida CEP Prof. Jos\u00e9 Ant\u00f4nio Bortolozzo, al\u00e9m do Projeto de M\u00fasica da Escola Estadual Professora Maria Aparecida Ferreira.<\/p>\n\n\n\n<p>Durante sua fala, o prefeito Saulo Souza destacou que o evento simboliza o compromisso da administra\u00e7\u00e3o municipal em levar excel\u00eancia a cada detalhe da cidade, resgatando a esperan\u00e7a de um novo tempo, marcado por transforma\u00e7\u00e3o social e melhoria na qualidade de vida. \u201cO verdadeiro sentido do Natal est\u00e1 na presen\u00e7a de Jesus nas fam\u00edlias e nos cora\u00e7\u00f5es. Desejo um Natal aben\u00e7oado a todos, com sa\u00fade, prosperidade e uni\u00e3o. A Esta\u00e7\u00e3o de Natal vai al\u00e9m da ilumina\u00e7\u00e3o e da decora\u00e7\u00e3o: \u00e9 um convite para que sorrisos sejam semeados, para que pais e filhos vivam momentos especiais e para que la\u00e7os familiares sejam fortalecidos por meio da renova\u00e7\u00e3o da f\u00e9\u201d, afirmou, antes de declarar oficialmente inaugurada a programa\u00e7\u00e3o natalina, parabenizando tamb\u00e9m as escolas e os alunos pelas apresenta\u00e7\u00f5es que marcaram a abertura do evento.<\/p>\n\n\n\n<p>A primeira-dama e presidente do Fundo Social de Po\u00e1, Flavia Souza, destacou que todo o espa\u00e7o foi preparado com muito amor e dedica\u00e7\u00e3o para proporcionar um Natal inesquec\u00edvel \u00e0s fam\u00edlias poaenses. \u201cA Vila de Natal conta com oficinas, pipoca, algod\u00e3o-doce, brinquedos infl\u00e1veis e o tradicional trenzinho que percorrer\u00e1 a cidade. Tudo isso foi idealizado para criar mem\u00f3rias especiais para as crian\u00e7as. A popula\u00e7\u00e3o de Po\u00e1 merece o melhor. Quero agradecer a todos os amigos do Fundo Social pela realiza\u00e7\u00e3o desse lindo projeto\u201d, afirmou.<\/p>\n\n\n\n<p>A Vila de Natal<\/p>\n\n\n\n<p>Com atmosfera m\u00e1gica, a Vila de Natal re\u00fane atra\u00e7\u00f5es que convidam moradores e visitantes a registrar momentos especiais. A Casa do Papai Noel \u00e9 um dos principais pontos de visita\u00e7\u00e3o, assim como os espa\u00e7os instagram\u00e1veis espalhados pela pra\u00e7a.<\/p>\n\n\n\n<p>Al\u00e9m da decora\u00e7\u00e3o tem\u00e1tica e da presen\u00e7a di\u00e1ria do bom velhinho, a Vila conta com brinquedos infl\u00e1veis, distribui\u00e7\u00e3o gratuita de pipoca e algod\u00e3o-doce, e apresenta\u00e7\u00f5es musicais que embalam o clima natalino diariamente. A programa\u00e7\u00e3o cultural foi pensada para todas as idades e pretende transformar a Pra\u00e7a de Eventos em um ponto de encontro para fam\u00edlias e grupos de amigos.<\/p>\n\n\n\n<p>Trenzinho<\/p>\n\n\n\n<p>Outro destaque desta edi\u00e7\u00e3o \u00e9 o trem natalino, que parte diariamente da Esta\u00e7\u00e3o Natal Po\u00e1 para um percurso encantador pelo centro da cidade. Entre os locais contemplados est\u00e1 a Pra\u00e7a da B\u00edblia, que sedia a maior \u00e1rvore de Natal j\u00e1 montada no munic\u00edpio. O monumento iluminado se torna um dos cen\u00e1rios mais fotografados da cidade e refor\u00e7a o clima de magia que se espalha por todo o munic\u00edpio.<\/p>\n\n\n\n<p>Programa\u00e7\u00e3o cultural<\/p>\n\n\n\n<p>A Esta\u00e7\u00e3o Natal Po\u00e1 2025 oferece uma agenda cultural diversificada, que valoriza talentos locais e amplia o acesso \u00e0 arte.<\/p>\n\n\n\n<p>Neste primeiro fim de semana contar\u00e1 com apresenta\u00e7\u00f5es do coral de 150 vozes, al\u00e9m da Banda Marcial e do Coral Municipal. J\u00e1 entre os dias 15 e 16, a programa\u00e7\u00e3o segue durante toda a tarde, reunindo diferentes grupos culturais.<\/p>\n\n\n\n<p>No dia 17, o p\u00fablico poder\u00e1 acompanhar atividades de Dan\u00e7a Circular, seguidas por outras apresenta\u00e7\u00f5es que ocupam todo o per\u00edodo. O formato se repete na quinta e sexta-feira, com atra\u00e7\u00f5es para todas as idades e participa\u00e7\u00e3o de grupos da terceira idade.<\/p>\n\n\n\n<p>No s\u00e1bado, dia 20, a programa\u00e7\u00e3o conta com grupos culturais de grande destaque, como a Igreja Tabern\u00e1culo, o Coral ICM, formado por bailarinas, m\u00fasicos e atores, al\u00e9m orquestras convidadas. No domingo, 21, o clima familiar continua com apresenta\u00e7\u00f5es de dan\u00e7a da terceira idade, entre outras atividades que encerram o final de semana.<\/p>\n\n\n\n<p>A segunda-feira, 22, mant\u00e9m a programa\u00e7\u00e3o cont\u00ednua de atra\u00e7\u00f5es ao longo da tarde. J\u00e1 no dia 23 de dezembro, Po\u00e1 encerra oficialmente a Esta\u00e7\u00e3o Natal 2025 com uma s\u00e9rie de apresenta\u00e7\u00f5es especiais que celebram o esp\u00edrito natalino e marcam o final do circuito cultural.<\/p>\n\n\n\n<p>Opera\u00e7\u00e3o Papai Noel<\/p>\n\n\n\n<p>Em paralelo ao evento, a prefeitura intensificou as a\u00e7\u00f5es de seguran\u00e7a com a Opera\u00e7\u00e3o Papai Noel, que amplia o policiamento preventivo para garantir tranquilidade a moradores, visitantes e comerciantes.<\/p>\n\n\n\n<p>A iniciativa envolve a Guarda Civil Municipal (GCM), Pol\u00edcia Militar e Pol\u00edcia Civil, com rondas refor\u00e7adas em pontos estrat\u00e9gicos como as avenidas Nove de Julho e Get\u00falio Vargas, a rua Vinte e Seis de Mar\u00e7o e demais corredores comerciais.<\/p>\n\n\n\n<p>A opera\u00e7\u00e3o conta tamb\u00e9m com o apoio da Associa\u00e7\u00e3o Comercial e Industrial de Po\u00e1 (ACIPOA), fortalecendo o compromisso conjunto com a prote\u00e7\u00e3o dos consumidores e trabalhadores durante o per\u00edodo festivo, marcado por maior fluxo de pessoas.<\/p>\n\n\n\n<p>Foto: Irineu J\u00fanior<\/p>\n","protected":false},"excerpt":{"rendered":"<p>Programa\u00e7\u00e3o segue at\u00e9 23 de dezembro com atra\u00e7\u00f5es gratuitas, decora\u00e7\u00e3o tem\u00e1tica e trenzinho natalino A&#8230;<\/p>\n","protected":false},"author":1,"featured_media":27284,"comment_status":"open","ping_status":"open","sticky":false,"template":"","format":"standard","meta":{"footnotes":""},"categories":[8],"tags":[],"featured_image_urls":{"full":["https:\/\/novosaopaulo.com.br\/n1\/wp-content\/uploads\/2025\/12\/WhatsApp-Image-2025-12-12-at-20.53.45.jpeg",1600,900,false],"thumbnail":["https:\/\/novosaopaulo.com.br\/n1\/wp-content\/uploads\/2025\/12\/WhatsApp-Image-2025-12-12-at-20.53.45-150x150.jpeg",150,150,true],"medium":["https:\/\/novosaopaulo.com.br\/n1\/wp-content\/uploads\/2025\/12\/WhatsApp-Image-2025-12-12-at-20.53.45-300x169.jpeg",300,169,true],"medium_large":["https:\/\/novosaopaulo.com.br\/n1\/wp-content\/uploads\/2025\/12\/WhatsApp-Image-2025-12-12-at-20.53.45-768x432.jpeg",640,360,true],"large":["https:\/\/novosaopaulo.com.br\/n1\/wp-content\/uploads\/2025\/12\/WhatsApp-Image-2025-12-12-at-20.53.45-1024x576.jpeg",640,360,true],"1536x1536":["https:\/\/novosaopaulo.com.br\/n1\/wp-content\/uploads\/2025\/12\/WhatsApp-Image-2025-12-12-at-20.53.45-1536x864.jpeg",1536,864,true],"2048x2048":["https:\/\/novosaopaulo.com.br\/n1\/wp-content\/uploads\/2025\/12\/WhatsApp-Image-2025-12-12-at-20.53.45.jpeg",1600,900,false],"newsever-slider-full":["https:\/\/novosaopaulo.com.br\/n1\/wp-content\/uploads\/2025\/12\/WhatsApp-Image-2025-12-12-at-20.53.45-1280x845.jpeg",1280,845,true],"newsever-featured":["https:\/\/novosaopaulo.com.br\/n1\/wp-content\/uploads\/2025\/12\/WhatsApp-Image-2025-12-12-at-20.53.45-1024x576.jpeg",1024,576,true],"newsever-medium":["https:\/\/novosaopaulo.com.br\/n1\/wp-content\/uploads\/2025\/12\/WhatsApp-Image-2025-12-12-at-20.53.45-720x475.jpeg",720,475,true]},"author_info":{"display_name":"Reda\u00e7\u00e3o","author_link":"https:\/\/novosaopaulo.com.br\/n1\/author\/g5poa\/"},"category_info":"<a href=\"https:\/\/novosaopaulo.com.br\/n1\/category\/poa\/\" rel=\"category tag\">Po\u00e1<\/a>","tag_info":"Po\u00e1","comment_count":"0","_links":{"self":[{"href":"https:\/\/novosaopaulo.com.br\/n1\/wp-json\/wp\/v2\/posts\/27283"}],"collection":[{"href":"https:\/\/novosaopaulo.com.br\/n1\/wp-json\/wp\/v2\/posts"}],"about":[{"href":"https:\/\/novosaopaulo.com.br\/n1\/wp-json\/wp\/v2\/types\/post"}],"author":[{"embeddable":true,"href":"https:\/\/novosaopaulo.com.br\/n1\/wp-json\/wp\/v2\/users\/1"}],"replies":[{"embeddable":true,"href":"https:\/\/novosaopaulo.com.br\/n1\/wp-json\/wp\/v2\/comments?post=27283"}],"version-history":[{"count":1,"href":"https:\/\/novosaopaulo.com.br\/n1\/wp-json\/wp\/v2\/posts\/27283\/revisions"}],"predecessor-version":[{"id":27285,"href":"https:\/\/novosaopaulo.com.br\/n1\/wp-json\/wp\/v2\/posts\/27283\/revisions\/27285"}],"wp:featuredmedia":[{"embeddable":true,"href":"https:\/\/novosaopaulo.com.br\/n1\/wp-json\/wp\/v2\/media\/27284"}],"wp:attachment":[{"href":"https:\/\/novosaopaulo.com.br\/n1\/wp-json\/wp\/v2\/media?parent=27283"}],"wp:term":[{"taxonomy":"category","embeddable":true,"href":"https:\/\/novosaopaulo.com.br\/n1\/wp-json\/wp\/v2\/categories?post=27283"},{"taxonomy":"post_tag","embeddable":true,"href":"https:\/\/novosaopaulo.com.br\/n1\/wp-json\/wp\/v2\/tags?post=27283"}],"curies":[{"name":"wp","href":"https:\/\/api.w.org\/{rel}","templated":true}]}}