{"id":27276,"date":"2025-12-12T20:58:45","date_gmt":"2025-12-12T23:58:45","guid":{"rendered":"https:\/\/novosaopaulo.com.br\/n1\/?p=27276"},"modified":"2025-12-12T20:59:17","modified_gmt":"2025-12-12T23:59:17","slug":"movimento-empresarial-power-minds-connex-estreia-programa-de-entrevistas-na-band","status":"publish","type":"post","link":"https:\/\/novosaopaulo.com.br\/n1\/movimento-empresarial-power-minds-connex-estreia-programa-de-entrevistas-na-band\/","title":{"rendered":"Movimento empresarial Power Minds Connex estreia programa de entrevistas na Band"},"content":{"rendered":"\n<p>O Power Minds Connex (PMC), movimento que promove a intera\u00e7\u00e3o das maiores mentes empreendedoras do pa\u00eds em encontros gratuitos (imers\u00f5es, palestras e confrarias), acaba de assinar contrato com a TV Band para exibi\u00e7\u00e3o de seu programa de entrevistas com os gigantes do mercado.<br>Exibido semanalmente nas manh\u00e3s de domingo a partir de fevereiro de 2026, inicialmente pela Band no Nordeste, nos estados da Bahia e Sergipe, impactando mais de 13 milh\u00f5es de pessoas, o programa \u201cPower Minds Connex TV\u201d ser\u00e1 conduzido pelo jornalista Jos\u00e9 Vicente Bernardo, que acumula passagens pelos principais meios de comunica\u00e7\u00e3o do pa\u00eds, e pelo publicit\u00e1rio e empres\u00e1rio Hebert Bouzon, fundadores do PMC.<br>O &#8220;Power Minds Connex TV&#8221; revelar\u00e1 a &#8220;caixa preta&#8221; de convidados como Fl\u00e1vio Augusto (Wiser Educa\u00e7\u00e3o), Rubens Menin (MRV), Carla Sarni (Sorridents), Eduardo Henrique (Movile), Paulo Morais (Espa\u00e7olaser) e muitos outros grandes nomes do empresariado nacional que compartilhar\u00e3o suas trajet\u00f3rias, erros, acertos e segredos.<br>O programa passar\u00e1 a ser exibido em breve tamb\u00e9m na Band S\u00e3o Paulo e se estender\u00e1 por todo o pa\u00eds, levando sua proposta de fortalecimento do empreendedorismo.<br>O MOVIMENTO<br>Idealizado por Jos\u00e9 Vicente Bernardo, jornalista, radialista, empres\u00e1rio e editor-chefe da Forbes Brasil (2016-2025), e Hebert Bouzon, empres\u00e1rio e fundador da PdD Academy, que j\u00e1 soma mais de 200 mil alunos presenciais, o Power Minds Connex nasceu na capital paulista e j\u00e1 conta com um bra\u00e7o na capital baiana. O movimento re\u00fane mensalmente um grupo seleto de empres\u00e1rios e CEOs para compartilhar estrat\u00e9gias, conhecimento e conex\u00f5es capazes de acelerar neg\u00f3cios e transformar l\u00edderes.<br>Para ilustrar a import\u00e2ncia do projeto, Bouzon refor\u00e7a que o prop\u00f3sito \u00e9 o desenvolvimento integral dos participantes no \u00e2mbito pessoal, empresarial e espiritual. \u201cTransformamos desafios em oportunidades e ambi\u00e7\u00f5es em conquistas. A troca de experi\u00eancias entre pessoas t\u00e3o relevantes nos faz evoluir de forma exponencial. Passamos a enxergar o que a concorr\u00eancia n\u00e3o \u00e9 capaz de perceber\u201d, enfatiza.<br>Al\u00e9m dos eventos abertos, como palestras e imers\u00f5es gratuitas, o Power Minds Connex realiza encontros exclusivos, tamb\u00e9m gratuitos, unindo empres\u00e1rios de m\u00e9dio e grande porte que buscam escalar seus neg\u00f3cios com m\u00e9todo, governan\u00e7a, planejamento estrat\u00e9gico, inova\u00e7\u00e3o, cultura organizacional e lideran\u00e7a.<br>\u201cO Power Minds Connex \u00e9 uma rede de grandes mentes unidas para compartilhar conhecimento, gerar conex\u00f5es genu\u00ednas e inspirar uma nova cultura de crescimento entre empreendedores\u201d, refor\u00e7a Marcelo Antonioli, estrategista digital, s\u00f3cio-fundador e diretor de opera\u00e7\u00f5es, reconhecido nacionalmente em alavancagem e crescimento de neg\u00f3cios digitais.<br>O projeto tamb\u00e9m passa a contar com a participa\u00e7\u00e3o da jornalista Roberta Nu\u00f1ez, que trar\u00e1 ao programa discuss\u00f5es sobre a forma como empres\u00e1rios se comunicam no digital e com a m\u00eddia. Para ela, a clareza das mensagens influencia diretamente a maneira como ideias circulam: \u201cHoje, comunicar n\u00e3o \u00e9 apenas aparecer, mas entender como transmitir o que se deseja dizer com inten\u00e7\u00e3o e responsabilidade\u201d, afirma a jornalista, que ter\u00e1 um quadro no programa.<br>Com sedes em Alphaville (S\u00e3o Paulo) e Salvador e previs\u00e3o de expans\u00e3o para outras capitais brasileiras, o movimento se consolida como um ecossistema colaborativo de alto impacto, voltado \u00e0 forma\u00e7\u00e3o de l\u00edderes e empresas mais s\u00f3lidas, conscientes e sustent\u00e1veis. \u201cO Power Minds Connex nasce da conviv\u00eancia direta com a alma do empreendedor brasileiro, dos iniciantes aos gigantes: suas virtudes, seus desafios e sua capacidade de realiza\u00e7\u00e3o. Reunimos o que funciona na pr\u00e1tica para acelerar a jornada de l\u00edderes que querem crescer com vis\u00e3o e consist\u00eancia\u201d, conclui Jos\u00e9 Vicente Bernardo.<\/p>\n","protected":false},"excerpt":{"rendered":"<p>O Power Minds Connex (PMC), movimento que promove a intera\u00e7\u00e3o das maiores mentes empreendedoras do&#8230;<\/p>\n","protected":false},"author":1,"featured_media":27277,"comment_status":"open","ping_status":"open","sticky":false,"template":"","format":"standard","meta":{"footnotes":""},"categories":[38],"tags":[],"featured_image_urls":{"full":["https:\/\/novosaopaulo.com.br\/n1\/wp-content\/uploads\/2025\/12\/WhatsApp-Image-2025-12-12-at-11.35.45.jpeg",1080,720,false],"thumbnail":["https:\/\/novosaopaulo.com.br\/n1\/wp-content\/uploads\/2025\/12\/WhatsApp-Image-2025-12-12-at-11.35.45-150x150.jpeg",150,150,true],"medium":["https:\/\/novosaopaulo.com.br\/n1\/wp-content\/uploads\/2025\/12\/WhatsApp-Image-2025-12-12-at-11.35.45-300x200.jpeg",300,200,true],"medium_large":["https:\/\/novosaopaulo.com.br\/n1\/wp-content\/uploads\/2025\/12\/WhatsApp-Image-2025-12-12-at-11.35.45-768x512.jpeg",640,427,true],"large":["https:\/\/novosaopaulo.com.br\/n1\/wp-content\/uploads\/2025\/12\/WhatsApp-Image-2025-12-12-at-11.35.45-1024x683.jpeg",640,427,true],"1536x1536":["https:\/\/novosaopaulo.com.br\/n1\/wp-content\/uploads\/2025\/12\/WhatsApp-Image-2025-12-12-at-11.35.45.jpeg",1080,720,false],"2048x2048":["https:\/\/novosaopaulo.com.br\/n1\/wp-content\/uploads\/2025\/12\/WhatsApp-Image-2025-12-12-at-11.35.45.jpeg",1080,720,false],"newsever-slider-full":["https:\/\/novosaopaulo.com.br\/n1\/wp-content\/uploads\/2025\/12\/WhatsApp-Image-2025-12-12-at-11.35.45.jpeg",1080,720,false],"newsever-featured":["https:\/\/novosaopaulo.com.br\/n1\/wp-content\/uploads\/2025\/12\/WhatsApp-Image-2025-12-12-at-11.35.45-1024x683.jpeg",1024,683,true],"newsever-medium":["https:\/\/novosaopaulo.com.br\/n1\/wp-content\/uploads\/2025\/12\/WhatsApp-Image-2025-12-12-at-11.35.45-720x475.jpeg",720,475,true]},"author_info":{"display_name":"Reda\u00e7\u00e3o","author_link":"https:\/\/novosaopaulo.com.br\/n1\/author\/g5poa\/"},"category_info":"<a href=\"https:\/\/novosaopaulo.com.br\/n1\/category\/joao-costa\/\" rel=\"category tag\">Jo\u00e3o Costa<\/a>","tag_info":"Jo\u00e3o Costa","comment_count":"0","_links":{"self":[{"href":"https:\/\/novosaopaulo.com.br\/n1\/wp-json\/wp\/v2\/posts\/27276"}],"collection":[{"href":"https:\/\/novosaopaulo.com.br\/n1\/wp-json\/wp\/v2\/posts"}],"about":[{"href":"https:\/\/novosaopaulo.com.br\/n1\/wp-json\/wp\/v2\/types\/post"}],"author":[{"embeddable":true,"href":"https:\/\/novosaopaulo.com.br\/n1\/wp-json\/wp\/v2\/users\/1"}],"replies":[{"embeddable":true,"href":"https:\/\/novosaopaulo.com.br\/n1\/wp-json\/wp\/v2\/comments?post=27276"}],"version-history":[{"count":1,"href":"https:\/\/novosaopaulo.com.br\/n1\/wp-json\/wp\/v2\/posts\/27276\/revisions"}],"predecessor-version":[{"id":27278,"href":"https:\/\/novosaopaulo.com.br\/n1\/wp-json\/wp\/v2\/posts\/27276\/revisions\/27278"}],"wp:featuredmedia":[{"embeddable":true,"href":"https:\/\/novosaopaulo.com.br\/n1\/wp-json\/wp\/v2\/media\/27277"}],"wp:attachment":[{"href":"https:\/\/novosaopaulo.com.br\/n1\/wp-json\/wp\/v2\/media?parent=27276"}],"wp:term":[{"taxonomy":"category","embeddable":true,"href":"https:\/\/novosaopaulo.com.br\/n1\/wp-json\/wp\/v2\/categories?post=27276"},{"taxonomy":"post_tag","embeddable":true,"href":"https:\/\/novosaopaulo.com.br\/n1\/wp-json\/wp\/v2\/tags?post=27276"}],"curies":[{"name":"wp","href":"https:\/\/api.w.org\/{rel}","templated":true}]}}