{"id":27273,"date":"2025-12-11T20:26:06","date_gmt":"2025-12-11T23:26:06","guid":{"rendered":"https:\/\/novosaopaulo.com.br\/n1\/?p=27273"},"modified":"2025-12-11T20:26:07","modified_gmt":"2025-12-11T23:26:07","slug":"agora-tem-especialistas-ministerio-da-saude-lanca-em-sao-caetano-do-sul-sp-carreta-de-saude-da-mulher-para-diagnostico-precoce-do-cancer-de-mama-e-do-colo-do-utero","status":"publish","type":"post","link":"https:\/\/novosaopaulo.com.br\/n1\/agora-tem-especialistas-ministerio-da-saude-lanca-em-sao-caetano-do-sul-sp-carreta-de-saude-da-mulher-para-diagnostico-precoce-do-cancer-de-mama-e-do-colo-do-utero\/","title":{"rendered":"Agora Tem Especialistas: Minist\u00e9rio da Sa\u00fade lan\u00e7a em S\u00e3o Caetano do Sul (SP) carreta de sa\u00fade da mulher para diagn\u00f3stico precoce do c\u00e2ncer de mama e do colo do \u00fatero"},"content":{"rendered":"\n<p>Nesta sexta-feira (12\/12), \u00e0s 10h, o assessor especial do Minist\u00e9rio da Sa\u00fade, F\u00e1bio Manzini, e a superintendente do Minist\u00e9rio da Sa\u00fade em S\u00e3o Paulo, Cl\u00e1udia Maria Afonso de Castro, anunciam a chegada da carreta de sa\u00fade da mulher do programa Agora Tem Especialistas para atendimento da popula\u00e7\u00e3o de S\u00e3o Caetano do Sul (SP).<\/p>\n\n\n\n<p>Com foco no diagn\u00f3stico precoce do c\u00e2ncer de mama e de colo de \u00fatero, a unidade m\u00f3vel do governo federal ofertar\u00e1 procedimentos, como consultas, mamografias e at\u00e9 bi\u00f3psia para as pacientes agendadas e encaminhadas pelo munic\u00edpio.<\/p>\n\n\n\n<p>Totalmente estruturada com insumos, equipamentos e uma equipe multiprofissional, a carreta est\u00e1 posicionada na Av. Goi\u00e1s, 388, local onde o lan\u00e7amento vai acontecer.<\/p>\n\n\n\n<p>Ao todo, a partir desta sexta-feira (12\/12), 41 carretas de sa\u00fade da mulher, oftalmol\u00f3gicas e de exames de imagem est\u00e3o atendendo pacientes do SUS em todos os estados e no DF pelo Agora Tem Especialistas. O objetivo do programa \u00e9 aumentar a capacidade da rede p\u00fablica a fim de reduzir o tempo de espera por consultas, exames e cirurgias.<\/p>\n\n\n\n<p>A imprensa ser\u00e1 atendida em frente \u00e0 carreta<\/p>\n\n\n\n<p>SERVI\u00c7O<\/p>\n\n\n\n<p>Lan\u00e7amento da carreta de sa\u00fade da mulher em S\u00e3o Caetano do Sul (SP)<\/p>\n\n\n\n<p>\ud83d\uddd3\ufe0f Data: 12\/12\/2025 (sexta-feira)<br>\ud83d\udd59 Hor\u00e1rio: 10h<br>\ud83d\udccd Local: Av. Goi\u00e1s, 388, S\u00e3o Caetano do Sul\/SP<\/p>\n","protected":false},"excerpt":{"rendered":"<p>Nesta sexta-feira (12\/12), \u00e0s 10h, o assessor especial do Minist\u00e9rio da Sa\u00fade, F\u00e1bio Manzini, e&#8230;<\/p>\n","protected":false},"author":1,"featured_media":27274,"comment_status":"open","ping_status":"open","sticky":false,"template":"","format":"standard","meta":{"footnotes":""},"categories":[2],"tags":[],"featured_image_urls":{"full":["https:\/\/novosaopaulo.com.br\/n1\/wp-content\/uploads\/2025\/12\/carreta-agora-tem-especialistas.jpg",1080,720,false],"thumbnail":["https:\/\/novosaopaulo.com.br\/n1\/wp-content\/uploads\/2025\/12\/carreta-agora-tem-especialistas-150x150.jpg",150,150,true],"medium":["https:\/\/novosaopaulo.com.br\/n1\/wp-content\/uploads\/2025\/12\/carreta-agora-tem-especialistas-300x200.jpg",300,200,true],"medium_large":["https:\/\/novosaopaulo.com.br\/n1\/wp-content\/uploads\/2025\/12\/carreta-agora-tem-especialistas-768x512.jpg",640,427,true],"large":["https:\/\/novosaopaulo.com.br\/n1\/wp-content\/uploads\/2025\/12\/carreta-agora-tem-especialistas-1024x683.jpg",640,427,true],"1536x1536":["https:\/\/novosaopaulo.com.br\/n1\/wp-content\/uploads\/2025\/12\/carreta-agora-tem-especialistas.jpg",1080,720,false],"2048x2048":["https:\/\/novosaopaulo.com.br\/n1\/wp-content\/uploads\/2025\/12\/carreta-agora-tem-especialistas.jpg",1080,720,false],"newsever-slider-full":["https:\/\/novosaopaulo.com.br\/n1\/wp-content\/uploads\/2025\/12\/carreta-agora-tem-especialistas.jpg",1080,720,false],"newsever-featured":["https:\/\/novosaopaulo.com.br\/n1\/wp-content\/uploads\/2025\/12\/carreta-agora-tem-especialistas-1024x683.jpg",1024,683,true],"newsever-medium":["https:\/\/novosaopaulo.com.br\/n1\/wp-content\/uploads\/2025\/12\/carreta-agora-tem-especialistas-720x475.jpg",720,475,true]},"author_info":{"display_name":"Reda\u00e7\u00e3o","author_link":"https:\/\/novosaopaulo.com.br\/n1\/author\/g5poa\/"},"category_info":"<a href=\"https:\/\/novosaopaulo.com.br\/n1\/category\/cidades\/\" rel=\"category tag\">Cidades<\/a>","tag_info":"Cidades","comment_count":"0","_links":{"self":[{"href":"https:\/\/novosaopaulo.com.br\/n1\/wp-json\/wp\/v2\/posts\/27273"}],"collection":[{"href":"https:\/\/novosaopaulo.com.br\/n1\/wp-json\/wp\/v2\/posts"}],"about":[{"href":"https:\/\/novosaopaulo.com.br\/n1\/wp-json\/wp\/v2\/types\/post"}],"author":[{"embeddable":true,"href":"https:\/\/novosaopaulo.com.br\/n1\/wp-json\/wp\/v2\/users\/1"}],"replies":[{"embeddable":true,"href":"https:\/\/novosaopaulo.com.br\/n1\/wp-json\/wp\/v2\/comments?post=27273"}],"version-history":[{"count":1,"href":"https:\/\/novosaopaulo.com.br\/n1\/wp-json\/wp\/v2\/posts\/27273\/revisions"}],"predecessor-version":[{"id":27275,"href":"https:\/\/novosaopaulo.com.br\/n1\/wp-json\/wp\/v2\/posts\/27273\/revisions\/27275"}],"wp:featuredmedia":[{"embeddable":true,"href":"https:\/\/novosaopaulo.com.br\/n1\/wp-json\/wp\/v2\/media\/27274"}],"wp:attachment":[{"href":"https:\/\/novosaopaulo.com.br\/n1\/wp-json\/wp\/v2\/media?parent=27273"}],"wp:term":[{"taxonomy":"category","embeddable":true,"href":"https:\/\/novosaopaulo.com.br\/n1\/wp-json\/wp\/v2\/categories?post=27273"},{"taxonomy":"post_tag","embeddable":true,"href":"https:\/\/novosaopaulo.com.br\/n1\/wp-json\/wp\/v2\/tags?post=27273"}],"curies":[{"name":"wp","href":"https:\/\/api.w.org\/{rel}","templated":true}]}}